{"id":106166,"date":"2017-01-04T16:15:54","date_gmt":"2017-01-04T18:15:54","guid":{"rendered":"http:\/\/aconteceunovale.com.br\/portal\/?p=106166"},"modified":"2017-01-04T16:15:54","modified_gmt":"2017-01-04T18:15:54","slug":"cavalo-comove-familia-ao-se-despedir-do-dono-morto-em-acidente","status":"publish","type":"post","link":"https:\/\/aconteceunovale.com.br\/portal\/?p=106166","title":{"rendered":"Cavalo comove fam\u00edlia ao &#8216;se despedir&#8217; do dono morto em acidente"},"content":{"rendered":"<p>Um cavalo comoveu a fam\u00edlia e os amigos do vaqueiro paraibano Wagner Figueiredo de Lima, que morreu em um acidente de moto na madrugada do dia 1\u00ba de janeiro de 2017. O animal foi levado para se despedir do dono &#8211; e ao ser colocado pr\u00f3ximo ao ve\u00edculo onde estava o corpo, deitou a cabe\u00e7a sobre o caix\u00e3o, um momento que chamou a aten\u00e7\u00e3o de todos que foram ao vel\u00f3rio de Wagner de Lima. O enterro do vaqueiro aconteceu na tarde desta ter\u00e7a-feira (3) na cidade de Cajazeiras, Sert\u00e3o da Para\u00edba. <\/p>\n<p>\u201cEsse cavalo era tudo para ele [Wagner], era como se o cavalo soubesse o que estava acontecendo e quisesse se despedir. Durante todo o trajeto at\u00e9 o cemit\u00e9rio ele relinchava e batia com as patas no ch\u00e3o\u201d, disse Wando de Lima, irm\u00e3o de Wagner. Wando teve a ideia de levar o cavalo para o enterro do irm\u00e3o e organizou as homenagens junto com outros vaqueiros e amigos de Wagner.<\/p>\n<p><img decoding=\"async\" src=\"http:\/\/aconteceunovale.com.br\/portal\/wp-content\/uploads\/2017\/01\/cavalo_sereno_1.jpg\" alt=\"\" \/><em>Levado para enterro pelo irm\u00e3o do vaqueiro, cavalo Sereno relinchava, batia as patas e deitou a cabe\u00e7a sobre o caix\u00e3o do dono, na Para\u00edba (Foto: Kyioshi Abreu\/Di\u00e1rio do Sert\u00e3o)<\/em><br \/>\n<\/br><\/p>\n<p>Com a morte do irm\u00e3o, Wando disse que vai assumir a responsabilidade de manter e cuidar de &#8220;Sereno&#8221;.<\/p>\n<p>Segundo ele, o cavalo, que j\u00e1 estava h\u00e1 oito anos com Wagner, vai ficar &#8220;para sempre&#8221; com a fam\u00edlia.<\/p>\n<p>Wagner de Lima Figueiredo tinha 34 anos e al\u00e9m de vaqueiro era funcion\u00e1rio da Prefeitura de Cajazeiras, no sert\u00e3o da Para\u00edba. Ele morreu na madrugada do dia 1\u00ba em um acidente de moto no estado do Rio Grande do Norte. o servidor p\u00fablico estava sozinho na motocicleta e chegou a ser socorrido para um hospital da cidade de Mossor\u00f3, onde passou por cirurgia, mas morreu.<\/p>\n<p><img decoding=\"async\" src=\"http:\/\/aconteceunovale.com.br\/portal\/wp-content\/uploads\/2017\/01\/cavalo_sereno_2.jpg\" alt=\"\" \/><em>Ap\u00f3s enterro em Cajazeiras, irm\u00e3o do vaqueiro morto disse que vai adotar o cavalo Sereno e manter o animal com a fam\u00edlia (Foto: Kyioshi Abreu\/Di\u00e1rio do Sert\u00e3o)<\/em><br \/>\n<\/br><\/p>\n<p><strong>V\u00cdDEO<\/strong><\/p>\n<p><iframe loading=\"lazy\" width=\"640\" height=\"360\" src=\"https:\/\/www.youtube.com\/embed\/N-P49smwaCs\" frameborder=\"0\" allowfullscreen><\/iframe><br \/>\n<\/br><\/p>\n<p><strong>VER PRIMEIRO<\/strong><\/p>\n<p><strong>Receba as not\u00edcias do Aconteceu no Vale em primeira m\u00e3o. Clique em curtir no endere\u00e7o <a href=\"https:\/\/www.facebook.com\/aconteceunovale\" target=\"_blank\"><font color=\"red\">www.facebook.com\/aconteceunovale<\/font><\/a> ou no box abaixo:<\/strong><\/p>\n<div class=\"fb-like\" data-href=\"https:\/\/www.facebook.com\/aconteceunovale\" data-width=\"120\" data-layout=\"standard\" data-action=\"like\" data-size=\"small\" data-show-faces=\"true\" data-share=\"true\"><\/div>\n<p><\/br><\/p>\n<p><em>(Fonte: G1 PB)<\/em><\/p>\n","protected":false},"excerpt":{"rendered":"<p>Um cavalo comoveu a fam\u00edlia e os amigos do vaqueiro paraibano Wagner Figueiredo de Lima, que morreu em um acidente de moto na madrugada do dia 1\u00ba de janeiro de 2017. O animal foi levado para se despedir do dono &#8211; e ao ser colocado pr\u00f3ximo ao ve\u00edculo onde estava o corpo, deitou a cabe\u00e7a [&hellip;]<\/p>\n","protected":false},"author":1,"featured_media":106167,"comment_status":"open","ping_status":"closed","sticky":false,"template":"","format":"standard","meta":{"amp_status":"","footnotes":""},"categories":[6],"tags":[134430,134439,134438,134426,134440,134434,134436,134437,134433,134431,134427,134429,134435,134428,134432],"class_list":["post-106166","post","type-post","status-publish","format-standard","has-post-thumbnail","hentry","category-br","tag-cajazeiras","tag-cavalo-comove-familia","tag-cavalo-comove-familia-ao-se-despedir-do-dono-morto-em-acidente","tag-cavalo-comoveu-a-familia-e-os-amigos-do-vaqueiro-paraibano-wagner-figueiredo-de-lima","tag-cavalo-se-despedindo-do-dono-morto-em-acidente","tag-cavalo-sereno","tag-funcionario-da-prefeitura-de-cajazeiras","tag-prefeitura-de-cajazeiras","tag-sereno","tag-sertao-da-paraiba","tag-vaqueiro-paraibano-wagner-figueiredo-de-lima","tag-wagner-de-lima","tag-wagner-de-lima-figueiredo","tag-wagner-figueiredo-de-lima","tag-wando-de-lima"],"_links":{"self":[{"href":"https:\/\/aconteceunovale.com.br\/portal\/index.php?rest_route=\/wp\/v2\/posts\/106166","targetHints":{"allow":["GET"]}}],"collection":[{"href":"https:\/\/aconteceunovale.com.br\/portal\/index.php?rest_route=\/wp\/v2\/posts"}],"about":[{"href":"https:\/\/aconteceunovale.com.br\/portal\/index.php?rest_route=\/wp\/v2\/types\/post"}],"author":[{"embeddable":true,"href":"https:\/\/aconteceunovale.com.br\/portal\/index.php?rest_route=\/wp\/v2\/users\/1"}],"replies":[{"embeddable":true,"href":"https:\/\/aconteceunovale.com.br\/portal\/index.php?rest_route=%2Fwp%2Fv2%2Fcomments&post=106166"}],"version-history":[{"count":0,"href":"https:\/\/aconteceunovale.com.br\/portal\/index.php?rest_route=\/wp\/v2\/posts\/106166\/revisions"}],"wp:featuredmedia":[{"embeddable":true,"href":"https:\/\/aconteceunovale.com.br\/portal\/index.php?rest_route=\/wp\/v2\/media\/106167"}],"wp:attachment":[{"href":"https:\/\/aconteceunovale.com.br\/portal\/index.php?rest_route=%2Fwp%2Fv2%2Fmedia&parent=106166"}],"wp:term":[{"taxonomy":"category","embeddable":true,"href":"https:\/\/aconteceunovale.com.br\/portal\/index.php?rest_route=%2Fwp%2Fv2%2Fcategories&post=106166"},{"taxonomy":"post_tag","embeddable":true,"href":"https:\/\/aconteceunovale.com.br\/portal\/index.php?rest_route=%2Fwp%2Fv2%2Ftags&post=106166"}],"curies":[{"name":"wp","href":"https:\/\/api.w.org\/{rel}","templated":true}]}}