{"id":106093,"date":"2017-01-03T19:35:08","date_gmt":"2017-01-03T21:35:08","guid":{"rendered":"http:\/\/aconteceunovale.com.br\/portal\/?p=106093"},"modified":"2017-01-03T19:35:08","modified_gmt":"2017-01-03T21:35:08","slug":"proprietario-de-mineradora-e-assassinado-no-municipio-de-carai-no-vale-do-jequitinhonha","status":"publish","type":"post","link":"https:\/\/aconteceunovale.com.br\/portal\/?p=106093","title":{"rendered":"Propriet\u00e1rio de mineradora \u00e9 assassinado no munic\u00edpio de Cara\u00ed, no Vale do Jequitinhonha"},"content":{"rendered":"<p>Um empres\u00e1rio foi assassinado na manh\u00e3 desta ter\u00e7a-feira, 3 de janeiro de 2017, na zona rural de Cara\u00ed, no Vale do Jequitinhonha. Ap\u00f3s acionamento via 190, policiais militares compareceram ao C\u00f3rrego do On\u00e7a, onde depararam com o corpo de Aldo Luiz Keller Facchini, de 48 anos, pr\u00f3ximo a uma cancela, ao lado do ve\u00edculo que conduzia. A v\u00edtima, que residia em Caratinga, no Vale do Rio Doce, apresentava uma perfura\u00e7\u00e3o no olho direito provocada por um disparo de arma de fogo. <\/p>\n<p>Funcion\u00e1rios do empres\u00e1rio relataram que ela estaria retornando de um garimpo da Mineradora Caulim, de sua propriedade, e ao parar o carro na cancela, foi surpreendido por um indiv\u00edduo armado, que se aproximou e anunciou um assalto pedindo para que todos sa\u00edssem do carro sem fazer gracinha. <\/p>\n<p>Ao sa\u00edrem do ve\u00edculo, o criminoso teria se dirigido a Aldo e falado: &#8220;voc\u00ea n\u00e3o branc\u00e3o, voc\u00ea fica&#8221;. As testemunhas tamb\u00e9m afirmaram que o homem teria falado para sa\u00edrem do local sem olhar para tr\u00e1s. Ap\u00f3s andarem cerca de cinquenta metros, elas ouviram tr\u00eas disparos e ao retornarem, encontraram a v\u00edtima ca\u00edda ao solo, j\u00e1 sem os sinais vitais. <\/p>\n<p>Antes de evadir do local, o criminoso subtraiu um IPhone 6s e um rel\u00f3gio de pulso. A Pol\u00edcia Militar realiza rastreamentos na regi\u00e3o com intuito de localizar e prender o autor. <\/p>\n<p>A Per\u00edcia T\u00e9cnica da Pol\u00edcia Civil compareceu ao local do crime e ap\u00f3s os trabalhos de praxe, o corpo foi removido ao Instituto M\u00e9dico Legal (IML) em Te\u00f3filo Otoni. O crime ser\u00e1 investigado pela Pol\u00edcia Civil.<\/p>\n<p><img decoding=\"async\" src=\"http:\/\/aconteceunovale.com.br\/portal\/wp-content\/uploads\/2017\/01\/minerador_1.jpg\" alt=\"\" \/><em>Aldo Luiz Keller Facchini tinha 48 anos (Foto: Reprodu\u00e7\u00e3o\/Arquivo Pessoal)<\/em><br \/>\n<\/br><\/p>\n<p><strong>VER PRIMEIRO<\/strong><\/p>\n<p><strong>Receba as not\u00edcias do Aconteceu no Vale em primeira m\u00e3o. Clique em curtir no endere\u00e7o <a href=\"https:\/\/www.facebook.com\/aconteceunovale\" target=\"_blank\"><font color=\"red\">www.facebook.com\/aconteceunovale<\/font><\/a> ou no box abaixo:<\/strong><\/p>\n<div class=\"fb-like\" data-href=\"https:\/\/www.facebook.com\/aconteceunovale\" data-width=\"120\" data-layout=\"standard\" data-action=\"like\" data-size=\"small\" data-show-faces=\"true\" data-share=\"true\"><\/div>\n<p><\/br><\/p>\n","protected":false},"excerpt":{"rendered":"<p>Um empres\u00e1rio foi assassinado na manh\u00e3 desta ter\u00e7a-feira, 3 de janeiro de 2017, na zona rural de Cara\u00ed, no Vale do Jequitinhonha. Ap\u00f3s acionamento via 190, policiais militares compareceram ao C\u00f3rrego do On\u00e7a, onde depararam com o corpo de Aldo Luiz Keller Facchini, de 48 anos, pr\u00f3ximo a uma cancela, ao lado do ve\u00edculo que [&hellip;]<\/p>\n","protected":false},"author":1,"featured_media":106094,"comment_status":"open","ping_status":"closed","sticky":false,"template":"","format":"standard","meta":{"amp_status":"","footnotes":""},"categories":[121,120],"tags":[134304,48308,134302,32713,134310,490,660,134306,134308,134305,32714,134301,134303,134309,134307],"class_list":["post-106093","post","type-post","status-publish","format-standard","has-post-thumbnail","hentry","category-leste","category-jequi","tag-aldo-luiz-keller-facchini","tag-assassinado-em-carai","tag-assassinato-do-proprietario-da-mineradora-caulin","tag-assassinato-em-carai","tag-assassinato-empresario-de-caratinga","tag-carai","tag-catuji","tag-empresario-assassinado-em-carai","tag-empresario-de-caratinga","tag-empresario-morto-em-carai","tag-homicidio-em-carai","tag-mineradora-caulin","tag-morte-do-proprietario-da-mineradora-caulin","tag-morte-empresario-de-caratinga","tag-proprietario-de-mineradora-e-assassinado-no-municipio-de-carai"],"_links":{"self":[{"href":"https:\/\/aconteceunovale.com.br\/portal\/index.php?rest_route=\/wp\/v2\/posts\/106093","targetHints":{"allow":["GET"]}}],"collection":[{"href":"https:\/\/aconteceunovale.com.br\/portal\/index.php?rest_route=\/wp\/v2\/posts"}],"about":[{"href":"https:\/\/aconteceunovale.com.br\/portal\/index.php?rest_route=\/wp\/v2\/types\/post"}],"author":[{"embeddable":true,"href":"https:\/\/aconteceunovale.com.br\/portal\/index.php?rest_route=\/wp\/v2\/users\/1"}],"replies":[{"embeddable":true,"href":"https:\/\/aconteceunovale.com.br\/portal\/index.php?rest_route=%2Fwp%2Fv2%2Fcomments&post=106093"}],"version-history":[{"count":0,"href":"https:\/\/aconteceunovale.com.br\/portal\/index.php?rest_route=\/wp\/v2\/posts\/106093\/revisions"}],"wp:featuredmedia":[{"embeddable":true,"href":"https:\/\/aconteceunovale.com.br\/portal\/index.php?rest_route=\/wp\/v2\/media\/106094"}],"wp:attachment":[{"href":"https:\/\/aconteceunovale.com.br\/portal\/index.php?rest_route=%2Fwp%2Fv2%2Fmedia&parent=106093"}],"wp:term":[{"taxonomy":"category","embeddable":true,"href":"https:\/\/aconteceunovale.com.br\/portal\/index.php?rest_route=%2Fwp%2Fv2%2Fcategories&post=106093"},{"taxonomy":"post_tag","embeddable":true,"href":"https:\/\/aconteceunovale.com.br\/portal\/index.php?rest_route=%2Fwp%2Fv2%2Ftags&post=106093"}],"curies":[{"name":"wp","href":"https:\/\/api.w.org\/{rel}","templated":true}]}}