{"id":106083,"date":"2017-01-03T18:11:12","date_gmt":"2017-01-03T20:11:12","guid":{"rendered":"http:\/\/aconteceunovale.com.br\/portal\/?p=106083"},"modified":"2017-01-03T18:11:12","modified_gmt":"2017-01-03T20:11:12","slug":"projetos-de-recuperacao-de-nascentes-em-minas-gerais-espirito-santo-e-santa-catarina-receberam-r-82-milhoes","status":"publish","type":"post","link":"https:\/\/aconteceunovale.com.br\/portal\/?p=106083","title":{"rendered":"Projetos de recupera\u00e7\u00e3o de nascentes em Minas Gerais, Esp\u00edrito Santo e Santa Catarina receberam R$ 8,2 milh\u00f5es"},"content":{"rendered":"<p>Esp\u00edrito Santo, Santa Catarina e Minas Gerais receberam, juntos, R$ 8,2 milh\u00f5es para projetos de recupera\u00e7\u00e3o de nascentes em \u00e1reas de preserva\u00e7\u00e3o permanente. Os recursos foram repassados pelo Fundo Nacional do Meio Ambiente (FNMA).<\/p>\n<p>O repasse, efetuado na \u00faltima semana de dezembro de 2016, contemplou inscritos no edital de Recupera\u00e7\u00e3o de \u00c1reas de Preserva\u00e7\u00e3o Permanente para Produ\u00e7\u00e3o de \u00c1gua, publicado em janeiro de  2015.<\/p>\n<p>\u201cOs tr\u00eas projetos, celebrados em dezembro, consolidam a parceria hist\u00f3rica do FNMA com as organiza\u00e7\u00f5es da sociedade civil em prol da conserva\u00e7\u00e3o e recupera\u00e7\u00e3o do meio ambiente\u201d, comemorou o ministro do Meio Ambiente, Sarney Filho. <\/p>\n<p>A a\u00e7\u00e3o selecionou projetos voltados \u00e0 recupera\u00e7\u00e3o florestal em \u00e1reas de preserva\u00e7\u00e3o permanente localizadas em bacias hidrogr\u00e1ficas, cujos mananciais de superf\u00edcie contribuam para o abastecimento de reservat\u00f3rios de regi\u00f5es metropolitanas com alto \u00edndice de criticidade h\u00eddrica.  <\/p>\n<p>O edital conta com recursos do Fundo Clima, Fundo Nacional de Desenvolvimento Florestal, Fundo Socioambiental Caixa, Fundo de Defesa dos Direitos Difusos do Minist\u00e9rio da Justi\u00e7a e Ag\u00eancia Nacional de \u00c1guas, com investimento de R$ 45 milh\u00f5es.<\/p>\n<p><img decoding=\"async\" src=\"http:\/\/aconteceunovale.com.br\/portal\/wp-content\/uploads\/2017\/01\/nascentes_recuperacao.jpeg\" alt=\"\" \/><em>Os recursos ser\u00e3o utilizados para recuperar nascentes (Paulo de Ara\u00fajo\/MMA)<\/em><br \/>\n<\/br><\/p>\n<p><strong>Projetos<\/strong><\/p>\n<p>O Instituto Brasileiro do Mar (Ibramar), localizado no Esp\u00edrito Santo, recebeu R$ 2,8 milh\u00f5es para a recupera\u00e7\u00e3o florestal em \u00e1reas de preserva\u00e7\u00e3o permanente, no entorno de nascentes e faixas marginais dos cursos d\u2019\u00e1gua da Bacia Hidrogr\u00e1fica do Rio Jucu, munic\u00edpio de Domingos Martins.<\/p>\n<p>Os mananciais de superf\u00edcie desse rio contribuem para o abastecimento dos reservat\u00f3rios da regi\u00e3o metropolitana da Grande Vit\u00f3ria. <\/p>\n<p>A \u00e1rea do projeto est\u00e1 inserida no bioma Mata Atl\u00e2ntica, considerada \u00e1rea priorit\u00e1ria de import\u00e2ncia biol\u00f3gica extremamente alta para conserva\u00e7\u00e3o, uso sustent\u00e1vel e reparti\u00e7\u00e3o de benef\u00edcios da biodiversidade brasileira.<\/p>\n<p>Aproximadamente 602 fam\u00edlias ser\u00e3o beneficiadas diretamente, e indiretamente, professores, alunos, gestores p\u00fablicos, lideran\u00e7as comunit\u00e1rias e organiza\u00e7\u00f5es civis organizadas.<\/p>\n<p><strong>Santa Catarina<\/strong><\/p>\n<p>J\u00e1 a Associa\u00e7\u00e3o dos Munic\u00edpios do Vale do Itapocu dispor\u00e1 de R$ 2,9 milh\u00f5es para recuperar rios em \u00e1reas de nascentes e matas ciliares, que contribuem para o abastecimento de munic\u00edpios da regi\u00e3o nordeste catarinense da Bacia Hidrogr\u00e1fica do Rio Itapocu, no bioma Mata Atl\u00e2ntica. <\/p>\n<p>Foram identificadas 66 nascentes a serem recuperadas. Para execu\u00e7\u00e3o do projeto ser\u00e1 utilizado o Viveiro Municipal de Corup\u00e1, onde ser\u00e3o recebidas, guardadas e cuidadas as mudas adquiridas para posterior plantio nas \u00e1reas degradadas.<\/p>\n<p>O principal uso do solo nas \u00e1reas de preserva\u00e7\u00e3o permanente no Vale do Itapocu \u00e9 a agricultura, em especial a bananicultura e a rizicultura, havendo tamb\u00e9m povoamento de esp\u00e9cies ex\u00f3ticas (eucaliptos, plantas ornamentais e palmeira-real), outras culturas e tamb\u00e9m muitas pastagens.<\/p>\n<p><strong>Minas Gerais<\/strong><\/p>\n<p>A Funda\u00e7\u00e3o Biodiversitas para a Conserva\u00e7\u00e3o da Diversidade Biol\u00f3gica receber\u00e1 R$ 2,5 milh\u00f5es para recupera\u00e7\u00e3o florestal das \u00e1reas de preserva\u00e7\u00e3o permanente que contribuem para o abastecimento da regi\u00e3o metropolitana de Belo Horizonte, Minas Gerais.<\/p>\n<p>A regi\u00e3o conta com 1,7 milh\u00e3o de pessoas, abastecidas de \u00e1gua principalmente pelos sistemas do Rio Paraopeba e do Rio das Velhas. <\/p>\n<p>Os projetos de restaura\u00e7\u00e3o ser\u00e3o desenvolvidos na \u00e1rea de prote\u00e7\u00e3o especial do Rio Manso, criada pelo decreto estadual 27.928 de 1988 para proteger o manancial nos munic\u00edpios de Brumadinho, Rio Manso e Itatiaiu\u00e7u.<\/p>\n<p>E pretende restaurar cerca de 410 hectares ao longo de cursos d\u2019\u00e1gua e nascentes de pequenas propriedades de agricultores familiares, com propriedade de at\u00e9 quatro m\u00f3dulos fiscais. Agricultores j\u00e1 inscritos do Cadastro Ambiental Rural (CAR) de Minas Gerais ter\u00e3o prioridade e ser\u00e1 dada assist\u00eancia aqueles que ainda n\u00e3o fizeram o CAR.<\/p>\n<p><strong>VER PRIMEIRO<\/strong><\/p>\n<p><strong>Receba as not\u00edcias do Aconteceu no Vale em primeira m\u00e3o. Clique em curtir no endere\u00e7o <a href=\"https:\/\/www.facebook.com\/aconteceunovale\" target=\"_blank\"><font color=\"red\">www.facebook.com\/aconteceunovale<\/font><\/a> ou no box abaixo:<\/strong><\/p>\n<div class=\"fb-like\" data-href=\"https:\/\/www.facebook.com\/aconteceunovale\" data-width=\"120\" data-layout=\"standard\" data-action=\"like\" data-size=\"small\" data-show-faces=\"true\" data-share=\"true\"><\/div>\n<p><\/br><\/p>\n<p><em>(Portal Brasil)<\/em><\/p>\n","protected":false},"excerpt":{"rendered":"<p>Esp\u00edrito Santo, Santa Catarina e Minas Gerais receberam, juntos, R$ 8,2 milh\u00f5es para projetos de recupera\u00e7\u00e3o de nascentes em \u00e1reas de preserva\u00e7\u00e3o permanente. Os recursos foram repassados pelo Fundo Nacional do Meio Ambiente (FNMA). O repasse, efetuado na \u00faltima semana de dezembro de 2016, contemplou inscritos no edital de Recupera\u00e7\u00e3o de \u00c1reas de Preserva\u00e7\u00e3o Permanente [&hellip;]<\/p>\n","protected":false},"author":1,"featured_media":106084,"comment_status":"open","ping_status":"closed","sticky":false,"template":"","format":"standard","meta":{"amp_status":"","footnotes":""},"categories":[6,123],"tags":[751,134285,134281,134282,194,4484,134277,134283,134276,134279,134280,8365,131,93880,134284,134274,134273,134275,134278,20104,15363,76507],"class_list":["post-106083","post","type-post","status-publish","format-standard","has-post-thumbnail","hentry","category-br","category-gerais","tag-agricultura-familiar","tag-areas-de-protecao-permanente","tag-associacao-dos-municipios-do-vale-do-itapocu","tag-bacia-hidrografica-do-rio-itapocu","tag-belo-horizonte","tag-espirito-santo","tag-fnma","tag-fundacao-biodiversitas-para-a-conservacao-da-diversidade-biologica","tag-fundo-nacional-do-meio-ambiente","tag-ibramar","tag-instituto-brasileiro-do-mar","tag-mata-atlantica","tag-minas-gerais","tag-ministro-do-meio-ambiente","tag-nascentes","tag-projetos-de-recuperacao-de-nascentes-em-espirito-santo","tag-projetos-de-recuperacao-de-nascentes-em-minas-gerais","tag-projetos-de-recuperacao-de-nascentes-em-santa-catarina","tag-recuperacao-de-areas-de-preservacao-permanente-para-producao-de-agua","tag-rios","tag-santa-catarina","tag-sarney-filho"],"_links":{"self":[{"href":"https:\/\/aconteceunovale.com.br\/portal\/index.php?rest_route=\/wp\/v2\/posts\/106083","targetHints":{"allow":["GET"]}}],"collection":[{"href":"https:\/\/aconteceunovale.com.br\/portal\/index.php?rest_route=\/wp\/v2\/posts"}],"about":[{"href":"https:\/\/aconteceunovale.com.br\/portal\/index.php?rest_route=\/wp\/v2\/types\/post"}],"author":[{"embeddable":true,"href":"https:\/\/aconteceunovale.com.br\/portal\/index.php?rest_route=\/wp\/v2\/users\/1"}],"replies":[{"embeddable":true,"href":"https:\/\/aconteceunovale.com.br\/portal\/index.php?rest_route=%2Fwp%2Fv2%2Fcomments&post=106083"}],"version-history":[{"count":0,"href":"https:\/\/aconteceunovale.com.br\/portal\/index.php?rest_route=\/wp\/v2\/posts\/106083\/revisions"}],"wp:featuredmedia":[{"embeddable":true,"href":"https:\/\/aconteceunovale.com.br\/portal\/index.php?rest_route=\/wp\/v2\/media\/106084"}],"wp:attachment":[{"href":"https:\/\/aconteceunovale.com.br\/portal\/index.php?rest_route=%2Fwp%2Fv2%2Fmedia&parent=106083"}],"wp:term":[{"taxonomy":"category","embeddable":true,"href":"https:\/\/aconteceunovale.com.br\/portal\/index.php?rest_route=%2Fwp%2Fv2%2Fcategories&post=106083"},{"taxonomy":"post_tag","embeddable":true,"href":"https:\/\/aconteceunovale.com.br\/portal\/index.php?rest_route=%2Fwp%2Fv2%2Ftags&post=106083"}],"curies":[{"name":"wp","href":"https:\/\/api.w.org\/{rel}","templated":true}]}}