{"id":106077,"date":"2017-01-03T17:52:20","date_gmt":"2017-01-03T19:52:20","guid":{"rendered":"http:\/\/aconteceunovale.com.br\/portal\/?p=106077"},"modified":"2017-01-03T18:56:18","modified_gmt":"2017-01-03T20:56:18","slug":"governo-federal-reconhece-situacao-de-emergencia-em-quatro-municipios-de-minas-gerais","status":"publish","type":"post","link":"https:\/\/aconteceunovale.com.br\/portal\/?p=106077","title":{"rendered":"Governo Federal reconhece situa\u00e7\u00e3o de emerg\u00eancia em quatro munic\u00edpios de Minas Gerais"},"content":{"rendered":"<p>Nesta ter\u00e7a-feira (3\/1\/2017), o <a href=\"http:\/\/pesquisa.in.gov.br\/imprensa\/jsp\/visualiza\/index.jsp?data=03\/01\/2017&#038;jornal=1&#038;pagina=96&#038;totalArquivos=128\" target=\"_blank\"><font color=\"blue\">Minist\u00e9rio da Integra\u00e7\u00e3o Nacional reconheceu a situa\u00e7\u00e3o de emerg\u00eancia em 11 munic\u00edpios nos estados de Alagoas, Bahia, Minas Gerais, Piau\u00ed, Sergipe e Rio Grande do Sul<\/font><\/a>. Com a medida, que seguir\u00e1 em vigor por 180 dias, as cidades ter\u00e3o acesso \u00e0s a\u00e7\u00f5es de apoio da Secretaria Nacional de Prote\u00e7\u00e3o e Defesa Civil (Sedec) para socorro, assist\u00eancia, restabelecimento de servi\u00e7os essenciais e recupera\u00e7\u00e3o de \u00e1reas danificadas.<\/p>\n<p>A seca levou \u00e0 situa\u00e7\u00e3o de emerg\u00eancia seis munic\u00edpios em quatro estados: Ja\u00edba e Rubim (MG), Coivaras (PI), Feira Nova e Po\u00e7o Redondo (SE) e Mar Vermelho (AL). J\u00e1 no Rio Grande do Sul, as cidades de Ibirapuit\u00e3 e Tio Hugo foram contempladas em fun\u00e7\u00e3o de vendavais que atingiram a regi\u00e3o.<\/p>\n<p>Os demais munic\u00edpios reconhecidos foram: Itapicuru (estiagem), na Bahia; Cora\u00e7\u00e3o de Jesus (estiagem) e Itaobim (enxurradas), em Minas Gerais.<\/p>\n<p><img decoding=\"async\" src=\"http:\/\/aconteceunovale.com.br\/portal\/wp-content\/uploads\/2017\/01\/emergencia_mg.jpeg\" alt=\"\" \/><em>Emerg\u00eancia \u00e9 mantida por 180 dias nos estados atingidos (Arquivo\/EBC)<\/em><br \/>\n<\/br><\/p>\n<p><strong>VER PRIMEIRO<\/strong><\/p>\n<p><strong>Receba as not\u00edcias do Aconteceu no Vale em primeira m\u00e3o. Clique em curtir no endere\u00e7o <a href=\"https:\/\/www.facebook.com\/aconteceunovale\" target=\"_blank\"><font color=\"red\">www.facebook.com\/aconteceunovale<\/font><\/a> ou no box abaixo:<\/strong><\/p>\n<div class=\"fb-like\" data-href=\"https:\/\/www.facebook.com\/aconteceunovale\" data-width=\"120\" data-layout=\"standard\" data-action=\"like\" data-size=\"small\" data-show-faces=\"true\" data-share=\"true\"><\/div>\n<p><\/br><\/p>\n<p><em>(Portal Brasil)<\/em><\/p>\n","protected":false},"excerpt":{"rendered":"<p>Nesta ter\u00e7a-feira (3\/1\/2017), o Minist\u00e9rio da Integra\u00e7\u00e3o Nacional reconheceu a situa\u00e7\u00e3o de emerg\u00eancia em 11 munic\u00edpios nos estados de Alagoas, Bahia, Minas Gerais, Piau\u00ed, Sergipe e Rio Grande do Sul. Com a medida, que seguir\u00e1 em vigor por 180 dias, as cidades ter\u00e3o acesso \u00e0s a\u00e7\u00f5es de apoio da Secretaria Nacional de Prote\u00e7\u00e3o e Defesa [&hellip;]<\/p>\n","protected":false},"author":1,"featured_media":106078,"comment_status":"open","ping_status":"closed","sticky":false,"template":"","format":"standard","meta":{"amp_status":"","footnotes":""},"categories":[123],"tags":[14724,2379,134247,1801,1018,134230,134244,134232,134238,134246,134242,134226,134236,134234,134228,134240,106724,134256,134253,134255,134252,134254,134249,391,134251,1058,134248,131,20026,134224,21383,44234,15954,407,128542,6532,134229,134243,134231,134237,134245,134241,134225,134235,134233,134227,134239,134250],"class_list":["post-106077","post","type-post","status-publish","format-standard","has-post-thumbnail","hentry","category-gerais","tag-alagoas","tag-bahia","tag-coivaras","tag-coracao-de-jesus","tag-destaque","tag-emergencia-em-coivaras","tag-emergencia-em-coracao-de-jesus","tag-emergencia-em-feira-nova","tag-emergencia-em-ibirapuita","tag-emergencia-em-itaobim","tag-emergencia-em-itapicuru","tag-emergencia-em-jaiba","tag-emergencia-em-mar-vermelho","tag-emergencia-em-poco-redondo","tag-emergencia-em-rubim","tag-emergencia-em-tio-hugo","tag-feira-nova","tag-governo-federal-reconhece-situacao-de-emergencia-em-coracao-de-jesus","tag-governo-federal-reconhece-situacao-de-emergencia-em-itaobim","tag-governo-federal-reconhece-situacao-de-emergencia-em-jaiba","tag-governo-federal-reconhece-situacao-de-emergencia-em-quatro-municipios-de-minas-gerais","tag-governo-federal-reconhece-situacao-de-emergencia-em-rubim","tag-ibirapuita","tag-itaobim","tag-itapicuru","tag-jaiba","tag-mar-vermelho","tag-minas-gerais","tag-ministerio-da-integracao-nacional","tag-ministerio-da-integracao-nacional-reconheceu-a-situacao-de-emergencia-em-11-municipios","tag-piaui","tag-poco-redondo","tag-rio-grande-do-sul","tag-rubim","tag-sedec","tag-sergipe","tag-situacao-de-emergencia-em-coivaras","tag-situacao-de-emergencia-em-coracao-de-jesus","tag-situacao-de-emergencia-em-feira-nova","tag-situacao-de-emergencia-em-ibirapuita","tag-situacao-de-emergencia-em-itaobim","tag-situacao-de-emergencia-em-itapicuru","tag-situacao-de-emergencia-em-jaiba","tag-situacao-de-emergencia-em-mar-vermelho","tag-situacao-de-emergencia-em-poco-redondo","tag-situacao-de-emergencia-em-rubim","tag-situacao-de-emergencia-em-tio-hugo","tag-tio-hugo"],"_links":{"self":[{"href":"https:\/\/aconteceunovale.com.br\/portal\/index.php?rest_route=\/wp\/v2\/posts\/106077","targetHints":{"allow":["GET"]}}],"collection":[{"href":"https:\/\/aconteceunovale.com.br\/portal\/index.php?rest_route=\/wp\/v2\/posts"}],"about":[{"href":"https:\/\/aconteceunovale.com.br\/portal\/index.php?rest_route=\/wp\/v2\/types\/post"}],"author":[{"embeddable":true,"href":"https:\/\/aconteceunovale.com.br\/portal\/index.php?rest_route=\/wp\/v2\/users\/1"}],"replies":[{"embeddable":true,"href":"https:\/\/aconteceunovale.com.br\/portal\/index.php?rest_route=%2Fwp%2Fv2%2Fcomments&post=106077"}],"version-history":[{"count":0,"href":"https:\/\/aconteceunovale.com.br\/portal\/index.php?rest_route=\/wp\/v2\/posts\/106077\/revisions"}],"wp:featuredmedia":[{"embeddable":true,"href":"https:\/\/aconteceunovale.com.br\/portal\/index.php?rest_route=\/wp\/v2\/media\/106078"}],"wp:attachment":[{"href":"https:\/\/aconteceunovale.com.br\/portal\/index.php?rest_route=%2Fwp%2Fv2%2Fmedia&parent=106077"}],"wp:term":[{"taxonomy":"category","embeddable":true,"href":"https:\/\/aconteceunovale.com.br\/portal\/index.php?rest_route=%2Fwp%2Fv2%2Fcategories&post=106077"},{"taxonomy":"post_tag","embeddable":true,"href":"https:\/\/aconteceunovale.com.br\/portal\/index.php?rest_route=%2Fwp%2Fv2%2Ftags&post=106077"}],"curies":[{"name":"wp","href":"https:\/\/api.w.org\/{rel}","templated":true}]}}