{"id":106059,"date":"2017-01-03T15:37:48","date_gmt":"2017-01-03T17:37:48","guid":{"rendered":"http:\/\/aconteceunovale.com.br\/portal\/?p=106059"},"modified":"2017-01-03T18:56:23","modified_gmt":"2017-01-03T20:56:23","slug":"o-que-capelinha-viveu-ate-agora-e-apenas-sobra-do-que-vira-diz-prefeito-tadeuzinho-abreu","status":"publish","type":"post","link":"https:\/\/aconteceunovale.com.br\/portal\/?p=106059","title":{"rendered":"\u201cO que Capelinha viveu at\u00e9 agora \u00e9 apenas sobra do que vir\u00e1\u201d, diz prefeito Tadeuzinho Abreu"},"content":{"rendered":"<p>Ap\u00f3s ser empossado prefeito de Capelinha, Tadeu Filipe Fernandes de Abreu, o Tadeuzinho (PSC), de 30 anos, discursou pela primeira vez como chefe do Executivo de uma das principais cidades do Vale do Jequitinhonha e falou sobre diversos assuntos. Confira: <\/p>\n<p><em>\u201cParabenizo a todos os vereadores eleitos, cumprimento autoridades e o povo, cumprimento o vereador Gedalvo pela conquista e parabenizo o vereador Gilmar Santos pela coragem e pela ousadia de concorrer \u00e0 presid\u00eancia da C\u00e2mara. Convido o vereador Cleuber Luiz para ser o l\u00edder do Governo na C\u00e2mara. \u00c9 uma satisfa\u00e7\u00e3o muito grande de, aos 30 anos de idade, tomar posse como prefeito de Capelinha. Sinto-me extremamente honrado e agradecido a toda a popula\u00e7\u00e3o capelinhense, tanto quem votou em mim quanto quem n\u00e3o votou, porque faz parte do processo democr\u00e1tico\u201d.<\/em><\/p>\n<p><img decoding=\"async\" src=\"http:\/\/aconteceunovale.com.br\/portal\/wp-content\/uploads\/2017\/01\/tadeuzinho_empossado_1.jpg\" alt=\"\" \/><em>Tadeuzinho \u00e9 observado por vereadores em seu discurso de posse (Foto: Reprodu\u00e7\u00e3o\/JL News)<\/em><br \/>\n<\/br><\/p>\n<p><em>\u201cO vereador Luciano, L\u00fa do Piedade (em sua fala durante a vota\u00e7\u00e3o para presid\u00eancia da C\u00e2mara) me trouxe uma lembran\u00e7a: a quest\u00e3o de como as pessoas s\u00e3o para chegar ao poder, de como usam de todas as formas para chegar ao poder. Sofri muito durante a campanha, nos \u00faltimos dias da campanha publicaram v\u00e1rios \u00e1udios com falas falsas, montaram falas minhas com outros, o outro grupo que estava na disputa comigo. Isso trouxe muito sofrimento para mim. Quando ele fala do julgamento antecipado: quantas vezes fui chamado de moleque. Quantas vezes fui chamado de incompetente, disseram que eu n\u00e3o tinha grupo e que eu n\u00e3o daria conta. N\u00e3o concordo com esse tipo de situa\u00e7\u00e3o\u201d.<\/em><\/p>\n<p><em>\u201cCreio que conseguirei in\u00fameros companheiros na nossa caminhada, aqueles que n\u00e3o eram companheiros, v\u00e3o ser. Eles v\u00e3o ver que n\u00f3s vamos fazer diferente. N\u00f3s vamos estar juntos, n\u00e3o estamos aqui para brigar. Como disse o presidente Gedalvo, o vereador Alessandro, e tamb\u00e9m o vereador Cleuber deixa claro sempre: estamos aqui para trabalhar juntos em prol do povo de Capelinha\u201d.<\/em><\/p>\n<p><img decoding=\"async\" src=\"http:\/\/aconteceunovale.com.br\/portal\/wp-content\/uploads\/2017\/01\/tadeuzinho_empossado_9.jpg\" alt=\"\" \/><em>Tadeuzinho e Dona \u00c9lida com chave simb\u00f3lica da cidade (Foto: Reprodu\u00e7\u00e3o\/Aran\u00e3s FM)<\/em><br \/>\n<\/br><\/p>\n<p><em>\u201cAgrade\u00e7o a quem me chamou de moleque durante a campanha. Tive uma arrancada muito grande depois desse papo de moleque. Mas quero deixar claro que nem aos 12 anos fui moleque. Sempre trabalhei, tenho 30 anos e j\u00e1 tenho 16 anos de contribui\u00e7\u00e3o no INSS. Nunca fiquei sem trabalhar, nunca deixei de lutar. J\u00e1 morei fora de casa, desde novo, mas voltei v\u00e1rias vezes, e hoje sou casado, sou pai de dois filhos, Miguel e Ana J\u00falia, que s\u00e3o a minha vida. N\u00e3o quero envergonhar minha fam\u00edlia nunca e muito menos o povo capelinhense, que me deu essa oportunidade da qual me sinto honrado\u201d.<\/em><\/p>\n<p>\u201cSinto-me muito honrado por ser de Minas Gerais, por estar nesse Estado maravilhoso. Quando eu vejo a bandeira do Brasil, me arrepio: \u00eata na\u00e7\u00e3o bonita. Mas quando eu vejo a bandeira de nossa Capelinha, meu cora\u00e7\u00e3o queima, porque eu sei do que n\u00f3s precisamos e o que n\u00f3s vivemos at\u00e9 agora. Garanto ao povo de Capelinha que tudo o que vivemos at\u00e9 agora \u00e9 apenas sombra do que vai vir. Vamos fazer da nossa Capelinha o verdadeiro polo, industrial, educacional\u2026 E tudo aquilo que tiver de melhor, e n\u00f3s tivermos oportunidade de buscar, n\u00f3s traremos\u201d.<\/p>\n<p>\u201cAcredito que agora se encerram quest\u00f5es pol\u00edticas e todas as diferen\u00e7as, o que tem que prevalecer sempre \u00e9 a vontade do povo de Capelinha, tanto da cidade quanto das comunidades rurais. Inicia-se hoje um novo ciclo para Capelinha, uma nova hist\u00f3ria. Sinto-me extremamente emocionado por imaginar que a vida de cada um de voc\u00eas \u00e9 responsabilidade minha, tenho certeza de que essa responsabilidade ser\u00e1 cumprida. Voc\u00eas me fizeram crescer muito. Obrigado a todos\u201d.<\/p>\n<p><img decoding=\"async\" src=\"http:\/\/aconteceunovale.com.br\/portal\/wp-content\/uploads\/2017\/01\/tadeuzinho_empossado_10.jpg\" alt=\"\" \/><em>Secretariado: Al\u00e9quison Gomes (Governo), Paulo Alvin (Agricultura), Marine Pimenta (Sa\u00fade), \u00c9lida C\u00edcera (Educa\u00e7\u00e3o), Lourival Brito (Esporte e Cultura), Geraldo Neto (Finan\u00e7as), C\u00e9lia Pe\u00e7anha (Sa\u00fade), Rog\u00e9rio Silva (Transportes) \u2013 Foto: Reprodu\u00e7\u00e3o\/Aran\u00e3s FM<\/em><br \/>\n<\/br><\/p>\n<p><strong>VER PRIMEIRO<\/strong><\/p>\n<p><strong>Receba as not\u00edcias do Aconteceu no Vale em primeira m\u00e3o. Clique em curtir no endere\u00e7o <a href=\"https:\/\/www.facebook.com\/aconteceunovale\" target=\"_blank\"><font color=\"red\">www.facebook.com\/aconteceunovale<\/font><\/a> ou no box abaixo:<\/strong><\/p>\n<div class=\"fb-like\" data-href=\"https:\/\/www.facebook.com\/aconteceunovale\" data-width=\"120\" data-layout=\"standard\" data-action=\"like\" data-size=\"small\" data-show-faces=\"true\" data-share=\"true\"><\/div>\n<p><\/br><\/p>\n<p><img decoding=\"async\" src=\"http:\/\/aconteceunovale.com.br\/portal\/wp-content\/uploads\/2017\/01\/tadeuzinho_empossado_11.jpg\" alt=\"\" \/><em>Tadeuzinho, Gedalvo e Padre Darci durante a missa de posse (Foto: Reprodu\u00e7\u00e3o\/Aran\u00e3s FM)<\/em><br \/>\n<\/br><\/p>\n<p><img decoding=\"async\" src=\"http:\/\/aconteceunovale.com.br\/portal\/wp-content\/uploads\/2017\/01\/tadeuzinho_empossado_12.jpg\" alt=\"\" \/><em>Vereadores tamb\u00e9m participaram da missa de posse (Foto: Reprodu\u00e7\u00e3o\/Aran\u00e3s FM)<\/em><br \/>\n<\/br><\/p>\n<p><img decoding=\"async\" src=\"http:\/\/aconteceunovale.com.br\/portal\/wp-content\/uploads\/2017\/01\/tadeuzinho_empossado_13.jpg\" alt=\"\" \/><em>Tadeuzinho com sua m\u00e3e Sinhaninha (Foto: Reprodu\u00e7\u00e3o\/Aran\u00e3s FM)<\/em><br \/>\n<\/br><\/p>\n<p><img decoding=\"async\" src=\"http:\/\/aconteceunovale.com.br\/portal\/wp-content\/uploads\/2017\/01\/tadeuzinho_empossado_2.jpg\" alt=\"\" \/><em>Tadeuzinho e Dona \u00c9lida entregam suas respectivas declara\u00e7\u00f5es de bens, que ficar\u00e3o arquivadas na C\u00e2mara. Essa pr\u00e1tica \u00e9 comum a todo prefeito e vice no dia da posse (Foto: Reprodu\u00e7\u00e3o\/JL News)<\/em><br \/>\n<\/br><\/p>\n<p><img decoding=\"async\" src=\"http:\/\/aconteceunovale.com.br\/portal\/wp-content\/uploads\/2017\/01\/tadeuzinho_empossado_6.jpg\" alt=\"\" \/><em>Show da Posse no Parque de Exposi\u00e7\u00f5es (Foto: Reprodu\u00e7\u00e3o\/JL News)<\/em><br \/>\n<\/br><\/p>\n<p><img decoding=\"async\" src=\"http:\/\/aconteceunovale.com.br\/portal\/wp-content\/uploads\/2017\/01\/tadeuzinho_empossado_7.jpg\" alt=\"\" \/><em>Show da Posse no Parque de Exposi\u00e7\u00f5es (Foto: Reprodu\u00e7\u00e3o\/JL News)<\/em><br \/>\n<\/br><\/p>\n<p><img decoding=\"async\" src=\"http:\/\/aconteceunovale.com.br\/portal\/wp-content\/uploads\/2017\/01\/tadeuzinho_empossado_8.jpg\" alt=\"\" \/><em>Show da Posse no Parque de Exposi\u00e7\u00f5es (Foto: Reprodu\u00e7\u00e3o\/JL News)<\/em><br \/>\n<\/br><\/p>\n<p><em>(Fonte: JL News\/Jornal Local\/Rosa Santos)<\/em><\/p>\n","protected":false},"excerpt":{"rendered":"<p>Ap\u00f3s ser empossado prefeito de Capelinha, Tadeu Filipe Fernandes de Abreu, o Tadeuzinho (PSC), de 30 anos, discursou pela primeira vez como chefe do Executivo de uma das principais cidades do Vale do Jequitinhonha e falou sobre diversos assuntos. Confira: \u201cParabenizo a todos os vereadores eleitos, cumprimento autoridades e o povo, cumprimento o vereador Gedalvo [&hellip;]<\/p>\n","protected":false},"author":1,"featured_media":106068,"comment_status":"open","ping_status":"closed","sticky":false,"template":"","format":"standard","meta":{"amp_status":"","footnotes":""},"categories":[40240,120],"tags":[132,1018,134218,134219,134221,134223,134222,134215,134217,134220,134216,133800],"class_list":["post-106059","post","type-post","status-publish","format-standard","has-post-thumbnail","hentry","category-politica-2","category-jequi","tag-capelinha","tag-destaque","tag-discurso-de-posse-prefeito-tadeuzinho-abreu","tag-discurso-tadeuzinho-abreu","tag-dona-elida","tag-nova-administracao-de-capelinha","tag-novo-prefeito-de-capelinha","tag-o-que-capelinha-viveu-ate-agora-e-apenas-sobra-do-que-vira","tag-posse-prefeito-tadeuzinho-abreu","tag-posse-tadeuzinho-abreu","tag-prefeito-tadeuzinho-abreu","tag-tadeuzinho-abreu"],"_links":{"self":[{"href":"https:\/\/aconteceunovale.com.br\/portal\/index.php?rest_route=\/wp\/v2\/posts\/106059","targetHints":{"allow":["GET"]}}],"collection":[{"href":"https:\/\/aconteceunovale.com.br\/portal\/index.php?rest_route=\/wp\/v2\/posts"}],"about":[{"href":"https:\/\/aconteceunovale.com.br\/portal\/index.php?rest_route=\/wp\/v2\/types\/post"}],"author":[{"embeddable":true,"href":"https:\/\/aconteceunovale.com.br\/portal\/index.php?rest_route=\/wp\/v2\/users\/1"}],"replies":[{"embeddable":true,"href":"https:\/\/aconteceunovale.com.br\/portal\/index.php?rest_route=%2Fwp%2Fv2%2Fcomments&post=106059"}],"version-history":[{"count":0,"href":"https:\/\/aconteceunovale.com.br\/portal\/index.php?rest_route=\/wp\/v2\/posts\/106059\/revisions"}],"wp:featuredmedia":[{"embeddable":true,"href":"https:\/\/aconteceunovale.com.br\/portal\/index.php?rest_route=\/wp\/v2\/media\/106068"}],"wp:attachment":[{"href":"https:\/\/aconteceunovale.com.br\/portal\/index.php?rest_route=%2Fwp%2Fv2%2Fmedia&parent=106059"}],"wp:term":[{"taxonomy":"category","embeddable":true,"href":"https:\/\/aconteceunovale.com.br\/portal\/index.php?rest_route=%2Fwp%2Fv2%2Fcategories&post=106059"},{"taxonomy":"post_tag","embeddable":true,"href":"https:\/\/aconteceunovale.com.br\/portal\/index.php?rest_route=%2Fwp%2Fv2%2Ftags&post=106059"}],"curies":[{"name":"wp","href":"https:\/\/api.w.org\/{rel}","templated":true}]}}