{"id":106052,"date":"2017-01-03T12:49:40","date_gmt":"2017-01-03T14:49:40","guid":{"rendered":"http:\/\/aconteceunovale.com.br\/portal\/?p=106052"},"modified":"2017-01-03T12:49:40","modified_gmt":"2017-01-03T14:49:40","slug":"senac-minas-abre-inscricoes-para-novas-turmas-de-cursos-tecnicos","status":"publish","type":"post","link":"https:\/\/aconteceunovale.com.br\/portal\/?p=106052","title":{"rendered":"Senac Minas abre inscri\u00e7\u00f5es para novas turmas de cursos t\u00e9cnicos"},"content":{"rendered":"<p>Uma pesquisa da ManPowerGroup mostrou que pessoas com forma\u00e7\u00e3o t\u00e9cnica lideram o ranking entre os profissionais mais procurados no mercado brasileiro. O levantamento mostrou ainda que 43% das empresas brasileiras enfrentaram dificuldades para contratar essa m\u00e3o de obra em 2016. A alta empregabilidade associada ao curso t\u00e9cnico, sobretudo em tempos de crise, \u00e9 o que o torna ideal para quem est\u00e1 em busca do primeiro emprego ou de uma recoloca\u00e7\u00e3o. S\u00f3 para se ter uma ideia, em julho o Sine registrou a oferta de mais de 20 mil vagas para t\u00e9cnico em Administra\u00e7\u00e3o no Brasil, sendo duas mil em Minas Gerais. Apenas para citar uma das op\u00e7\u00f5es de curso da modalidade.<\/p>\n<p>Atento \u00e0s necessidades desse p\u00fablico, o Senac est\u00e1 com inscri\u00e7\u00f5es abertas para os cursos t\u00e9cnicos em 26 unidades. S\u00e3o 62 turmas com in\u00edcio a partir do dia 1\u00ba de fevereiro de 2017: Administra\u00e7\u00e3o, Agroneg\u00f3cio, Desenvolvimento de Sistemas, Enfermagem, Est\u00e9tica, Eventos, Log\u00edstica, Marketing, Nutri\u00e7\u00e3o e Diet\u00e9tica, Produ\u00e7\u00e3o de Moda, Recursos Humanos, Redes de Computadores e Seguran\u00e7a do Trabalho. Al\u00e9m da carga hor\u00e1ria pr\u00e1tica expressiva, o foco est\u00e1 na educa\u00e7\u00e3o integral, que valoriza a forma\u00e7\u00e3o do indiv\u00edduo. Por meio de atividades interdisciplinares reunidas em um projeto integrador, os alunos desenvolvem compet\u00eancias, como vis\u00e3o cr\u00edtica e atitudes sustent\u00e1veis, empreendedoras e colaborativas.<\/p>\n<p>Outros destaques s\u00e3o o corpo docente qualificado, o tempo curto de forma\u00e7\u00e3o e a Empresa Simulada, metodologia do Servi\u00e7o Brasileiro de Apoio \u00e0s Micro e Pequenas Empresas (Sebrae) que valoriza a pr\u00e1tica e o empreendedorismo. E o que \u00e9 melhor: as mensalidades cabem no seu bolso. Al\u00e9m do desconto no valor das mensalidades, a novidade s\u00e3o as condi\u00e7\u00f5es de parcelamento. Dependendo do curso, h\u00e1 possibilidades de dividir em 20, 30 ou at\u00e9 34 parcelas. No Senac voc\u00ea re\u00fane essas caracter\u00edsticas ao know how de uma institui\u00e7\u00e3o com experi\u00eancia e tradi\u00e7\u00e3o no mercado. As inscri\u00e7\u00f5es podem ser feitas pessoalmente, nas unidades. Saiba mais sobre os cursos ofertados em cada cidade no site <a href=\"http:\/\/www.mg.senac.br\/internet\/cursos\/tecnicos\/\" target=\"_blank\"><font color=\"blue\">www.mg.senac.br<\/font><\/a>. Informa\u00e7\u00f5es adicionais no 0800 724 44 40.<\/p>\n<p><strong>VER PRIMEIRO<\/strong><\/p>\n<p><strong>Receba as not\u00edcias do Aconteceu no Vale em primeira m\u00e3o. Clique em curtir no endere\u00e7o <a href=\"https:\/\/www.facebook.com\/aconteceunovale\" target=\"_blank\"><font color=\"red\">www.facebook.com\/aconteceunovale<\/font><\/a> ou no box abaixo:<\/strong><\/p>\n<div class=\"fb-like\" data-href=\"https:\/\/www.facebook.com\/aconteceunovale\" data-width=\"120\" data-layout=\"standard\" data-action=\"like\" data-size=\"small\" data-show-faces=\"true\" data-share=\"true\"><\/div>\n<p><\/br><\/p>\n<p><em>(Ascom Senac Minas)<\/em><\/p>\n","protected":false},"excerpt":{"rendered":"<p>Uma pesquisa da ManPowerGroup mostrou que pessoas com forma\u00e7\u00e3o t\u00e9cnica lideram o ranking entre os profissionais mais procurados no mercado brasileiro. O levantamento mostrou ainda que 43% das empresas brasileiras enfrentaram dificuldades para contratar essa m\u00e3o de obra em 2016. A alta empregabilidade associada ao curso t\u00e9cnico, sobretudo em tempos de crise, \u00e9 o que [&hellip;]<\/p>\n","protected":false},"author":1,"featured_media":106053,"comment_status":"open","ping_status":"closed","sticky":false,"template":"","format":"standard","meta":{"amp_status":"","footnotes":""},"categories":[121,123],"tags":[134196,134197,134198,134199,134200,134201,134195,134194],"class_list":["post-106052","post","type-post","status-publish","format-standard","has-post-thumbnail","hentry","category-leste","category-gerais","tag-cursos-do-senac-minas","tag-cursos-tecnicos-do-senac-minas","tag-inscrever-em-curso-do-senac-minas","tag-inscrever-em-curso-tecnico-do-senac-minas","tag-inscricao-em-curso-do-senac-minas","tag-inscricao-em-curso-tecnico-do-senac-minas","tag-senac-minas","tag-senac-minas-abre-inscricoes-para-novas-turmas-de-cursos-tecnicos"],"_links":{"self":[{"href":"https:\/\/aconteceunovale.com.br\/portal\/index.php?rest_route=\/wp\/v2\/posts\/106052","targetHints":{"allow":["GET"]}}],"collection":[{"href":"https:\/\/aconteceunovale.com.br\/portal\/index.php?rest_route=\/wp\/v2\/posts"}],"about":[{"href":"https:\/\/aconteceunovale.com.br\/portal\/index.php?rest_route=\/wp\/v2\/types\/post"}],"author":[{"embeddable":true,"href":"https:\/\/aconteceunovale.com.br\/portal\/index.php?rest_route=\/wp\/v2\/users\/1"}],"replies":[{"embeddable":true,"href":"https:\/\/aconteceunovale.com.br\/portal\/index.php?rest_route=%2Fwp%2Fv2%2Fcomments&post=106052"}],"version-history":[{"count":0,"href":"https:\/\/aconteceunovale.com.br\/portal\/index.php?rest_route=\/wp\/v2\/posts\/106052\/revisions"}],"wp:featuredmedia":[{"embeddable":true,"href":"https:\/\/aconteceunovale.com.br\/portal\/index.php?rest_route=\/wp\/v2\/media\/106053"}],"wp:attachment":[{"href":"https:\/\/aconteceunovale.com.br\/portal\/index.php?rest_route=%2Fwp%2Fv2%2Fmedia&parent=106052"}],"wp:term":[{"taxonomy":"category","embeddable":true,"href":"https:\/\/aconteceunovale.com.br\/portal\/index.php?rest_route=%2Fwp%2Fv2%2Fcategories&post=106052"},{"taxonomy":"post_tag","embeddable":true,"href":"https:\/\/aconteceunovale.com.br\/portal\/index.php?rest_route=%2Fwp%2Fv2%2Ftags&post=106052"}],"curies":[{"name":"wp","href":"https:\/\/api.w.org\/{rel}","templated":true}]}}