{"id":106045,"date":"2017-01-03T12:35:51","date_gmt":"2017-01-03T14:35:51","guid":{"rendered":"http:\/\/aconteceunovale.com.br\/portal\/?p=106045"},"modified":"2017-01-03T18:56:28","modified_gmt":"2017-01-03T20:56:28","slug":"novas-tarifas-de-onibus-em-belo-horizonte-comecam-a-valer-a-partir-de-hoje","status":"publish","type":"post","link":"https:\/\/aconteceunovale.com.br\/portal\/?p=106045","title":{"rendered":"Novas tarifas de \u00f4nibus em Belo Horizonte come\u00e7am a valer a partir de hoje"},"content":{"rendered":"<p>A tarifa da maioria dos \u00f4nibus de Belo Horizonte subiu, nesta ter\u00e7a-feira (3\/1\/2017), de R$3,70 para R$4,05. As linhas circulares tamb\u00e9m tiveram aumento, passando de R$2,65 para R$2,85. O reajuste de 9,4% havia sido anunciado na semana passada pela Empresa de Transportes e Tr\u00e2nsito de Belo Horizonte (BHTrans).<\/p>\n<p>A f\u00f3rmula utilizada para definir os novos valores levou em conta varia\u00e7\u00f5es dos pre\u00e7os do \u00f3leo diesel, da rodagem, dos ve\u00edculos, da m\u00e3o-de-obra operacional e das despesas administrativas. Segundo a BHTrans, essas varia\u00e7\u00f5es s\u00e3o calculadas pela Funda\u00e7\u00e3o Get\u00falio Vargas (FGV), pela Ag\u00eancia Nacional de Petr\u00f3leo (ANP) e pelo Instituto Brasileiro de Geografia e Estat\u00edstica (IBGE).<\/p>\n<p>Durante a posse do novo prefeito , manifestantes presentes gritaram palavras de ordem pedindo a suspens\u00e3o do aumento das passagens. Em entrevista coletiva, Kalil afirmou que n\u00e3o iria reavaliar o reajuste, mas disse que t\u00e9cnicos da nova gest\u00e3o v\u00e3o analisar futuras altera\u00e7\u00f5es nos valores das tarifas, evitando distor\u00e7\u00f5es e abusos.<\/p>\n<p>O Movimento Passe Livre e outras organiza\u00e7\u00f5es sociais descontentes com o aumento est\u00e3o convocando para hoje (3), \u00e0s 16h30, uma manifesta\u00e7\u00e3o. O ato ir\u00e1 se concentrar na Pra\u00e7a Sete, no centro da capital mineira, e sair\u00e1 em marcha \u00e0s 17h30. O trajeto n\u00e3o foi divulgado.<\/p>\n<p>Desde domingo (1\u00ba), tamb\u00e9m vigoram novos valores para os \u00f4nibus que ligam as cidades da regi\u00e3o metropolitana de Belo Horizonte. A Secretaria de Transportes e Obras P\u00fablicas de Minas Gerais autorizou um reajuste m\u00e9dio de 9,46%. O percentual foi calculado levando em conta vari\u00e1veis como a alta de combust\u00edveis, a folha de pagamento das empresas e a renova\u00e7\u00e3o e manuten\u00e7\u00e3o da frota. O aumento, por\u00e9m, \u00e9 superior a infla\u00e7\u00e3o. Em novembro, o \u00cdndice de Pre\u00e7os ao Consumidor Amplo (IPCA) acumulava 6,98% nos \u00faltimos doze meses.<\/p>\n<p><strong>VER PRIMEIRO<\/strong><\/p>\n<p><strong>Receba as not\u00edcias do Aconteceu no Vale em primeira m\u00e3o. Clique em curtir no endere\u00e7o <a href=\"https:\/\/www.facebook.com\/aconteceunovale\" target=\"_blank\"><font color=\"red\">www.facebook.com\/aconteceunovale<\/font><\/a> ou no box abaixo:<\/strong><\/p>\n<div class=\"fb-like\" data-href=\"https:\/\/www.facebook.com\/aconteceunovale\" data-width=\"120\" data-layout=\"standard\" data-action=\"like\" data-size=\"small\" data-show-faces=\"true\" data-share=\"true\"><\/div>\n<p><\/br><\/p>\n<p><em>(Fonte: Ag\u00eancia Brasil)<\/em><\/p>\n","protected":false},"excerpt":{"rendered":"<p>A tarifa da maioria dos \u00f4nibus de Belo Horizonte subiu, nesta ter\u00e7a-feira (3\/1\/2017), de R$3,70 para R$4,05. As linhas circulares tamb\u00e9m tiveram aumento, passando de R$2,65 para R$2,85. O reajuste de 9,4% havia sido anunciado na semana passada pela Empresa de Transportes e Tr\u00e2nsito de Belo Horizonte (BHTrans). A f\u00f3rmula utilizada para definir os novos [&hellip;]<\/p>\n","protected":false},"author":1,"featured_media":106046,"comment_status":"open","ping_status":"closed","sticky":false,"template":"","format":"standard","meta":{"amp_status":"","footnotes":""},"categories":[123],"tags":[134177,134176,72341,134174,133533,194,24805,1018,134173,26055,37788,133535,133540,134175,133529,134179,133532,133531,133530,20831,134178,133537,103387,28370,37031,133528,133538,133541,133539,134172,133536,133527,133534],"class_list":["post-106045","post","type-post","status-publish","format-standard","has-post-thumbnail","hentry","category-gerais","tag-aumento-das-passagens-de-onibus-em-belo-horizonte","tag-aumento-das-passagens-de-onibus-em-bh","tag-aumento-das-passagens-em-belo-horizonte","tag-aumento-de-passagens","tag-aumento-do-valor-das-passagens-em-belo-horizonte","tag-belo-horizonte","tag-bhtrans","tag-destaque","tag-empresa-de-transportes-e-transito-de-belo-horizonte","tag-justinopolis","tag-manifestacao","tag-morro-alto","tag-move-metropolitano","tag-movimento-passe-livre","tag-nova-tarifa-do-sistema-de-transporte-metropolitano-da-regiao-metropolitana-de-belo-horizonte","tag-novas-tarifas-de-onibus-em-belo-horizonte-comecam-a-valer-a-partir-de-hoje","tag-novo-valor-de-passagens-em-belo-horizonte","tag-novos-valores-de-passagens-do-sistema-de-transporte-metropolitano-da-regiao-metropolitana-de-belo-horizonte","tag-novos-valores-do-sistema-de-transporte-metropolitano-da-regiao-metropolitana-de-belo-horizonte","tag-onibus","tag-reajuste-das-passagens-de-onibus-em-bh","tag-reajuste-das-tarifas-do-sistema-de-transporte-metropolitano","tag-sao-gabriel","tag-secretaria-de-estado-de-transportes-e-obras-publicas","tag-setop","tag-sistema-de-transporte-metropolitano-da-regiao-metropolitana-de-belo-horizonte","tag-sistema-metropolitano-de-transporte-coletivo","tag-sistema-move","tag-sistema-move-metropolitano","tag-tarifa-da-maioria-dos-onibus-de-belo-horizonte","tag-tarifas-do-sistema-de-transporte-metropolitano","tag-transporte-coletivo-metropolitano-tera-novas-tarifas-a-partir-do-dia-1o-de-janeiro","tag-vilarinho"],"_links":{"self":[{"href":"https:\/\/aconteceunovale.com.br\/portal\/index.php?rest_route=\/wp\/v2\/posts\/106045","targetHints":{"allow":["GET"]}}],"collection":[{"href":"https:\/\/aconteceunovale.com.br\/portal\/index.php?rest_route=\/wp\/v2\/posts"}],"about":[{"href":"https:\/\/aconteceunovale.com.br\/portal\/index.php?rest_route=\/wp\/v2\/types\/post"}],"author":[{"embeddable":true,"href":"https:\/\/aconteceunovale.com.br\/portal\/index.php?rest_route=\/wp\/v2\/users\/1"}],"replies":[{"embeddable":true,"href":"https:\/\/aconteceunovale.com.br\/portal\/index.php?rest_route=%2Fwp%2Fv2%2Fcomments&post=106045"}],"version-history":[{"count":0,"href":"https:\/\/aconteceunovale.com.br\/portal\/index.php?rest_route=\/wp\/v2\/posts\/106045\/revisions"}],"wp:featuredmedia":[{"embeddable":true,"href":"https:\/\/aconteceunovale.com.br\/portal\/index.php?rest_route=\/wp\/v2\/media\/106046"}],"wp:attachment":[{"href":"https:\/\/aconteceunovale.com.br\/portal\/index.php?rest_route=%2Fwp%2Fv2%2Fmedia&parent=106045"}],"wp:term":[{"taxonomy":"category","embeddable":true,"href":"https:\/\/aconteceunovale.com.br\/portal\/index.php?rest_route=%2Fwp%2Fv2%2Fcategories&post=106045"},{"taxonomy":"post_tag","embeddable":true,"href":"https:\/\/aconteceunovale.com.br\/portal\/index.php?rest_route=%2Fwp%2Fv2%2Ftags&post=106045"}],"curies":[{"name":"wp","href":"https:\/\/api.w.org\/{rel}","templated":true}]}}