{"id":106028,"date":"2017-01-03T11:31:12","date_gmt":"2017-01-03T13:31:12","guid":{"rendered":"http:\/\/aconteceunovale.com.br\/portal\/?p=106028"},"modified":"2017-01-03T11:31:12","modified_gmt":"2017-01-03T13:31:12","slug":"fernando-pimentel-justifica-uso-de-helicoptero-oficial-para-buscar-filho-apos-festa","status":"publish","type":"post","link":"https:\/\/aconteceunovale.com.br\/portal\/?p=106028","title":{"rendered":"Fernando Pimentel justifica uso de helic\u00f3ptero oficial para buscar filho ap\u00f3s festa"},"content":{"rendered":"<p>O governador de Minas Gerais, Fernando Pimentel, publicou ontem (2\/1\/2017) nas redes sociais uma justificativa ap\u00f3s ser flagrado usando helic\u00f3ptero oficial para buscar o seu filho em Escarpas do Lago, condom\u00ednio localizado no munic\u00edpio de Capit\u00f3lio (MG), \u00e0s margens da represa de Furnas. Ele afirmou que n\u00e3o houve nada de ilegal.<\/p>\n<p>Pimentel negou qualquer infra\u00e7\u00e3o e mencionou o Decreto 44.028\/2005, que regula o uso de aeronaves oficiais. Assinado por A\u00e9cio Neves durante sua gest\u00e3o no governo de Minas, o decreto determina em seu Artigo 3\u00ba que &#8220;as aeronaves do grupo de transporte especial destinam-se ao atendimento do governador do estado, em deslocamento de qualquer natureza, por quest\u00f5es de seguran\u00e7a&#8221;.<\/p>\n<p>O filho de Pimentel havia participado de uma festa de\u00a0<em>r\u00e9veillon<\/em>\u00a0na casa de amigos, em Escarpas do Lago. Um v\u00eddeo que circulou nas redes sociais mostra o governador chegando ao local no dia 2 de janeiro. Em seguida, ele retorna ao helic\u00f3ptero com o filho para deixar o local. A dist\u00e2ncia em linha reta entre Belo Horizonte e Capit\u00f3lio \u00e9 de aproximadamente 235 quil\u00f4metros.<\/p>\n<p>Pimentel disse que sua inten\u00e7\u00e3o era passar o dia no local. &#8220;Ainda no voo de ida, ele comunicou-se comigo, dizendo que n\u00e3o se sentia bem, e perguntou se n\u00e3o me incomodaria voltar mais cedo com ele para Belo Horizonte, em vez de almo\u00e7ar l\u00e1. Obviamente, eu concordei e voltamos juntos, logo ap\u00f3s o pouso, ainda de manh\u00e3.&#8221;<\/p>\n<p><strong>V\u00eddeo divulgado nas redes sociais:<\/strong><\/p>\n<p><iframe loading=\"lazy\" width=\"640\" height=\"360\" src=\"https:\/\/www.youtube.com\/embed\/PuO10vTIE6A\" frameborder=\"0\" allowfullscreen><\/iframe><br \/>\n<\/br><\/p>\n<p><strong>VER PRIMEIRO<\/strong><\/p>\n<p><strong>Receba as not\u00edcias do Aconteceu no Vale em primeira m\u00e3o. Clique em curtir no endere\u00e7o <a href=\"https:\/\/www.facebook.com\/aconteceunovale\" target=\"_blank\"><font color=\"red\">www.facebook.com\/aconteceunovale<\/font><\/a> ou no box abaixo:<\/strong><\/p>\n<div class=\"fb-like\" data-href=\"https:\/\/www.facebook.com\/aconteceunovale\" data-width=\"120\" data-layout=\"standard\" data-action=\"like\" data-size=\"small\" data-show-faces=\"true\" data-share=\"true\"><\/div>\n<p><\/br><\/p>\n<p><em>(Ag\u00eancia Brasil)<\/em><\/p>\n","protected":false},"excerpt":{"rendered":"<p>O governador de Minas Gerais, Fernando Pimentel, publicou ontem (2\/1\/2017) nas redes sociais uma justificativa ap\u00f3s ser flagrado usando helic\u00f3ptero oficial para buscar o seu filho em Escarpas do Lago, condom\u00ednio localizado no munic\u00edpio de Capit\u00f3lio (MG), \u00e0s margens da represa de Furnas. Ele afirmou que n\u00e3o houve nada de ilegal. Pimentel negou qualquer infra\u00e7\u00e3o [&hellip;]<\/p>\n","protected":false},"author":1,"featured_media":106029,"comment_status":"open","ping_status":"closed","sticky":false,"template":"","format":"standard","meta":{"amp_status":"","footnotes":""},"categories":[123,40240],"tags":[4890,134133,134128,12826,134126,98080,134132,70170,20507,17334,134135,134134,134127,697,134130,134129,134131],"class_list":["post-106028","post","type-post","status-publish","format-standard","has-post-thumbnail","hentry","category-gerais","category-politica-2","tag-capitolio","tag-confusao-com-filho-de-pimentel","tag-escarpas-do-lago","tag-fernando-pimentel","tag-fernando-pimentel-justifica-uso-de-helicoptero-oficial-para-buscar-filho-apos-festa","tag-filho","tag-filho-de-pimentel","tag-furnas","tag-governador","tag-governador-de-minas-gerais","tag-helicoptero-oficial","tag-justificativa","tag-justificativa-apos-ser-flagrado-usando-helicoptero-oficial-para-buscar-o-seu-filho-em-escarpas-do-lago","tag-minas","tag-pimentel-buscando-o-filho-bebado-em-escarpas-do-lago","tag-pimentel-buscando-o-filho-em-escarpas-do-lago","tag-pimentel-escarpas-do-lago"],"_links":{"self":[{"href":"https:\/\/aconteceunovale.com.br\/portal\/index.php?rest_route=\/wp\/v2\/posts\/106028","targetHints":{"allow":["GET"]}}],"collection":[{"href":"https:\/\/aconteceunovale.com.br\/portal\/index.php?rest_route=\/wp\/v2\/posts"}],"about":[{"href":"https:\/\/aconteceunovale.com.br\/portal\/index.php?rest_route=\/wp\/v2\/types\/post"}],"author":[{"embeddable":true,"href":"https:\/\/aconteceunovale.com.br\/portal\/index.php?rest_route=\/wp\/v2\/users\/1"}],"replies":[{"embeddable":true,"href":"https:\/\/aconteceunovale.com.br\/portal\/index.php?rest_route=%2Fwp%2Fv2%2Fcomments&post=106028"}],"version-history":[{"count":0,"href":"https:\/\/aconteceunovale.com.br\/portal\/index.php?rest_route=\/wp\/v2\/posts\/106028\/revisions"}],"wp:featuredmedia":[{"embeddable":true,"href":"https:\/\/aconteceunovale.com.br\/portal\/index.php?rest_route=\/wp\/v2\/media\/106029"}],"wp:attachment":[{"href":"https:\/\/aconteceunovale.com.br\/portal\/index.php?rest_route=%2Fwp%2Fv2%2Fmedia&parent=106028"}],"wp:term":[{"taxonomy":"category","embeddable":true,"href":"https:\/\/aconteceunovale.com.br\/portal\/index.php?rest_route=%2Fwp%2Fv2%2Fcategories&post=106028"},{"taxonomy":"post_tag","embeddable":true,"href":"https:\/\/aconteceunovale.com.br\/portal\/index.php?rest_route=%2Fwp%2Fv2%2Ftags&post=106028"}],"curies":[{"name":"wp","href":"https:\/\/api.w.org\/{rel}","templated":true}]}}