{"id":106021,"date":"2017-01-03T10:42:40","date_gmt":"2017-01-03T12:42:40","guid":{"rendered":"http:\/\/aconteceunovale.com.br\/portal\/?p=106021"},"modified":"2017-01-03T21:14:58","modified_gmt":"2017-01-03T23:14:58","slug":"caminhoneiro-de-itamarandiba-morre-em-acidente-na-mg-111-no-vale-do-mucuri","status":"publish","type":"post","link":"https:\/\/aconteceunovale.com.br\/portal\/?p=106021","title":{"rendered":"Caminhoneiro de Itamarandiba morre em acidente na MG-211, no Vale do Mucuri"},"content":{"rendered":"<p>O motorista de um caminh\u00e3o que transportava toras de madeira morreu em um grave acidente na madrugada desta ter\u00e7a-feira, 3 de janeiro de 2017, na MG-211, na altura do Povoado de Santa B\u00e1rbara (Porf\u00edrios), entre os munic\u00edpios de Itaip\u00e9 e Catuji, no Vale do Mucuri. As primeiras informa\u00e7\u00f5es d\u00e3o conta de que o caminhoneiro Francisco Fernandes Paranhos perdeu o controle da dire\u00e7\u00e3o em uma descida \u00edngreme e capotou \u00e0s margens da rodovia. Uma das suspeitas \u00e9 de que o ve\u00edculo tenha perdido o freio.<\/p>\n<p>Com o impacto do acidente, o condutor ficou preso \u00e0s ferragens e veio a \u00f3bito devido aos graves ferimentos. A carga se espalhou no local e atingiu uma casa abandonada. A passageira do ve\u00edculo ficou gravemente ferida e foi encaminhada para um hospital pelo Servi\u00e7o de Atendimento M\u00f3vel de Urg\u00eancia (SAMU).<\/p>\n<p>A Per\u00edcia T\u00e9cnica da Pol\u00edcia Civil foi acionada para os trabalhos de praxe. Com o aux\u00edlio de um guincho, o corpo foi desencarcerado pelo Corpo de Bombeiros e posteriormente removido ao Instituto M\u00e9dico Legal (IML) em Te\u00f3filo Otoni. As causas do acidente ser\u00e3o apuradas.<\/p>\n<p><img decoding=\"async\" src=\"http:\/\/aconteceunovale.com.br\/portal\/wp-content\/uploads\/2017\/01\/acidente_porfirios_1.jpg\" alt=\"\" \/><em>Acidente aconteceu na MG-111 (Foto: Cedida por Micharles Almeida\/Auto Socorro Chapolim)<\/em><br \/>\n<\/br><\/p>\n<p><img decoding=\"async\" src=\"http:\/\/aconteceunovale.com.br\/portal\/wp-content\/uploads\/2017\/01\/acidente_porfirios_2.jpg\" alt=\"\" \/><em>Acidente aconteceu na MG-111 (Foto: Cedida por Micharles Almeida\/Auto Socorro Chapolim)<\/em><br \/>\n<\/br><\/p>\n<p><img decoding=\"async\" src=\"http:\/\/aconteceunovale.com.br\/portal\/wp-content\/uploads\/2017\/01\/acidente_porfirios_3.jpg\" alt=\"\" \/><em>Acidente aconteceu na MG-111 (Foto: Cedida por Micharles Almeida\/Auto Socorro Chapolim)<\/em><br \/>\n<\/br><\/p>\n<p><img decoding=\"async\" src=\"http:\/\/aconteceunovale.com.br\/portal\/wp-content\/uploads\/2017\/01\/acidente_porfirios_4.jpg\" alt=\"\" \/><em>Acidente aconteceu na MG-111 (Foto: Cedida por Micharles Almeida\/Auto Socorro Chapolim)<\/em><br \/>\n<\/br><\/p>\n<p><strong>VER PRIMEIRO<\/strong><\/p>\n<p><strong>Receba as not\u00edcias do Aconteceu no Vale em primeira m\u00e3o. Clique em curtir no endere\u00e7o <a href=\"https:\/\/www.facebook.com\/aconteceunovale\" target=\"_blank\"><font color=\"red\">www.facebook.com\/aconteceunovale<\/font><\/a> ou no box abaixo:<\/strong><\/p>\n<div class=\"fb-like\" data-href=\"https:\/\/www.facebook.com\/aconteceunovale\" data-width=\"120\" data-layout=\"standard\" data-action=\"like\" data-size=\"small\" data-show-faces=\"true\" data-share=\"true\"><\/div>\n<p><\/br><\/p>\n","protected":false},"excerpt":{"rendered":"<p>O motorista de um caminh\u00e3o que transportava toras de madeira morreu em um grave acidente na madrugada desta ter\u00e7a-feira, 3 de janeiro de 2017, na MG-211, na altura do Povoado de Santa B\u00e1rbara (Porf\u00edrios), entre os munic\u00edpios de Itaip\u00e9 e Catuji, no Vale do Mucuri. As primeiras informa\u00e7\u00f5es d\u00e3o conta de que o caminhoneiro Francisco [&hellip;]<\/p>\n","protected":false},"author":1,"featured_media":106023,"comment_status":"open","ping_status":"closed","sticky":false,"template":"","format":"standard","meta":{"amp_status":"","footnotes":""},"categories":[120,122],"tags":[134120,71729,18196,134119,134124,134122,45273,134116,134114,134125,134118,149,134115,125118,57806,134123,134121,134117],"class_list":["post-106021","post","type-post","status-publish","format-standard","has-post-thumbnail","hentry","category-jequi","category-mucuri","tag-acidente-com-caminhao-de-francisco-fernandes-paranhos","tag-acidente-com-caminhao-de-itamarandiba","tag-acidente-com-caminhoneiro-de-itamarandiba","tag-acidente-com-francisco-fernandes-paranhos","tag-acidente-com-periquito-da-fatinha-do-correio","tag-acidente-com-periquito-do-realmatismo","tag-acidente-na-mg-111","tag-caminhoneiro-de-itamarandiba","tag-caminhoneiro-de-itamarandiba-morre-em-acidente-na-mg-111","tag-caminhoneiro-de-itamarandiba-morre-em-acidente-na-mg-211","tag-francisco-fernandes-paranhos","tag-itamarandiba","tag-mg-111","tag-morte-de-caminhoneiro-de-itamarandiba","tag-no-vale-do-mucuri","tag-periquito-da-fatinha-do-correio","tag-periquito-do-realmatismo","tag-tragedia-com-caminhoneiro-de-itamarandiba"],"_links":{"self":[{"href":"https:\/\/aconteceunovale.com.br\/portal\/index.php?rest_route=\/wp\/v2\/posts\/106021","targetHints":{"allow":["GET"]}}],"collection":[{"href":"https:\/\/aconteceunovale.com.br\/portal\/index.php?rest_route=\/wp\/v2\/posts"}],"about":[{"href":"https:\/\/aconteceunovale.com.br\/portal\/index.php?rest_route=\/wp\/v2\/types\/post"}],"author":[{"embeddable":true,"href":"https:\/\/aconteceunovale.com.br\/portal\/index.php?rest_route=\/wp\/v2\/users\/1"}],"replies":[{"embeddable":true,"href":"https:\/\/aconteceunovale.com.br\/portal\/index.php?rest_route=%2Fwp%2Fv2%2Fcomments&post=106021"}],"version-history":[{"count":0,"href":"https:\/\/aconteceunovale.com.br\/portal\/index.php?rest_route=\/wp\/v2\/posts\/106021\/revisions"}],"wp:featuredmedia":[{"embeddable":true,"href":"https:\/\/aconteceunovale.com.br\/portal\/index.php?rest_route=\/wp\/v2\/media\/106023"}],"wp:attachment":[{"href":"https:\/\/aconteceunovale.com.br\/portal\/index.php?rest_route=%2Fwp%2Fv2%2Fmedia&parent=106021"}],"wp:term":[{"taxonomy":"category","embeddable":true,"href":"https:\/\/aconteceunovale.com.br\/portal\/index.php?rest_route=%2Fwp%2Fv2%2Fcategories&post=106021"},{"taxonomy":"post_tag","embeddable":true,"href":"https:\/\/aconteceunovale.com.br\/portal\/index.php?rest_route=%2Fwp%2Fv2%2Ftags&post=106021"}],"curies":[{"name":"wp","href":"https:\/\/api.w.org\/{rel}","templated":true}]}}