{"id":105910,"date":"2017-01-01T13:48:20","date_gmt":"2017-01-01T15:48:20","guid":{"rendered":"http:\/\/aconteceunovale.com.br\/portal\/?p=105910"},"modified":"2026-09-01T12:04:53","modified_gmt":"2026-09-01T15:04:53","slug":"gedalvo-fernandes-e-eleito-presidente-da-camara-e-tadeuzinho-empossado-prefeito-de-capelinha","status":"publish","type":"post","link":"https:\/\/aconteceunovale.com.br\/portal\/?p=105910","title":{"rendered":"Gedalvo Fernandes \u00e9 eleito presidente da C\u00e2mara e Tadeuzinho empossado prefeito de Capelinha"},"content":{"rendered":"<p>O peemedebista Gedalvo Fernandes foi eleito neste domingo (1\u00ba de janeiro de 2017) presidente da C\u00e2mara Municipal de Capelinha para a legislatura 2017-2018. Fernandes recebeu o apoio de sete dos treze vereadores vencedores nas elei\u00e7\u00f5es 2016.<\/p>\n<p>L\u00fa do Piedade (PMN), como primeiro vice-presidente; L\u00e9 Neves (PSDB), como primeiro secret\u00e1rio; Jo\u00e3o de Dod\u00f3 (DEM), como segundo vice-presidente; e Jo\u00e3o do Maracuj\u00e1, como segundo secret\u00e1rio comp\u00f5e a chapa de Gedalvo Fernandes. Os cinco vereadores fazem parte da base aliada de Zezinho da Vitalina, que n\u00e3o conseguiu se reeleger nas elei\u00e7\u00f5es do ano passado.<\/p>\n<p>Ap\u00f3s a elei\u00e7\u00e3o para presid\u00eancia da C\u00e2mara, o novo presidente do legislativo empossou Tadeuzinho Abreu (PSC) e Dona \u00c9lida (PSC) como prefeito e vice, respectivamente. <\/p>\n<p>A posse em Capelinha ainda ter\u00e1 Missa de A\u00e7\u00e3o de Gra\u00e7as na Igreja Matriz e a partir das 20h, shows musicais no Parque de Exposi\u00e7\u00f5es com o sertanejo Jo\u00e3o Kazak e o forrozeiro Maluco do Forr\u00f3.<\/p>\n<p>Confira como votou cada vereador na escolha do novo presidente da C\u00e2mara:<\/p>\n<p>&#8211; Avenir do Hospital (PSB): Gilmar Santos<\/p>\n<p>&#8211; Toz\u00e3o (PMDB): Gilmar Santos<\/p>\n<p>&#8211; Santo Capeta (PSL): Gilmar Santos<\/p>\n<p>&#8211; Cleuber Luiz (PSC): Gilmar Santos <\/p>\n<p>&#8211; C\u00ed Mec\u00e2nico (PHS): Gilmar Santos<\/p>\n<p>&#8211; Gilmar Santos (PTC): Gilmar Santos<\/p>\n<p>&#8211; Jo\u00e3o Maracuj\u00e1 (PMDB): Gedalvo Fernandes<\/p>\n<p>&#8211; L\u00e9 Neves (PSDB): Gedalvo Fernandes<\/p>\n<p>&#8211; Gedalvo Fernandes (PMDB): Gedalvo Fernandes <\/p>\n<p>&#8211; Wilson Coelho (PSDB): Gedalvo Fernandes <\/p>\n<p>&#8211; Ci Farm\u00e1cia (PTB): Gedalvo Fernandes<\/p>\n<p>&#8211; Jo\u00e3o de Dod\u00f3 (DEM): Gedalvo Fernandes <\/p>\n<p>&#8211; L\u00fa do Piedade (PMN): Gedalvo Fernandes<\/p>\n<p><img decoding=\"async\" src=\"http:\/\/aconteceunovale.com.br\/portal\/wp-content\/uploads\/2017\/01\/tadeuzinho_prefeito_1.jpg\" alt=\"\" \/><em>Tadeuzinho foi empossado neste domingo (Foto: Divulga\u00e7\u00e3o)<\/em><br \/>\n<\/br><\/p>\n<p><strong>VER PRIMEIRO<\/strong><\/p>\n<p><strong>Receba as not\u00edcias do Aconteceu no Vale em primeira m\u00e3o. Clique em curtir no endere\u00e7o <a href=\"https:\/\/www.facebook.com\/aconteceunovale\" target=\"_blank\"><font color=\"red\">www.facebook.com\/aconteceunovale<\/font><\/a> ou no box abaixo:<\/strong><\/p>\n<div class=\"fb-like\" data-href=\"https:\/\/www.facebook.com\/aconteceunovale\" data-width=\"120\" data-layout=\"standard\" data-action=\"like\" data-size=\"small\" data-show-faces=\"true\" data-share=\"true\"><\/div>\n<p><\/br><\/p>\n","protected":false},"excerpt":{"rendered":"<p>O peemedebista Gedalvo Fernandes foi eleito neste domingo (1\u00ba de janeiro de 2017) presidente da C\u00e2mara Municipal de Capelinha para a legislatura 2017-2018. Fernandes recebeu o apoio de sete dos treze vereadores vencedores nas elei\u00e7\u00f5es 2016. L\u00fa do Piedade (PMN), como primeiro vice-presidente; L\u00e9 Neves (PSDB), como primeiro secret\u00e1rio; Jo\u00e3o de Dod\u00f3 (DEM), como segundo [&hellip;]<\/p>\n","protected":false},"author":1,"featured_media":105911,"comment_status":"open","ping_status":"closed","sticky":false,"template":"","format":"standard","meta":{"amp_status":"","footnotes":""},"categories":[272535,120],"tags":[132,1018,17982,133795,133794,133797,133799,133802,133801,133803,133796,133798,17594,133800],"class_list":["post-105910","post","type-post","status-publish","format-standard","has-post-thumbnail","hentry","category-capelinha","category-jequi","tag-capelinha","tag-destaque","tag-gedalvo-fernandes","tag-gedalvo-fernandes-e-o-novo-presidente-da-camara-de-capelinha","tag-gedalvo-fernandes-eleito-presidente-da-camara-de-capelinha","tag-novo-presidente-da-camara-de-capelinha","tag-novo-presidente-da-camara-municipal-de-capelinha","tag-posse-prefeito-de-capelinha","tag-posse-tadeuzinho-como-prefeito-de-capelinha","tag-posse-vereadores-de-capelinha","tag-presidente-da-camara-de-capelinha","tag-presidente-da-camara-municipal-de-capelinha","tag-tadeuzinho","tag-tadeuzinho-abreu"],"yoast_head":"<!-- This site is optimized with the Yoast SEO plugin v28.3 - https:\/\/yoast.com\/product\/yoast-seo-wordpress\/ -->\n<title>Gedalvo Fernandes \u00e9 eleito presidente da C\u00e2mara e Tadeuzinho empossado prefeito de Capelinha - Aconteceu no Vale<\/title>\n<meta name=\"robots\" content=\"index, follow, max-snippet:-1, max-image-preview:large, max-video-preview:-1\" \/>\n<link rel=\"canonical\" href=\"https:\/\/aconteceunovale.com.br\/portal\/?p=105910\" \/>\n<meta property=\"og:locale\" content=\"pt_BR\" \/>\n<meta property=\"og:type\" content=\"article\" \/>\n<meta property=\"og:title\" content=\"Gedalvo Fernandes \u00e9 eleito presidente da C\u00e2mara e Tadeuzinho empossado prefeito de Capelinha - Aconteceu no Vale\" \/>\n<meta property=\"og:description\" content=\"O peemedebista Gedalvo Fernandes foi eleito neste domingo (1\u00ba de janeiro de 2017) presidente da C\u00e2mara Municipal de Capelinha para a legislatura 2017-2018. Fernandes recebeu o apoio de sete dos treze vereadores vencedores nas elei\u00e7\u00f5es 2016. L\u00fa do Piedade (PMN), como primeiro vice-presidente; L\u00e9 Neves (PSDB), como primeiro secret\u00e1rio; Jo\u00e3o de Dod\u00f3 (DEM), como segundo [&hellip;]\" \/>\n<meta property=\"og:url\" content=\"https:\/\/aconteceunovale.com.br\/portal\/?p=105910\" \/>\n<meta property=\"og:site_name\" content=\"Aconteceu no Vale\" \/>\n<meta property=\"article:publisher\" content=\"https:\/\/www.facebook.com\/aconteceunovale\/\" \/>\n<meta property=\"article:published_time\" content=\"2017-01-01T15:48:20+00:00\" \/>\n<meta property=\"article:modified_time\" content=\"2026-09-01T15:04:53+00:00\" \/>\n<meta property=\"og:image\" content=\"https:\/\/aconteceunovale.com.br\/portal\/wp-content\/uploads\/2017\/01\/tadeuzinho_prefeito_1.jpg\" \/>\n\t<meta property=\"og:image:width\" content=\"678\" \/>\n\t<meta property=\"og:image:height\" content=\"445\" \/>\n\t<meta property=\"og:image:type\" content=\"image\/jpeg\" \/>\n<meta name=\"author\" content=\"Aconteceu no Vale\" \/>\n<meta name=\"twitter:card\" content=\"summary_large_image\" \/>\n<meta name=\"twitter:creator\" content=\"@noticiadosvales\" \/>\n<meta name=\"twitter:site\" content=\"@noticiadosvales\" \/>\n<meta name=\"twitter:label1\" content=\"Escrito por\" \/>\n\t<meta name=\"twitter:data1\" content=\"Aconteceu no Vale\" \/>\n\t<meta name=\"twitter:label2\" content=\"Est. tempo de leitura\" \/>\n\t<meta name=\"twitter:data2\" content=\"2 minutos\" \/>\n<script type=\"application\/ld+json\" class=\"yoast-schema-graph\">{\"@context\":\"https:\\\/\\\/schema.org\",\"@graph\":[{\"@type\":\"Article\",\"@id\":\"https:\\\/\\\/aconteceunovale.com.br\\\/portal\\\/?p=105910#article\",\"isPartOf\":{\"@id\":\"https:\\\/\\\/aconteceunovale.com.br\\\/portal\\\/?p=105910\"},\"author\":{\"name\":\"Aconteceu no Vale\",\"@id\":\"https:\\\/\\\/aconteceunovale.com.br\\\/portal\\\/#\\\/schema\\\/person\\\/633529146f2c94272bef50ac2953d589\"},\"headline\":\"Gedalvo Fernandes \u00e9 eleito presidente da C\u00e2mara e Tadeuzinho empossado prefeito de Capelinha\",\"datePublished\":\"2017-01-01T15:48:20+00:00\",\"dateModified\":\"2026-09-01T15:04:53+00:00\",\"mainEntityOfPage\":{\"@id\":\"https:\\\/\\\/aconteceunovale.com.br\\\/portal\\\/?p=105910\"},\"wordCount\":313,\"commentCount\":0,\"image\":{\"@id\":\"https:\\\/\\\/aconteceunovale.com.br\\\/portal\\\/?p=105910#primaryimage\"},\"thumbnailUrl\":\"https:\\\/\\\/aconteceunovale.com.br\\\/portal\\\/wp-content\\\/uploads\\\/2017\\\/01\\\/tadeuzinho_prefeito_1.jpg\",\"keywords\":[\"Capelinha\",\"destaque\",\"Gedalvo Fernandes\",\"Gedalvo Fernandes \u00e9 o novo presidente da C\u00e2mara de Capelinha\",\"Gedalvo Fernandes eleito presidente da C\u00e2mara de Capelinha\",\"Novo Presidente da C\u00e2mara de Capelinha\",\"Novo presidente da C\u00e2mara Municipal de Capelinha\",\"Posse prefeito de Capelinha\",\"Posse Tadeuzinho como prefeito de Capelinha\",\"Posse vereadores de Capelinha\",\"Presidente da C\u00e2mara de Capelinha\",\"presidente da C\u00e2mara Municipal de Capelinha\",\"Tadeuzinho\",\"Tadeuzinho Abreu\"],\"articleSection\":[\"Capelinha\",\"Vale do Jequitinhonha\"],\"inLanguage\":\"pt-BR\",\"potentialAction\":[{\"@type\":\"CommentAction\",\"name\":\"Comment\",\"target\":[\"https:\\\/\\\/aconteceunovale.com.br\\\/portal\\\/?p=105910#respond\"]}]},{\"@type\":\"WebPage\",\"@id\":\"https:\\\/\\\/aconteceunovale.com.br\\\/portal\\\/?p=105910\",\"url\":\"https:\\\/\\\/aconteceunovale.com.br\\\/portal\\\/?p=105910\",\"name\":\"Gedalvo Fernandes \u00e9 eleito presidente da C\u00e2mara e Tadeuzinho empossado prefeito de Capelinha - Aconteceu no Vale\",\"isPartOf\":{\"@id\":\"https:\\\/\\\/aconteceunovale.com.br\\\/portal\\\/#website\"},\"primaryImageOfPage\":{\"@id\":\"https:\\\/\\\/aconteceunovale.com.br\\\/portal\\\/?p=105910#primaryimage\"},\"image\":{\"@id\":\"https:\\\/\\\/aconteceunovale.com.br\\\/portal\\\/?p=105910#primaryimage\"},\"thumbnailUrl\":\"https:\\\/\\\/aconteceunovale.com.br\\\/portal\\\/wp-content\\\/uploads\\\/2017\\\/01\\\/tadeuzinho_prefeito_1.jpg\",\"datePublished\":\"2017-01-01T15:48:20+00:00\",\"dateModified\":\"2026-09-01T15:04:53+00:00\",\"author\":{\"@id\":\"https:\\\/\\\/aconteceunovale.com.br\\\/portal\\\/#\\\/schema\\\/person\\\/633529146f2c94272bef50ac2953d589\"},\"breadcrumb\":{\"@id\":\"https:\\\/\\\/aconteceunovale.com.br\\\/portal\\\/?p=105910#breadcrumb\"},\"inLanguage\":\"pt-BR\",\"potentialAction\":[{\"@type\":\"ReadAction\",\"target\":[\"https:\\\/\\\/aconteceunovale.com.br\\\/portal\\\/?p=105910\"]}]},{\"@type\":\"ImageObject\",\"inLanguage\":\"pt-BR\",\"@id\":\"https:\\\/\\\/aconteceunovale.com.br\\\/portal\\\/?p=105910#primaryimage\",\"url\":\"https:\\\/\\\/aconteceunovale.com.br\\\/portal\\\/wp-content\\\/uploads\\\/2017\\\/01\\\/tadeuzinho_prefeito_1.jpg\",\"contentUrl\":\"https:\\\/\\\/aconteceunovale.com.br\\\/portal\\\/wp-content\\\/uploads\\\/2017\\\/01\\\/tadeuzinho_prefeito_1.jpg\",\"width\":678,\"height\":445},{\"@type\":\"BreadcrumbList\",\"@id\":\"https:\\\/\\\/aconteceunovale.com.br\\\/portal\\\/?p=105910#breadcrumb\",\"itemListElement\":[{\"@type\":\"ListItem\",\"position\":1,\"name\":\"In\u00edcio\",\"item\":\"https:\\\/\\\/aconteceunovale.com.br\\\/portal\\\/\"},{\"@type\":\"ListItem\",\"position\":2,\"name\":\"Gedalvo Fernandes \u00e9 eleito presidente da C\u00e2mara e Tadeuzinho empossado prefeito de Capelinha\"}]},{\"@type\":\"WebSite\",\"@id\":\"https:\\\/\\\/aconteceunovale.com.br\\\/portal\\\/#website\",\"url\":\"https:\\\/\\\/aconteceunovale.com.br\\\/portal\\\/\",\"name\":\"Aconteceu no Vale\",\"description\":\"Portal de Not\u00edcias\",\"potentialAction\":[{\"@type\":\"SearchAction\",\"target\":{\"@type\":\"EntryPoint\",\"urlTemplate\":\"https:\\\/\\\/aconteceunovale.com.br\\\/portal\\\/?s={search_term_string}\"},\"query-input\":{\"@type\":\"PropertyValueSpecification\",\"valueRequired\":true,\"valueName\":\"search_term_string\"}}],\"inLanguage\":\"pt-BR\"},{\"@type\":\"Person\",\"@id\":\"https:\\\/\\\/aconteceunovale.com.br\\\/portal\\\/#\\\/schema\\\/person\\\/633529146f2c94272bef50ac2953d589\",\"name\":\"Aconteceu no Vale\",\"description\":\"Equipe de reportagem do Aconteceu no Vale, portal de not\u00edcias do Vale do Jequitinhonha, em Minas Gerais. Cobrimos as 51 cidades do Vale desde 2013. Sugest\u00f5es de pauta e pedidos de corre\u00e7\u00e3o: contato@aconteceunovale.com.br\",\"sameAs\":[\"http:\\\/\\\/www.aconteceunovale.com.br\"],\"url\":\"https:\\\/\\\/aconteceunovale.com.br\\\/portal\\\/?author=1\"}]}<\/script>\n<!-- \/ Yoast SEO plugin. -->","yoast_head_json":{"title":"Gedalvo Fernandes \u00e9 eleito presidente da C\u00e2mara e Tadeuzinho empossado prefeito de Capelinha - Aconteceu no Vale","robots":{"index":"index","follow":"follow","max-snippet":"max-snippet:-1","max-image-preview":"max-image-preview:large","max-video-preview":"max-video-preview:-1"},"canonical":"https:\/\/aconteceunovale.com.br\/portal\/?p=105910","og_locale":"pt_BR","og_type":"article","og_title":"Gedalvo Fernandes \u00e9 eleito presidente da C\u00e2mara e Tadeuzinho empossado prefeito de Capelinha - Aconteceu no Vale","og_description":"O peemedebista Gedalvo Fernandes foi eleito neste domingo (1\u00ba de janeiro de 2017) presidente da C\u00e2mara Municipal de Capelinha para a legislatura 2017-2018. Fernandes recebeu o apoio de sete dos treze vereadores vencedores nas elei\u00e7\u00f5es 2016. L\u00fa do Piedade (PMN), como primeiro vice-presidente; L\u00e9 Neves (PSDB), como primeiro secret\u00e1rio; Jo\u00e3o de Dod\u00f3 (DEM), como segundo [&hellip;]","og_url":"https:\/\/aconteceunovale.com.br\/portal\/?p=105910","og_site_name":"Aconteceu no Vale","article_publisher":"https:\/\/www.facebook.com\/aconteceunovale\/","article_published_time":"2017-01-01T15:48:20+00:00","article_modified_time":"2026-09-01T15:04:53+00:00","og_image":[{"width":678,"height":445,"url":"https:\/\/aconteceunovale.com.br\/portal\/wp-content\/uploads\/2017\/01\/tadeuzinho_prefeito_1.jpg","type":"image\/jpeg"}],"author":"Aconteceu no Vale","twitter_card":"summary_large_image","twitter_creator":"@noticiadosvales","twitter_site":"@noticiadosvales","twitter_misc":{"Escrito por":"Aconteceu no Vale","Est. tempo de leitura":"2 minutos"},"schema":{"@context":"https:\/\/schema.org","@graph":[{"@type":"Article","@id":"https:\/\/aconteceunovale.com.br\/portal\/?p=105910#article","isPartOf":{"@id":"https:\/\/aconteceunovale.com.br\/portal\/?p=105910"},"author":{"name":"Aconteceu no Vale","@id":"https:\/\/aconteceunovale.com.br\/portal\/#\/schema\/person\/633529146f2c94272bef50ac2953d589"},"headline":"Gedalvo Fernandes \u00e9 eleito presidente da C\u00e2mara e Tadeuzinho empossado prefeito de Capelinha","datePublished":"2017-01-01T15:48:20+00:00","dateModified":"2026-09-01T15:04:53+00:00","mainEntityOfPage":{"@id":"https:\/\/aconteceunovale.com.br\/portal\/?p=105910"},"wordCount":313,"commentCount":0,"image":{"@id":"https:\/\/aconteceunovale.com.br\/portal\/?p=105910#primaryimage"},"thumbnailUrl":"https:\/\/aconteceunovale.com.br\/portal\/wp-content\/uploads\/2017\/01\/tadeuzinho_prefeito_1.jpg","keywords":["Capelinha","destaque","Gedalvo Fernandes","Gedalvo Fernandes \u00e9 o novo presidente da C\u00e2mara de Capelinha","Gedalvo Fernandes eleito presidente da C\u00e2mara de Capelinha","Novo Presidente da C\u00e2mara de Capelinha","Novo presidente da C\u00e2mara Municipal de Capelinha","Posse prefeito de Capelinha","Posse Tadeuzinho como prefeito de Capelinha","Posse vereadores de Capelinha","Presidente da C\u00e2mara de Capelinha","presidente da C\u00e2mara Municipal de Capelinha","Tadeuzinho","Tadeuzinho Abreu"],"articleSection":["Capelinha","Vale do Jequitinhonha"],"inLanguage":"pt-BR","potentialAction":[{"@type":"CommentAction","name":"Comment","target":["https:\/\/aconteceunovale.com.br\/portal\/?p=105910#respond"]}]},{"@type":"WebPage","@id":"https:\/\/aconteceunovale.com.br\/portal\/?p=105910","url":"https:\/\/aconteceunovale.com.br\/portal\/?p=105910","name":"Gedalvo Fernandes \u00e9 eleito presidente da C\u00e2mara e Tadeuzinho empossado prefeito de Capelinha - Aconteceu no Vale","isPartOf":{"@id":"https:\/\/aconteceunovale.com.br\/portal\/#website"},"primaryImageOfPage":{"@id":"https:\/\/aconteceunovale.com.br\/portal\/?p=105910#primaryimage"},"image":{"@id":"https:\/\/aconteceunovale.com.br\/portal\/?p=105910#primaryimage"},"thumbnailUrl":"https:\/\/aconteceunovale.com.br\/portal\/wp-content\/uploads\/2017\/01\/tadeuzinho_prefeito_1.jpg","datePublished":"2017-01-01T15:48:20+00:00","dateModified":"2026-09-01T15:04:53+00:00","author":{"@id":"https:\/\/aconteceunovale.com.br\/portal\/#\/schema\/person\/633529146f2c94272bef50ac2953d589"},"breadcrumb":{"@id":"https:\/\/aconteceunovale.com.br\/portal\/?p=105910#breadcrumb"},"inLanguage":"pt-BR","potentialAction":[{"@type":"ReadAction","target":["https:\/\/aconteceunovale.com.br\/portal\/?p=105910"]}]},{"@type":"ImageObject","inLanguage":"pt-BR","@id":"https:\/\/aconteceunovale.com.br\/portal\/?p=105910#primaryimage","url":"https:\/\/aconteceunovale.com.br\/portal\/wp-content\/uploads\/2017\/01\/tadeuzinho_prefeito_1.jpg","contentUrl":"https:\/\/aconteceunovale.com.br\/portal\/wp-content\/uploads\/2017\/01\/tadeuzinho_prefeito_1.jpg","width":678,"height":445},{"@type":"BreadcrumbList","@id":"https:\/\/aconteceunovale.com.br\/portal\/?p=105910#breadcrumb","itemListElement":[{"@type":"ListItem","position":1,"name":"In\u00edcio","item":"https:\/\/aconteceunovale.com.br\/portal\/"},{"@type":"ListItem","position":2,"name":"Gedalvo Fernandes \u00e9 eleito presidente da C\u00e2mara e Tadeuzinho empossado prefeito de Capelinha"}]},{"@type":"WebSite","@id":"https:\/\/aconteceunovale.com.br\/portal\/#website","url":"https:\/\/aconteceunovale.com.br\/portal\/","name":"Aconteceu no Vale","description":"Portal de Not\u00edcias","potentialAction":[{"@type":"SearchAction","target":{"@type":"EntryPoint","urlTemplate":"https:\/\/aconteceunovale.com.br\/portal\/?s={search_term_string}"},"query-input":{"@type":"PropertyValueSpecification","valueRequired":true,"valueName":"search_term_string"}}],"inLanguage":"pt-BR"},{"@type":"Person","@id":"https:\/\/aconteceunovale.com.br\/portal\/#\/schema\/person\/633529146f2c94272bef50ac2953d589","name":"Aconteceu no Vale","description":"Equipe de reportagem do Aconteceu no Vale, portal de not\u00edcias do Vale do Jequitinhonha, em Minas Gerais. Cobrimos as 51 cidades do Vale desde 2013. Sugest\u00f5es de pauta e pedidos de corre\u00e7\u00e3o: contato@aconteceunovale.com.br","sameAs":["http:\/\/www.aconteceunovale.com.br"],"url":"https:\/\/aconteceunovale.com.br\/portal\/?author=1"}]}},"_links":{"self":[{"href":"https:\/\/aconteceunovale.com.br\/portal\/index.php?rest_route=\/wp\/v2\/posts\/105910","targetHints":{"allow":["GET"]}}],"collection":[{"href":"https:\/\/aconteceunovale.com.br\/portal\/index.php?rest_route=\/wp\/v2\/posts"}],"about":[{"href":"https:\/\/aconteceunovale.com.br\/portal\/index.php?rest_route=\/wp\/v2\/types\/post"}],"author":[{"embeddable":true,"href":"https:\/\/aconteceunovale.com.br\/portal\/index.php?rest_route=\/wp\/v2\/users\/1"}],"replies":[{"embeddable":true,"href":"https:\/\/aconteceunovale.com.br\/portal\/index.php?rest_route=%2Fwp%2Fv2%2Fcomments&post=105910"}],"version-history":[{"count":1,"href":"https:\/\/aconteceunovale.com.br\/portal\/index.php?rest_route=\/wp\/v2\/posts\/105910\/revisions"}],"predecessor-version":[{"id":198467,"href":"https:\/\/aconteceunovale.com.br\/portal\/index.php?rest_route=\/wp\/v2\/posts\/105910\/revisions\/198467"}],"wp:featuredmedia":[{"embeddable":true,"href":"https:\/\/aconteceunovale.com.br\/portal\/index.php?rest_route=\/wp\/v2\/media\/105911"}],"wp:attachment":[{"href":"https:\/\/aconteceunovale.com.br\/portal\/index.php?rest_route=%2Fwp%2Fv2%2Fmedia&parent=105910"}],"wp:term":[{"taxonomy":"category","embeddable":true,"href":"https:\/\/aconteceunovale.com.br\/portal\/index.php?rest_route=%2Fwp%2Fv2%2Fcategories&post=105910"},{"taxonomy":"post_tag","embeddable":true,"href":"https:\/\/aconteceunovale.com.br\/portal\/index.php?rest_route=%2Fwp%2Fv2%2Ftags&post=105910"}],"curies":[{"name":"wp","href":"https:\/\/api.w.org\/{rel}","templated":true}]}}