{"id":105899,"date":"2017-01-01T12:40:09","date_gmt":"2017-01-01T14:40:09","guid":{"rendered":"http:\/\/aconteceunovale.com.br\/portal\/?p=105899"},"modified":"2017-01-01T12:40:09","modified_gmt":"2017-01-01T14:40:09","slug":"bombeiros-combatem-dois-incendios-no-primeiro-dia-do-ano-em-montes-claros","status":"publish","type":"post","link":"https:\/\/aconteceunovale.com.br\/portal\/?p=105899","title":{"rendered":"Bombeiros combatem dois inc\u00eandios no primeiro dia do ano em Montes Claros"},"content":{"rendered":"<p>A Pol\u00edcia Militar e o Corpo de Bombeiros registraram dois inc\u00eandios na madrugada deste domingo (1\u00ba de janeiro de 2017) em Montes Claros, no Norte de Minas. A PM acredita que as duas ocorr\u00eancias tenham sido provocadas ap\u00f3s a\u00e7\u00f5es criminosas.<\/p>\n<p>O primeiro foi em um condom\u00ednio no Bairro Ac\u00e1cias. Militares do Corpo de Bombeiro foram acionados e tiveram de arrombar a porta para conseguir entrar no im\u00f3vel. Os militares afirmam que as chamas atingiram tr\u00eas quartos da casa e destru\u00ed todos os m\u00f3veis da resid\u00eancia.<\/p>\n<p>Dois periquitos morreram asfixiados por causa da fuma\u00e7a, segundo os Bombeiros. Um cachorro que tamb\u00e9m corria risco de morte foi retirado pelos militares. Segundo a PM, a dona do im\u00f3vel n\u00e3o estava no local na hora do inc\u00eandio, mas vizinhos afirmaram ter visto o ex-companheiro dela na casa pouco antes do das chamas propagarem. Um perito tamb\u00e9m foi chamado para ajudar na identifica\u00e7\u00e3o das causas das chamas.<\/p>\n<p><img decoding=\"async\" src=\"http:\/\/aconteceunovale.com.br\/portal\/wp-content\/uploads\/2017\/01\/incendio_moc_1jan_3.jpg\" alt=\"\" \/><em>Aves morreram asfixiadas com a fuma\u00e7a (Foto: Corpo de Bombeiros\/Divulga\u00e7\u00e3o)<\/em><br \/>\n<\/br><\/p>\n<p><strong>Outro inc\u00eandio<\/strong><\/p>\n<p>A outra ocorr\u00eancia de inc\u00eandio foi na Vila Telma, pr\u00f3ximo a um posto de combust\u00edveis. Segundo a Pol\u00edcia Militar, um homem ateou fogo em uma casa ap\u00f3s brigar com a companheira.<\/p>\n<p>O Corpo de Bombeiros tamb\u00e9m atendeu a ocorr\u00eancia, e informou que as chamas atingiram um c\u00f4modo do im\u00f3vel. O fogo destruiu m\u00f3veis, roupas e eletrodom\u00e9sticos. Para conter as chamas, os bombeiros usaram cerca de tr\u00eas mil litros de \u00e1gua e trabalharam cerca de 50 minutos no local.<\/p>\n<p><img decoding=\"async\" src=\"http:\/\/aconteceunovale.com.br\/portal\/wp-content\/uploads\/2017\/01\/incendio_moc_1jan_1.jpg\" alt=\"\" \/><em>Bombeiros combatem inc\u00eandio na Vila Telma (Foto: Corpo de Bombeiros\/Divulga\u00e7\u00e3o)<\/em><br \/>\n<\/br><\/p>\n<p><img decoding=\"async\" src=\"http:\/\/aconteceunovale.com.br\/portal\/wp-content\/uploads\/2017\/01\/incendio_moc_1jan_1.jpg\" alt=\"\" \/><em>Bombeiros combatem inc\u00eandio na Vila Telma (Foto: Corpo de Bombeiros\/Divulga\u00e7\u00e3o)<\/em><br \/>\n<\/br><\/p>\n<p><strong>VER PRIMEIRO<\/strong><\/p>\n<p><strong>Receba as not\u00edcias do Aconteceu no Vale em primeira m\u00e3o. Clique em curtir no endere\u00e7o <a href=\"https:\/\/www.facebook.com\/aconteceunovale\" target=\"_blank\"><font color=\"red\">www.facebook.com\/aconteceunovale<\/font><\/a> ou no box abaixo:<\/strong><\/p>\n<div class=\"fb-like\" data-href=\"https:\/\/www.facebook.com\/aconteceunovale\" data-width=\"120\" data-layout=\"standard\" data-action=\"like\" data-size=\"small\" data-show-faces=\"true\" data-share=\"true\"><\/div>\n<p><\/br><\/p>\n<p><em>(Fonte: G1 Grande Minas)<\/em><\/p>\n","protected":false},"excerpt":{"rendered":"<p>A Pol\u00edcia Militar e o Corpo de Bombeiros registraram dois inc\u00eandios na madrugada deste domingo (1\u00ba de janeiro de 2017) em Montes Claros, no Norte de Minas. A PM acredita que as duas ocorr\u00eancias tenham sido provocadas ap\u00f3s a\u00e7\u00f5es criminosas. O primeiro foi em um condom\u00ednio no Bairro Ac\u00e1cias. Militares do Corpo de Bombeiro foram [&hellip;]<\/p>\n","protected":false},"author":1,"featured_media":105900,"comment_status":"open","ping_status":"closed","sticky":false,"template":"","format":"standard","meta":{"amp_status":"","footnotes":""},"categories":[1236],"tags":[133784,116149,133782,60747,133780,133781,133779,210,133783,133778],"class_list":["post-105899","post","type-post","status-publish","format-standard","has-post-thumbnail","hentry","category-norte_de_minas","tag-bombeiros-combatem-dois-incendios-no-primeiro-dia-do-ano-em-montes-claros","tag-bombeiros-de-montes-claros","tag-combate-a-incendios-em-montes-claros","tag-incendio-em-montes-claros","tag-incendio-na-vila-telma-em-montes-claros","tag-incendio-no-bairro-acacias-em-montes-claros","tag-incendios-em-montes-claros","tag-montes-claros","tag-ocorrencias-de-incendios-em-montes-claros","tag-policia-e-bombeiros-registram-dois-incendios-no-primeiro-dia-do-ano-em-montes-claros"],"yoast_head":"<!-- This site is optimized with the Yoast SEO plugin v28.3 - https:\/\/yoast.com\/product\/yoast-seo-wordpress\/ -->\n<title>Bombeiros combatem dois inc\u00eandios no primeiro dia do ano em Montes Claros - Aconteceu no Vale<\/title>\n<meta name=\"robots\" content=\"index, follow, max-snippet:-1, max-image-preview:large, max-video-preview:-1\" \/>\n<link rel=\"canonical\" href=\"https:\/\/aconteceunovale.com.br\/portal\/?p=105899\" \/>\n<meta property=\"og:locale\" content=\"pt_BR\" \/>\n<meta property=\"og:type\" content=\"article\" \/>\n<meta property=\"og:title\" content=\"Bombeiros combatem dois inc\u00eandios no primeiro dia do ano em Montes Claros - Aconteceu no Vale\" \/>\n<meta property=\"og:description\" content=\"A Pol\u00edcia Militar e o Corpo de Bombeiros registraram dois inc\u00eandios na madrugada deste domingo (1\u00ba de janeiro de 2017) em Montes Claros, no Norte de Minas. A PM acredita que as duas ocorr\u00eancias tenham sido provocadas ap\u00f3s a\u00e7\u00f5es criminosas. O primeiro foi em um condom\u00ednio no Bairro Ac\u00e1cias. Militares do Corpo de Bombeiro foram [&hellip;]\" \/>\n<meta property=\"og:url\" content=\"https:\/\/aconteceunovale.com.br\/portal\/?p=105899\" \/>\n<meta property=\"og:site_name\" content=\"Aconteceu no Vale\" \/>\n<meta property=\"article:publisher\" content=\"https:\/\/www.facebook.com\/aconteceunovale\/\" \/>\n<meta property=\"article:published_time\" content=\"2017-01-01T14:40:09+00:00\" \/>\n<meta property=\"og:image\" content=\"https:\/\/aconteceunovale.com.br\/portal\/wp-content\/uploads\/2017\/01\/incendio_moc_1jan_1.jpg\" \/>\n\t<meta property=\"og:image:width\" content=\"678\" \/>\n\t<meta property=\"og:image:height\" content=\"406\" \/>\n\t<meta property=\"og:image:type\" content=\"image\/jpeg\" \/>\n<meta name=\"author\" content=\"Aconteceu no Vale\" \/>\n<meta name=\"twitter:card\" content=\"summary_large_image\" \/>\n<meta name=\"twitter:creator\" content=\"@noticiadosvales\" \/>\n<meta name=\"twitter:site\" content=\"@noticiadosvales\" \/>\n<meta name=\"twitter:label1\" content=\"Escrito por\" \/>\n\t<meta name=\"twitter:data1\" content=\"Aconteceu no Vale\" \/>\n\t<meta name=\"twitter:label2\" content=\"Est. tempo de leitura\" \/>\n\t<meta name=\"twitter:data2\" content=\"2 minutos\" \/>\n<script type=\"application\/ld+json\" class=\"yoast-schema-graph\">{\"@context\":\"https:\\\/\\\/schema.org\",\"@graph\":[{\"@type\":\"Article\",\"@id\":\"https:\\\/\\\/aconteceunovale.com.br\\\/portal\\\/?p=105899#article\",\"isPartOf\":{\"@id\":\"https:\\\/\\\/aconteceunovale.com.br\\\/portal\\\/?p=105899\"},\"author\":{\"name\":\"Aconteceu no Vale\",\"@id\":\"https:\\\/\\\/aconteceunovale.com.br\\\/portal\\\/#\\\/schema\\\/person\\\/633529146f2c94272bef50ac2953d589\"},\"headline\":\"Bombeiros combatem dois inc\u00eandios no primeiro dia do ano em Montes Claros\",\"datePublished\":\"2017-01-01T14:40:09+00:00\",\"mainEntityOfPage\":{\"@id\":\"https:\\\/\\\/aconteceunovale.com.br\\\/portal\\\/?p=105899\"},\"wordCount\":345,\"commentCount\":0,\"image\":{\"@id\":\"https:\\\/\\\/aconteceunovale.com.br\\\/portal\\\/?p=105899#primaryimage\"},\"thumbnailUrl\":\"https:\\\/\\\/aconteceunovale.com.br\\\/portal\\\/wp-content\\\/uploads\\\/2017\\\/01\\\/incendio_moc_1jan_1.jpg\",\"keywords\":[\"Bombeiros combatem dois inc\u00eandios no primeiro dia do ano em Montes Claros\",\"Bombeiros de Montes Claros\",\"Combate a inc\u00eandios em Montes Claros\",\"inc\u00eandio em Montes Claros\",\"Inc\u00eandio na vila telma em Montes Claros\",\"Inc\u00eandio no bairro ac\u00e1cias em Montes Claros\",\"Inc\u00eandios em Montes Claros\",\"Montes Claros\",\"Ocorr\u00eancias de inc\u00eandios em Montes Claros\",\"Pol\u00edcia e bombeiros registram dois inc\u00eandios no primeiro dia do ano em Montes Claros\"],\"articleSection\":[\"Norte de Minas\"],\"inLanguage\":\"pt-BR\",\"potentialAction\":[{\"@type\":\"CommentAction\",\"name\":\"Comment\",\"target\":[\"https:\\\/\\\/aconteceunovale.com.br\\\/portal\\\/?p=105899#respond\"]}]},{\"@type\":\"WebPage\",\"@id\":\"https:\\\/\\\/aconteceunovale.com.br\\\/portal\\\/?p=105899\",\"url\":\"https:\\\/\\\/aconteceunovale.com.br\\\/portal\\\/?p=105899\",\"name\":\"Bombeiros combatem dois inc\u00eandios no primeiro dia do ano em Montes Claros - Aconteceu no Vale\",\"isPartOf\":{\"@id\":\"https:\\\/\\\/aconteceunovale.com.br\\\/portal\\\/#website\"},\"primaryImageOfPage\":{\"@id\":\"https:\\\/\\\/aconteceunovale.com.br\\\/portal\\\/?p=105899#primaryimage\"},\"image\":{\"@id\":\"https:\\\/\\\/aconteceunovale.com.br\\\/portal\\\/?p=105899#primaryimage\"},\"thumbnailUrl\":\"https:\\\/\\\/aconteceunovale.com.br\\\/portal\\\/wp-content\\\/uploads\\\/2017\\\/01\\\/incendio_moc_1jan_1.jpg\",\"datePublished\":\"2017-01-01T14:40:09+00:00\",\"author\":{\"@id\":\"https:\\\/\\\/aconteceunovale.com.br\\\/portal\\\/#\\\/schema\\\/person\\\/633529146f2c94272bef50ac2953d589\"},\"breadcrumb\":{\"@id\":\"https:\\\/\\\/aconteceunovale.com.br\\\/portal\\\/?p=105899#breadcrumb\"},\"inLanguage\":\"pt-BR\",\"potentialAction\":[{\"@type\":\"ReadAction\",\"target\":[\"https:\\\/\\\/aconteceunovale.com.br\\\/portal\\\/?p=105899\"]}]},{\"@type\":\"ImageObject\",\"inLanguage\":\"pt-BR\",\"@id\":\"https:\\\/\\\/aconteceunovale.com.br\\\/portal\\\/?p=105899#primaryimage\",\"url\":\"https:\\\/\\\/aconteceunovale.com.br\\\/portal\\\/wp-content\\\/uploads\\\/2017\\\/01\\\/incendio_moc_1jan_1.jpg\",\"contentUrl\":\"https:\\\/\\\/aconteceunovale.com.br\\\/portal\\\/wp-content\\\/uploads\\\/2017\\\/01\\\/incendio_moc_1jan_1.jpg\",\"width\":678,\"height\":406},{\"@type\":\"BreadcrumbList\",\"@id\":\"https:\\\/\\\/aconteceunovale.com.br\\\/portal\\\/?p=105899#breadcrumb\",\"itemListElement\":[{\"@type\":\"ListItem\",\"position\":1,\"name\":\"In\u00edcio\",\"item\":\"https:\\\/\\\/aconteceunovale.com.br\\\/portal\\\/\"},{\"@type\":\"ListItem\",\"position\":2,\"name\":\"Bombeiros combatem dois inc\u00eandios no primeiro dia do ano em Montes Claros\"}]},{\"@type\":\"WebSite\",\"@id\":\"https:\\\/\\\/aconteceunovale.com.br\\\/portal\\\/#website\",\"url\":\"https:\\\/\\\/aconteceunovale.com.br\\\/portal\\\/\",\"name\":\"Aconteceu no Vale\",\"description\":\"Portal de Not\u00edcias\",\"potentialAction\":[{\"@type\":\"SearchAction\",\"target\":{\"@type\":\"EntryPoint\",\"urlTemplate\":\"https:\\\/\\\/aconteceunovale.com.br\\\/portal\\\/?s={search_term_string}\"},\"query-input\":{\"@type\":\"PropertyValueSpecification\",\"valueRequired\":true,\"valueName\":\"search_term_string\"}}],\"inLanguage\":\"pt-BR\"},{\"@type\":\"Person\",\"@id\":\"https:\\\/\\\/aconteceunovale.com.br\\\/portal\\\/#\\\/schema\\\/person\\\/633529146f2c94272bef50ac2953d589\",\"name\":\"Aconteceu no Vale\",\"description\":\"Equipe de reportagem do Aconteceu no Vale, portal de not\u00edcias do Vale do Jequitinhonha, em Minas Gerais. Cobrimos as 51 cidades do Vale desde 2013. Sugest\u00f5es de pauta e pedidos de corre\u00e7\u00e3o: contato@aconteceunovale.com.br\",\"sameAs\":[\"http:\\\/\\\/www.aconteceunovale.com.br\"],\"url\":\"https:\\\/\\\/aconteceunovale.com.br\\\/portal\\\/?author=1\"}]}<\/script>\n<!-- \/ Yoast SEO plugin. -->","yoast_head_json":{"title":"Bombeiros combatem dois inc\u00eandios no primeiro dia do ano em Montes Claros - Aconteceu no Vale","robots":{"index":"index","follow":"follow","max-snippet":"max-snippet:-1","max-image-preview":"max-image-preview:large","max-video-preview":"max-video-preview:-1"},"canonical":"https:\/\/aconteceunovale.com.br\/portal\/?p=105899","og_locale":"pt_BR","og_type":"article","og_title":"Bombeiros combatem dois inc\u00eandios no primeiro dia do ano em Montes Claros - Aconteceu no Vale","og_description":"A Pol\u00edcia Militar e o Corpo de Bombeiros registraram dois inc\u00eandios na madrugada deste domingo (1\u00ba de janeiro de 2017) em Montes Claros, no Norte de Minas. A PM acredita que as duas ocorr\u00eancias tenham sido provocadas ap\u00f3s a\u00e7\u00f5es criminosas. O primeiro foi em um condom\u00ednio no Bairro Ac\u00e1cias. Militares do Corpo de Bombeiro foram [&hellip;]","og_url":"https:\/\/aconteceunovale.com.br\/portal\/?p=105899","og_site_name":"Aconteceu no Vale","article_publisher":"https:\/\/www.facebook.com\/aconteceunovale\/","article_published_time":"2017-01-01T14:40:09+00:00","og_image":[{"width":678,"height":406,"url":"https:\/\/aconteceunovale.com.br\/portal\/wp-content\/uploads\/2017\/01\/incendio_moc_1jan_1.jpg","type":"image\/jpeg"}],"author":"Aconteceu no Vale","twitter_card":"summary_large_image","twitter_creator":"@noticiadosvales","twitter_site":"@noticiadosvales","twitter_misc":{"Escrito por":"Aconteceu no Vale","Est. tempo de leitura":"2 minutos"},"schema":{"@context":"https:\/\/schema.org","@graph":[{"@type":"Article","@id":"https:\/\/aconteceunovale.com.br\/portal\/?p=105899#article","isPartOf":{"@id":"https:\/\/aconteceunovale.com.br\/portal\/?p=105899"},"author":{"name":"Aconteceu no Vale","@id":"https:\/\/aconteceunovale.com.br\/portal\/#\/schema\/person\/633529146f2c94272bef50ac2953d589"},"headline":"Bombeiros combatem dois inc\u00eandios no primeiro dia do ano em Montes Claros","datePublished":"2017-01-01T14:40:09+00:00","mainEntityOfPage":{"@id":"https:\/\/aconteceunovale.com.br\/portal\/?p=105899"},"wordCount":345,"commentCount":0,"image":{"@id":"https:\/\/aconteceunovale.com.br\/portal\/?p=105899#primaryimage"},"thumbnailUrl":"https:\/\/aconteceunovale.com.br\/portal\/wp-content\/uploads\/2017\/01\/incendio_moc_1jan_1.jpg","keywords":["Bombeiros combatem dois inc\u00eandios no primeiro dia do ano em Montes Claros","Bombeiros de Montes Claros","Combate a inc\u00eandios em Montes Claros","inc\u00eandio em Montes Claros","Inc\u00eandio na vila telma em Montes Claros","Inc\u00eandio no bairro ac\u00e1cias em Montes Claros","Inc\u00eandios em Montes Claros","Montes Claros","Ocorr\u00eancias de inc\u00eandios em Montes Claros","Pol\u00edcia e bombeiros registram dois inc\u00eandios no primeiro dia do ano em Montes Claros"],"articleSection":["Norte de Minas"],"inLanguage":"pt-BR","potentialAction":[{"@type":"CommentAction","name":"Comment","target":["https:\/\/aconteceunovale.com.br\/portal\/?p=105899#respond"]}]},{"@type":"WebPage","@id":"https:\/\/aconteceunovale.com.br\/portal\/?p=105899","url":"https:\/\/aconteceunovale.com.br\/portal\/?p=105899","name":"Bombeiros combatem dois inc\u00eandios no primeiro dia do ano em Montes Claros - Aconteceu no Vale","isPartOf":{"@id":"https:\/\/aconteceunovale.com.br\/portal\/#website"},"primaryImageOfPage":{"@id":"https:\/\/aconteceunovale.com.br\/portal\/?p=105899#primaryimage"},"image":{"@id":"https:\/\/aconteceunovale.com.br\/portal\/?p=105899#primaryimage"},"thumbnailUrl":"https:\/\/aconteceunovale.com.br\/portal\/wp-content\/uploads\/2017\/01\/incendio_moc_1jan_1.jpg","datePublished":"2017-01-01T14:40:09+00:00","author":{"@id":"https:\/\/aconteceunovale.com.br\/portal\/#\/schema\/person\/633529146f2c94272bef50ac2953d589"},"breadcrumb":{"@id":"https:\/\/aconteceunovale.com.br\/portal\/?p=105899#breadcrumb"},"inLanguage":"pt-BR","potentialAction":[{"@type":"ReadAction","target":["https:\/\/aconteceunovale.com.br\/portal\/?p=105899"]}]},{"@type":"ImageObject","inLanguage":"pt-BR","@id":"https:\/\/aconteceunovale.com.br\/portal\/?p=105899#primaryimage","url":"https:\/\/aconteceunovale.com.br\/portal\/wp-content\/uploads\/2017\/01\/incendio_moc_1jan_1.jpg","contentUrl":"https:\/\/aconteceunovale.com.br\/portal\/wp-content\/uploads\/2017\/01\/incendio_moc_1jan_1.jpg","width":678,"height":406},{"@type":"BreadcrumbList","@id":"https:\/\/aconteceunovale.com.br\/portal\/?p=105899#breadcrumb","itemListElement":[{"@type":"ListItem","position":1,"name":"In\u00edcio","item":"https:\/\/aconteceunovale.com.br\/portal\/"},{"@type":"ListItem","position":2,"name":"Bombeiros combatem dois inc\u00eandios no primeiro dia do ano em Montes Claros"}]},{"@type":"WebSite","@id":"https:\/\/aconteceunovale.com.br\/portal\/#website","url":"https:\/\/aconteceunovale.com.br\/portal\/","name":"Aconteceu no Vale","description":"Portal de Not\u00edcias","potentialAction":[{"@type":"SearchAction","target":{"@type":"EntryPoint","urlTemplate":"https:\/\/aconteceunovale.com.br\/portal\/?s={search_term_string}"},"query-input":{"@type":"PropertyValueSpecification","valueRequired":true,"valueName":"search_term_string"}}],"inLanguage":"pt-BR"},{"@type":"Person","@id":"https:\/\/aconteceunovale.com.br\/portal\/#\/schema\/person\/633529146f2c94272bef50ac2953d589","name":"Aconteceu no Vale","description":"Equipe de reportagem do Aconteceu no Vale, portal de not\u00edcias do Vale do Jequitinhonha, em Minas Gerais. Cobrimos as 51 cidades do Vale desde 2013. Sugest\u00f5es de pauta e pedidos de corre\u00e7\u00e3o: contato@aconteceunovale.com.br","sameAs":["http:\/\/www.aconteceunovale.com.br"],"url":"https:\/\/aconteceunovale.com.br\/portal\/?author=1"}]}},"_links":{"self":[{"href":"https:\/\/aconteceunovale.com.br\/portal\/index.php?rest_route=\/wp\/v2\/posts\/105899","targetHints":{"allow":["GET"]}}],"collection":[{"href":"https:\/\/aconteceunovale.com.br\/portal\/index.php?rest_route=\/wp\/v2\/posts"}],"about":[{"href":"https:\/\/aconteceunovale.com.br\/portal\/index.php?rest_route=\/wp\/v2\/types\/post"}],"author":[{"embeddable":true,"href":"https:\/\/aconteceunovale.com.br\/portal\/index.php?rest_route=\/wp\/v2\/users\/1"}],"replies":[{"embeddable":true,"href":"https:\/\/aconteceunovale.com.br\/portal\/index.php?rest_route=%2Fwp%2Fv2%2Fcomments&post=105899"}],"version-history":[{"count":0,"href":"https:\/\/aconteceunovale.com.br\/portal\/index.php?rest_route=\/wp\/v2\/posts\/105899\/revisions"}],"wp:featuredmedia":[{"embeddable":true,"href":"https:\/\/aconteceunovale.com.br\/portal\/index.php?rest_route=\/wp\/v2\/media\/105900"}],"wp:attachment":[{"href":"https:\/\/aconteceunovale.com.br\/portal\/index.php?rest_route=%2Fwp%2Fv2%2Fmedia&parent=105899"}],"wp:term":[{"taxonomy":"category","embeddable":true,"href":"https:\/\/aconteceunovale.com.br\/portal\/index.php?rest_route=%2Fwp%2Fv2%2Fcategories&post=105899"},{"taxonomy":"post_tag","embeddable":true,"href":"https:\/\/aconteceunovale.com.br\/portal\/index.php?rest_route=%2Fwp%2Fv2%2Ftags&post=105899"}],"curies":[{"name":"wp","href":"https:\/\/api.w.org\/{rel}","templated":true}]}}