{"id":105814,"date":"2016-12-30T18:33:18","date_gmt":"2016-12-30T20:33:18","guid":{"rendered":"http:\/\/aconteceunovale.com.br\/portal\/?p=105814"},"modified":"2016-12-30T18:33:18","modified_gmt":"2016-12-30T20:33:18","slug":"novas-tarifas-do-transporte-intermunicipal-de-minas-gerais-entram-em-vigor-dia-2-de-janeiro","status":"publish","type":"post","link":"https:\/\/aconteceunovale.com.br\/portal\/?p=105814","title":{"rendered":"Novas tarifas do transporte intermunicipal de Minas Gerais entram em vigor dia 2 de janeiro"},"content":{"rendered":"<p>Com reajuste de m\u00e9dio de 9,71%, a\u00a0Secretaria de Estado de Transportes e Obras P\u00fablicas (Setop)\u00a0autorizou, por meio de Resolu\u00e7\u00e3o publicada no\u00a0Minas Gerais\u00a0do dia 29 de dezembro, o reajuste anual do valor das passagens do transporte intermunicipal, exceto as linhas que circulam na Regi\u00e3o Metropolitana de Belo Horizonte. Os novos valores das passagens, que n\u00e3o incluem ped\u00e1gios ou taxas de embarque, entram em vigor a partir da zero hora do dia 2 de janeiro de 2017.<\/p>\n<p>O reajuste anual, previsto no contrato de concess\u00e3o para a presta\u00e7\u00e3o do servi\u00e7o de transporte coletivo de intermunicipal de passageiros, visa \u00e0 corre\u00e7\u00e3o da defasagem dos valores das tarifas ocorridos nos \u00faltimos doze meses, considerando a varia\u00e7\u00e3o dos pre\u00e7os dos insumos, tais como combust\u00edveis, pe\u00e7as de reposi\u00e7\u00e3o, manuten\u00e7\u00e3o, deprecia\u00e7\u00e3o do ve\u00edculo, tributos, remunera\u00e7\u00e3o da m\u00e3o de obra, entre outros. No per\u00edodo, a maior varia\u00e7\u00e3o registrada foi na folha de pagamento (11,08%), em fun\u00e7\u00e3o da conven\u00e7\u00e3o coletiva de 2016.<\/p>\n<p><a href=\"http:\/\/agenciaminas.mg.gov.br\/ckeditor_assets\/attachments\/2166\/anexo-tarifa-intermunicipal.pdf\" target=\"_blank\"><font color=\"blue\">Clique aqui\u00a0para acessar a base tarif\u00e1ria para o transporte coletivo rodovi\u00e1rio intermunicipal de passageiros de Minas Gerais<\/font><\/a>.<\/p>\n<p>O Sistema Intermunicipal de Transporte de Passageiros conta com uma frota 5.653 ve\u00edculos registrados que atende a uma m\u00e9dia mensal de 4,9 milh\u00f5es de passageiros. Com a entrada em vigor das novas tarifas, o menor valor passou para R$ 2,90, de Sete Lagoas a Prudente de Morais ou de Cambu\u00ed a C\u00f3rrego de Bom Jesus, por exemplo, e o maior valor, para R$ 275,00, de Uberl\u00e2ndia a Juiz de Fora.<\/p>\n<p>Outros exemplos:<\/p>\n<p><img decoding=\"async\" src=\"http:\/\/aconteceunovale.com.br\/portal\/wp-content\/uploads\/2016\/12\/valores_passagens_mg.jpg\" alt=\"\" \/><br \/>\n<\/br><br \/>\n<strong>VER PRIMEIRO<\/strong><\/p>\n<p><strong>Receba as not\u00edcias do Aconteceu no Vale em primeira m\u00e3o. Clique em curtir no endere\u00e7o <a href=\"https:\/\/www.facebook.com\/aconteceunovale\" target=\"_blank\"><font color=\"red\">www.facebook.com\/aconteceunovale<\/font><\/a> ou no box abaixo:<\/strong><\/p>\n<div class=\"fb-like\" data-href=\"https:\/\/www.facebook.com\/aconteceunovale\" data-width=\"120\" data-layout=\"standard\" data-action=\"like\" data-size=\"small\" data-show-faces=\"true\" data-share=\"true\"><\/div>\n<p><\/br><\/p>\n<p><em>(Ag\u00eancia Minas)<\/em><\/p>\n","protected":false},"excerpt":{"rendered":"<p>Com reajuste de m\u00e9dio de 9,71%, a\u00a0Secretaria de Estado de Transportes e Obras P\u00fablicas (Setop)\u00a0autorizou, por meio de Resolu\u00e7\u00e3o publicada no\u00a0Minas Gerais\u00a0do dia 29 de dezembro, o reajuste anual do valor das passagens do transporte intermunicipal, exceto as linhas que circulam na Regi\u00e3o Metropolitana de Belo Horizonte. Os novos valores das passagens, que n\u00e3o incluem [&hellip;]<\/p>\n","protected":false},"author":1,"featured_media":48041,"comment_status":"open","ping_status":"closed","sticky":false,"template":"","format":"standard","meta":{"amp_status":"","footnotes":""},"categories":[123],"tags":[4677,133576,194,26332,201,206,210,133585,133583,133581,133578,133579,133580,133582,133577,133575,8240,133574,1530,28370,1532,37031,133584,133573,221],"class_list":["post-105814","post","type-post","status-publish","format-standard","has-post-thumbnail","hentry","category-gerais","tag-aracitaba","tag-aumento-tarifas-do-passagens-do-transporte-intermunicipal-em-minas-gerais","tag-belo-horizonte","tag-cambui","tag-ipatinga","tag-juiz-de-fora","tag-montes-claros","tag-novas-tarifas-do-transporte-intermunicipal-de-minas-gerais-entram-em-vigor-dia-2-de-janeiro","tag-novas-tarifas-do-transporte-intermunicipal-entram-em-vigor-dia-2-de-janeiro","tag-novo-valor-da-passagem-de-aracitaba-para-santos-dumont","tag-novo-valor-da-passagem-de-belo-horizonte-para-ipatinga","tag-novo-valor-da-passagem-de-belo-horizonte-para-montes-claros","tag-novo-valor-da-passagem-de-belo-horizonte-para-sete-lagoas","tag-novo-valor-da-passagem-de-uberlandia-para-juiz-de-fora","tag-novos-valores-do-passagens-do-transporte-intermunicipal-em-minas-gerais","tag-passagens-do-transporte-intermunicipal-em-minas-gerais","tag-prudente-de-morais","tag-reajuste-passagens-do-transporte-intermunicipal-em-minas-gerais","tag-santos-dumont","tag-secretaria-de-estado-de-transportes-e-obras-publicas","tag-sete-lagoas","tag-setop","tag-tarifas-do-transporte-intermunicipal-de-minas-gerais-terao-reajuste-medio-de-9-71-a-partir-do-dia-2-de-janeiro","tag-transporte-coletivo-rodoviario-intermunicipal-de-passageiros-de-minas-gerais","tag-uberlandia"],"_links":{"self":[{"href":"https:\/\/aconteceunovale.com.br\/portal\/index.php?rest_route=\/wp\/v2\/posts\/105814","targetHints":{"allow":["GET"]}}],"collection":[{"href":"https:\/\/aconteceunovale.com.br\/portal\/index.php?rest_route=\/wp\/v2\/posts"}],"about":[{"href":"https:\/\/aconteceunovale.com.br\/portal\/index.php?rest_route=\/wp\/v2\/types\/post"}],"author":[{"embeddable":true,"href":"https:\/\/aconteceunovale.com.br\/portal\/index.php?rest_route=\/wp\/v2\/users\/1"}],"replies":[{"embeddable":true,"href":"https:\/\/aconteceunovale.com.br\/portal\/index.php?rest_route=%2Fwp%2Fv2%2Fcomments&post=105814"}],"version-history":[{"count":0,"href":"https:\/\/aconteceunovale.com.br\/portal\/index.php?rest_route=\/wp\/v2\/posts\/105814\/revisions"}],"wp:featuredmedia":[{"embeddable":true,"href":"https:\/\/aconteceunovale.com.br\/portal\/index.php?rest_route=\/wp\/v2\/media\/48041"}],"wp:attachment":[{"href":"https:\/\/aconteceunovale.com.br\/portal\/index.php?rest_route=%2Fwp%2Fv2%2Fmedia&parent=105814"}],"wp:term":[{"taxonomy":"category","embeddable":true,"href":"https:\/\/aconteceunovale.com.br\/portal\/index.php?rest_route=%2Fwp%2Fv2%2Fcategories&post=105814"},{"taxonomy":"post_tag","embeddable":true,"href":"https:\/\/aconteceunovale.com.br\/portal\/index.php?rest_route=%2Fwp%2Fv2%2Ftags&post=105814"}],"curies":[{"name":"wp","href":"https:\/\/api.w.org\/{rel}","templated":true}]}}