{"id":105809,"date":"2016-12-30T18:23:41","date_gmt":"2016-12-30T20:23:41","guid":{"rendered":"http:\/\/aconteceunovale.com.br\/portal\/?p=105809"},"modified":"2016-12-30T18:23:41","modified_gmt":"2016-12-30T20:23:41","slug":"novas-cultivares-de-cafe-sao-testadas-no-cerrado-mineiro","status":"publish","type":"post","link":"https:\/\/aconteceunovale.com.br\/portal\/?p=105809","title":{"rendered":"Novas cultivares de caf\u00e9 s\u00e3o testadas no Cerrado Mineiro"},"content":{"rendered":"<p>Pesquisadores mapearam diferentes microrregi\u00f5es da Regi\u00e3o do Cerrado Mineiro para observar como variedades de caf\u00e9 se comportam em termos de produtividade, qualidade de bebida e resist\u00eancia a doen\u00e7as. O projeto Unidades Demonstrativas, realizado por meio da parceria entre Empresa de Pesquisa Agropecu\u00e1ria de Minas Gerais (Epamig), Funda\u00e7\u00e3o de Desenvolvimento do Cerrado Mineiro (Fundaccer), Centro Universit\u00e1rio do Cerrado Patroc\u00ednio  (Unicerp) e produtores da Denomina\u00e7\u00e3o de Origem, com o apoio do Cons\u00f3rcio Caf\u00e9, aproxima os resultados de pesquisas de melhoramento gen\u00e9tico do cafeeiro com o cafeicultor.<\/p>\n<p>De acordo com o pesquisador da Epamig, coordenador t\u00e9cnico do projeto, Gladyston Carvalho, a base do Cerrado Mineiro est\u00e1 na variedade Catua\u00ed, mas experimentos feitos pela Epamig com outros materiais gen\u00e9ticos apresentaram resultados muito relevantes tanto em produtividade, quanto em qualidade e agora elas poder\u00e3o ser testadas em ambientes diversos. A Epamig selecionou 12 cultivares de caf\u00e9 do Banco de Germoplasma instalado no Campo Experimental em Patroc\u00ednio, com potencial de cultivo no Cerrado Mineiro, para serem observadas durante seis anos em 30 propriedades, localizadas em 17 munic\u00edpios. As propriedades s\u00e3o acompanhadas de perto. Recebem a visita de uma equipe de pesquisadores duas vezes ao ano.<\/p>\n<p><img decoding=\"async\" src=\"http:\/\/aconteceunovale.com.br\/portal\/wp-content\/uploads\/2016\/12\/cafes_mg_cultivar_paraiso.jpg\" alt=\"\" \/><em>A Cultivar Para\u00edso \u00e9 um dos melhores caf\u00e9s na categoria cereja descascado (Mari\u00e1h Pierobon)<\/em><br \/>\n<\/br><\/p>\n<p>Segundo o pesquisador, os resultados ser\u00e3o apresentados anualmente durante Encontro de Inova\u00e7\u00e3o e Tecnologia para a Cafeicultura do Cerrado Mineiro. Ao final do projeto os produtores saber\u00e3o qual cultivar \u00e9 melhor para a condi\u00e7\u00e3o de cada microrregi\u00e3o, sob o aspecto de produtividade, resist\u00eancia a doen\u00e7as e qualidade de bebida. Os resultados ser\u00e3o compartilhados com todos os 4.500 produtores do Cerrado Mineiro, regi\u00e3o que possui uma grande extens\u00e3o territorial: s\u00e3o 55 munic\u00edpios pertencentes a Denomina\u00e7\u00e3o de Origem, onde podem ser encontradas altitudes entre 800 a 1300 metros e diferen\u00e7as entre regimes de chuva e temperatura.<\/p>\n<p>\u201cO cerrado, assim como outras regi\u00f5es produtoras, tem o costume de plantar as cultivares tradicionais como: Catua\u00ed, Mundo Novo, Top\u00e1zio e outras. Todas essas mencionadas s\u00e3o excelentes e muito bem adaptadas \u00e1s principais regi\u00f5es produtoras do Brasil, por\u00e9m \u00e9 necess\u00e1rio avan\u00e7ar um pouco mais na busca de cultivares que apresentem produtividades, pelo menos semelhante \u00e0s tradicionais, associadas a outras caracter\u00edsticas agron\u00f4micas de interesse, tais como: resist\u00eancia \u00e0s pragas e doen\u00e7as, qualidade diferenciada de bebida, maior adapta\u00e7\u00e3o a colheita mecanizada, entre outras\u201d, informa o pesquisador.<\/p>\n<p><img decoding=\"async\" src=\"http:\/\/aconteceunovale.com.br\/portal\/wp-content\/uploads\/2016\/12\/cafe_cerrado_1.jpg\" alt=\"\" \/><em>Pesquisa busca variedades para o Cerrado (Foto: Federa\u00e7\u00e3o dos Cafeicultores do Cerrado)<\/em><br \/>\n<\/br><\/p>\n<p>De acordo com o Superintendente da Federa\u00e7\u00e3o dos Cafeicultores do Cerrado, Juliano Tarabal, o foco principal \u00e9 identificar e avaliar o comportamento das diferentes variedades em cada microrregi\u00e3o no que diz respeito \u00e0 qualidade de bebida. \u201cO Cerrado Mineiro tem caracter\u00edsticas edafoclim\u00e1ticas bem definidas, contudo sabemos que temos microrregi\u00f5es que s\u00e3o distintas em alguns fatores, o que naturalmente proporciona diferentes tipos de bebida onde \u00e9 fundamental inter-relacionarmos o terroir cultivado com a cultivar a ser plantada. No caf\u00e9, o melhoramento gen\u00e9tico est\u00e1 ainda muito relacionado \u00e0 produtividade e resist\u00eancia. Queremos dar um passo al\u00e9m e poder levar \u00e0  x\u00edcara dos consumidores a bebida das melhores variedades que obtivermos os resultados no Cerrado Mineiro\u201d, ressalta.<\/p>\n<p>Este trabalho in\u00e9dito, que iniciou em abril deste ano, mostra um mapa da \u00e1rea em estudo (veja abaixo). As sementes germinaram e o projeto j\u00e1 est\u00e1 na fase de plantio das mudas.Os resultados desta pesquisa v\u00e3o surgindo e auxiliando os produtores na escolha das variedades a serem plantadas.<\/p>\n<p><img decoding=\"async\" src=\"http:\/\/aconteceunovale.com.br\/portal\/wp-content\/uploads\/2016\/12\/cafe_cerrado_2.jpg\" alt=\"\" \/><br \/>\n<\/br><br \/>\n<strong>Melhores caf\u00e9s de Minas<\/strong><\/p>\n<p>Algumas cultivares de caf\u00e9 j\u00e1 demonstram potencial para o Cerrado Mineiro. Como \u00e9 o caso da MGS Para\u00edso 2desenvolvida pela Epamig, premiada no Concurso de Qualidade do Caf\u00e9 de Minas Gerais 2016, promovido pela Emater-MG, Secretaria de Estado de Agricultura, Pecu\u00e1ria e Abastecimento, Universidade Federal de Lavras (Ufla), Instituto Federal de Educa\u00e7\u00e3o, Ci\u00eancia e Tecnologia do Sul de Minas e a Funda\u00e7\u00e3o de Apoio ao Ensino, Pesquisa e Extens\u00e3o (Faepe).<\/p>\n<p>A Para\u00edso 2, que recebeu 1\u00ba lugar na categoria cereja descascado, foi produzida pelo cafeicultor Wagner Ferrero, na Fazenda P\u00e2ntano, em Patos de Minas. H\u00e1 cinco anos, ele come\u00e7ou a testar em sua propriedade a MGS Para\u00edso 2. Deu t\u00e3o certo que o gr\u00e3o desta variedade produzido em sua fazenda foi eleito o melhor caf\u00e9 do Cerrado Mineiro nos dois \u00faltimos Concursos Estaduais de Qualidade do Caf\u00e9. Para tornar o caf\u00e9 ainda mais especial, ele construiu uma nova usina, que possibilitou a utiliza\u00e7\u00e3o do m\u00e9todo cujo caf\u00e9 \u00e9 fermentado. \u201cMeu objetivo \u00e9 sempre procurar as melhores bebidas. Ent\u00e3o, tudo tem de ser muito bem feito\u201d, conclui.<\/p>\n<p><strong>VER PRIMEIRO<\/strong><\/p>\n<p><strong>Receba as not\u00edcias do Aconteceu no Vale em primeira m\u00e3o. Clique em curtir no endere\u00e7o <a href=\"https:\/\/www.facebook.com\/aconteceunovale\" target=\"_blank\"><font color=\"red\">www.facebook.com\/aconteceunovale<\/font><\/a> ou no box abaixo:<\/strong><\/p>\n<div class=\"fb-like\" data-href=\"https:\/\/www.facebook.com\/aconteceunovale\" data-width=\"120\" data-layout=\"standard\" data-action=\"like\" data-size=\"small\" data-show-faces=\"true\" data-share=\"true\"><\/div>\n<p><\/br><\/p>\n<p><em>(Ag\u00eancia Minas)<\/em><\/p>\n","protected":false},"excerpt":{"rendered":"<p>Pesquisadores mapearam diferentes microrregi\u00f5es da Regi\u00e3o do Cerrado Mineiro para observar como variedades de caf\u00e9 se comportam em termos de produtividade, qualidade de bebida e resist\u00eancia a doen\u00e7as. O projeto Unidades Demonstrativas, realizado por meio da parceria entre Empresa de Pesquisa Agropecu\u00e1ria de Minas Gerais (Epamig), Funda\u00e7\u00e3o de Desenvolvimento do Cerrado Mineiro (Fundaccer), Centro Universit\u00e1rio [&hellip;]<\/p>\n","protected":false},"author":1,"featured_media":105810,"comment_status":"open","ping_status":"closed","sticky":false,"template":"","format":"standard","meta":{"amp_status":"","footnotes":""},"categories":[123],"tags":[133563,133569,133567,133562,133572,133565,133571,133566,133568,133559,133560,133561,214,133564,133570],"class_list":["post-105809","post","type-post","status-publish","format-standard","has-post-thumbnail","hentry","category-gerais","tag-cafe-no-cerrado-mineiro","tag-cafeicultor-wagner-ferrero","tag-cafeicultura-do-cerrado-mineiro","tag-cerrado-mineiro","tag-concurso-de-qualidade-do-cafe-de-minas-gerais-2016","tag-consorcio-cafe","tag-fazenda-pantano","tag-gladyston-carvalho","tag-juliano-tarabal","tag-melhores-cafes-de-minas","tag-melhores-cafes-de-minas-gerais","tag-novas-cultivares-de-cafe-sao-testadas-no-cerrado-mineiro","tag-patos-de-minas","tag-producao-de-cafe-no-cerrado-mineiro","tag-wagner-ferrero"],"_links":{"self":[{"href":"https:\/\/aconteceunovale.com.br\/portal\/index.php?rest_route=\/wp\/v2\/posts\/105809","targetHints":{"allow":["GET"]}}],"collection":[{"href":"https:\/\/aconteceunovale.com.br\/portal\/index.php?rest_route=\/wp\/v2\/posts"}],"about":[{"href":"https:\/\/aconteceunovale.com.br\/portal\/index.php?rest_route=\/wp\/v2\/types\/post"}],"author":[{"embeddable":true,"href":"https:\/\/aconteceunovale.com.br\/portal\/index.php?rest_route=\/wp\/v2\/users\/1"}],"replies":[{"embeddable":true,"href":"https:\/\/aconteceunovale.com.br\/portal\/index.php?rest_route=%2Fwp%2Fv2%2Fcomments&post=105809"}],"version-history":[{"count":0,"href":"https:\/\/aconteceunovale.com.br\/portal\/index.php?rest_route=\/wp\/v2\/posts\/105809\/revisions"}],"wp:featuredmedia":[{"embeddable":true,"href":"https:\/\/aconteceunovale.com.br\/portal\/index.php?rest_route=\/wp\/v2\/media\/105810"}],"wp:attachment":[{"href":"https:\/\/aconteceunovale.com.br\/portal\/index.php?rest_route=%2Fwp%2Fv2%2Fmedia&parent=105809"}],"wp:term":[{"taxonomy":"category","embeddable":true,"href":"https:\/\/aconteceunovale.com.br\/portal\/index.php?rest_route=%2Fwp%2Fv2%2Fcategories&post=105809"},{"taxonomy":"post_tag","embeddable":true,"href":"https:\/\/aconteceunovale.com.br\/portal\/index.php?rest_route=%2Fwp%2Fv2%2Ftags&post=105809"}],"curies":[{"name":"wp","href":"https:\/\/api.w.org\/{rel}","templated":true}]}}