{"id":105805,"date":"2016-12-30T18:15:38","date_gmt":"2016-12-30T20:15:38","guid":{"rendered":"http:\/\/aconteceunovale.com.br\/portal\/?p=105805"},"modified":"2016-12-30T18:15:38","modified_gmt":"2016-12-30T20:15:38","slug":"municipios-mineiros-se-destacam-na-cadeia-produtiva-da-moda","status":"publish","type":"post","link":"https:\/\/aconteceunovale.com.br\/portal\/?p=105805","title":{"rendered":"Munic\u00edpios mineiros se destacam na cadeia produtiva da moda"},"content":{"rendered":"<p>A produ\u00e7\u00e3o de couro em Dores de Campos, no Territ\u00f3rio Vertentes, representa 63,8% da produ\u00e7\u00e3o industrial vinculada \u00e0 moda no munic\u00edpio.\u00a0 Este \u00e9 um dos dados de pesquisa in\u00e9dita feita pela\u00a0Funda\u00e7\u00e3o Jo\u00e3o Pinheiro (FJP), a pedido da\u00a0Companhia de Desenvolvimento Econ\u00f4mico de Minas Gerais (Codemig), com o objetivo de direcionar as a\u00e7\u00f5es de fomento \u00e0 moda em Minas Gerais.<\/p>\n<p>Al\u00e9m das tradicionais botas de couro no estilo\u00a0<em>country<\/em>, Dores de Campo se destaca na fabrica\u00e7\u00e3o de acess\u00f3rios e selas para montaria (arreios, mantas para cavalos, cintos, r\u00e9deas etc).\u00a0 O seguimento montaria \u00e9 o carro-chefe\u00a0nas vendas do munic\u00edpio.\u00a0De acordo com a Associa\u00e7\u00e3o Comercial e Industrial de Dores de Campos, a cidade abriga cerca de 100 selarias formalizadas e oito curtumes (locais de processamentos de couro cru).<\/p>\n<p>Segundo o gerente de uma selaria, Guilherme Araujo Oliveira, a maior parte das vendas de acess\u00f3rios e selas \u00e9 feita pela internet, com encomendas do Brasil inteiro.\u00a0\u201cIsto representa 80% das vendas somente pelo e-commerce\u201d, relata. Ainda segundo ele, s\u00e3o produzidos, em m\u00e9dia, cerca de 60 a 80 selas por m\u00eas. Al\u00e9m disso, a f\u00e1brica apostou no diferencial em produzir a sela personalizada, de acordo com a prefer\u00eancia do cliente.<\/p>\n<p><img decoding=\"async\" src=\"http:\/\/aconteceunovale.com.br\/portal\/wp-content\/uploads\/2016\/12\/minas_trend.jpg\" alt=\"\" \/><em>O Minas Trend \u00e9 um dos maiores sal\u00f5es de neg\u00f3cios de moda do Brasil (Pedro Paulo da Luz)<\/em><br \/>\n<\/br><\/p>\n<p><strong>Setor cal\u00e7adista<\/strong><\/p>\n<p>Nova Serrana, no Territ\u00f3rio Oeste, conta com 60,3% da produ\u00e7\u00e3o industrial vinculada \u00e0 moda, de acordo com a pesquisa da FJP.\u00a0 A atividade industrial em expans\u00e3o reflete diretamente na gera\u00e7\u00e3o de empregos, segundo o Cadastro Geral de Empregados e Desempregados (Caged).<\/p>\n<p>O munic\u00edpio aparecia na lista como a quarta cidade no pa\u00eds em n\u00famero de contrata\u00e7\u00f5es, de janeiro a setembro de 2016, totalizando 4.978 novos postos de trabalho \u2013 destes, 4.913 s\u00e3o da ind\u00fastria.\u00a0No ranking nacional do Caged, Nova Serrana \u00e9 precedida pelas cidades de Franca\/SP (6.217), Juazeiro\/BA (5.793) e Cristalina\/GO (5.610).<\/p>\n<p>Para o presidente do Sindicato Intermunicipal das Ind\u00fastrias de Cal\u00e7ados de Novas Serrana (Sindinova), Pedro Gomes da Silva, \u201cos n\u00fameros indicam o crescimento do polo cal\u00e7adista na regi\u00e3o, consolidando-se cada vez mais importante para a economia de Minas Gerais e do Brasil\u201d.<\/p>\n<p><strong>Couro e moda<\/strong><\/p>\n<p>Belo Horizonte tamb\u00e9m se firma como um dos mais importantes polos de moda do pa\u00eds.\u00a0Eventos como o Minas Trend alavancam neg\u00f3cios de empresas j\u00e1 consolidadas e tamb\u00e9m daquelas que buscam mercados. A \u00faltima edi\u00e7\u00e3o foi realizada em outubro, com apoio do Governo do Estado.<\/p>\n<p>\u00c9 o caso da marca belo-horizontina NUU Shoes. Segundo a propriet\u00e1ria Marina Mour\u00e3o Ledarch, a participa\u00e7\u00e3o no Minas Trend contribuiu muito para alavancar os neg\u00f3cios. \u201cCome\u00e7amos produzindo cal\u00e7ados, exclusivos, em varejo. A participa\u00e7\u00e3o no Minas Trend triplicou o volume das vendas, al\u00e9m de trazer maior visibilidade para a marca\u201d, comemora.<\/p>\n<p>Ainda jovem, com apenas um ano meio de exist\u00eancia, a NUU Shoes, com estilo minimalista, tamb\u00e9m conquistou o gosto de outros principais estados consumidores de moda &#8211; S\u00e3o Paulo e Rio de Janeiro.\u00a0 A maior parte das vendas \u00e9 feita pelo e-commerce.<\/p>\n<p><strong>Fomento \u00e0 cadeia produtiva<\/strong><\/p>\n<p>Diante destes exemplos, o Governo do Estado de Minas Gerais est\u00e1 atento ao potencial promissor da cadeia da moda. Por meio da Companhia de Desenvolvimento Econ\u00f4mico de Minas Gerais lan\u00e7ou, em novembro, o Programa Codemig de Incentivo ao Micro e Pequeno Empreendedor.<\/p>\n<p>A iniciativa tamb\u00e9m inclui o setor da moda. O objetivo \u00e9 fomentar e fortalecer as micro e pequenas empresas mineiras, promovendo seu crescimento e participa\u00e7\u00e3o no produto interno bruto estadual e nacional.\u00a0O programa, dividido em duas fases, prioriza dentre outros segmentos o da ind\u00fastria criativa, entendida como a cadeia produtiva composta pelos ciclos de cria\u00e7\u00e3o, produ\u00e7\u00e3o e distribui\u00e7\u00e3o de bens e servi\u00e7os.<\/p>\n<p>\u201cDentro da ind\u00fastria criativa vamos focar nas \u00e1reas de moda, gastronomia e audiovisual, consideradas estrat\u00e9gicas para o crescimento do estado e j\u00e1 apoiadas pela Codemig em outros contextos\u201d, ressalta o presidente da Codemig, Marco Ant\u00f4nio Castello Branco.<\/p>\n<p>De acordo com ele, o programa vai ao encontro dos principais objetivos estrat\u00e9gicos da Codemig, na medida em que atua para reduzir as diferen\u00e7as regionais de Minas Gerais e contribui para o desenvolvimento sustent\u00e1vel e integrado do estado.<\/p>\n<p><strong>Servi\u00e7o<\/strong><\/p>\n<p>Para participar da primeira fase do Programa Codemig de Incentivo ao Micro e Pequeno Empreendedor, os empres\u00e1rios devem procurar o Sebrae &#8211;\u00a0\u00a0<a href=\"http:\/\/www.sebrae.com.br\/minasgerais\" target=\"_blank\">www.sebrae.com.br\/minasgerais<\/a>. Outras informa\u00e7\u00f5es em\u00a0<a href=\"http:\/\/www.codemig.com.br\/\" target=\"_blank\">www.codemig.com.br<\/a>.<\/p>\n<p><strong>VER PRIMEIRO<\/strong><\/p>\n<p><strong>Receba as not\u00edcias do Aconteceu no Vale em primeira m\u00e3o. Clique em curtir no endere\u00e7o <a href=\"https:\/\/www.facebook.com\/aconteceunovale\" target=\"_blank\"><font color=\"red\">www.facebook.com\/aconteceunovale<\/font><\/a> ou no box abaixo:<\/strong><\/p>\n<div class=\"fb-like\" data-href=\"https:\/\/www.facebook.com\/aconteceunovale\" data-width=\"120\" data-layout=\"standard\" data-action=\"like\" data-size=\"small\" data-show-faces=\"true\" data-share=\"true\"><\/div>\n<p><\/br><\/p>\n<p><em>(Ag\u00eancia Minas)<\/em><\/p>\n","protected":false},"excerpt":{"rendered":"<p>A produ\u00e7\u00e3o de couro em Dores de Campos, no Territ\u00f3rio Vertentes, representa 63,8% da produ\u00e7\u00e3o industrial vinculada \u00e0 moda no munic\u00edpio.\u00a0 Este \u00e9 um dos dados de pesquisa in\u00e9dita feita pela\u00a0Funda\u00e7\u00e3o Jo\u00e3o Pinheiro (FJP), a pedido da\u00a0Companhia de Desenvolvimento Econ\u00f4mico de Minas Gerais (Codemig), com o objetivo de direcionar as a\u00e7\u00f5es de fomento \u00e0 moda [&hellip;]<\/p>\n","protected":false},"author":1,"featured_media":105807,"comment_status":"open","ping_status":"closed","sticky":false,"template":"","format":"standard","meta":{"amp_status":"","footnotes":""},"categories":[123],"tags":[133555,133543,1764,133549,133550,133558,112258,133547,133546,133542,1515,133557,54945,133548,133553,133551,133544,133545,133554,133552,133556,54944],"class_list":["post-105805","post","type-post","status-publish","format-standard","has-post-thumbnail","hentry","category-gerais","tag-associacao-comercial-e-industrial-de-dores-de-campos","tag-cadeia-produtiva-da-moda-em-minas-gerais","tag-dores-de-campos","tag-gerente-de-uma-selaria","tag-guilherme-araujo-oliveira","tag-marina-mourao-ledarch","tag-minas-trend","tag-moda-de-minas-gerais","tag-moda-mineira","tag-municipios-mineiros-se-destacam-na-cadeia-produtiva-da-moda","tag-nova-serrana","tag-nuu-shoes","tag-pedro-gomes-da-silva","tag-producao-de-couro-em-dores-de-campos","tag-producao-de-couros-de-dores-de-campos","tag-producao-de-elas-em-dores-de-campos","tag-producao-de-moda-em-minas-gerais","tag-producao-de-moda-mineira","tag-selaria-de-dores-de-campos","tag-selas-de-dores-de-campos","tag-sindicato-intermunicipal-das-industrias-de-calcados-de-novas-serrana","tag-sindinova"],"_links":{"self":[{"href":"https:\/\/aconteceunovale.com.br\/portal\/index.php?rest_route=\/wp\/v2\/posts\/105805","targetHints":{"allow":["GET"]}}],"collection":[{"href":"https:\/\/aconteceunovale.com.br\/portal\/index.php?rest_route=\/wp\/v2\/posts"}],"about":[{"href":"https:\/\/aconteceunovale.com.br\/portal\/index.php?rest_route=\/wp\/v2\/types\/post"}],"author":[{"embeddable":true,"href":"https:\/\/aconteceunovale.com.br\/portal\/index.php?rest_route=\/wp\/v2\/users\/1"}],"replies":[{"embeddable":true,"href":"https:\/\/aconteceunovale.com.br\/portal\/index.php?rest_route=%2Fwp%2Fv2%2Fcomments&post=105805"}],"version-history":[{"count":0,"href":"https:\/\/aconteceunovale.com.br\/portal\/index.php?rest_route=\/wp\/v2\/posts\/105805\/revisions"}],"wp:featuredmedia":[{"embeddable":true,"href":"https:\/\/aconteceunovale.com.br\/portal\/index.php?rest_route=\/wp\/v2\/media\/105807"}],"wp:attachment":[{"href":"https:\/\/aconteceunovale.com.br\/portal\/index.php?rest_route=%2Fwp%2Fv2%2Fmedia&parent=105805"}],"wp:term":[{"taxonomy":"category","embeddable":true,"href":"https:\/\/aconteceunovale.com.br\/portal\/index.php?rest_route=%2Fwp%2Fv2%2Fcategories&post=105805"},{"taxonomy":"post_tag","embeddable":true,"href":"https:\/\/aconteceunovale.com.br\/portal\/index.php?rest_route=%2Fwp%2Fv2%2Ftags&post=105805"}],"curies":[{"name":"wp","href":"https:\/\/api.w.org\/{rel}","templated":true}]}}