{"id":105798,"date":"2016-12-30T18:09:53","date_gmt":"2016-12-30T20:09:53","guid":{"rendered":"http:\/\/aconteceunovale.com.br\/portal\/?p=105798"},"modified":"2016-12-30T18:09:53","modified_gmt":"2016-12-30T20:09:53","slug":"transporte-coletivo-metropolitano-tera-novas-tarifas-a-partir-do-dia-1o-de-janeiro","status":"publish","type":"post","link":"https:\/\/aconteceunovale.com.br\/portal\/?p=105798","title":{"rendered":"Transporte coletivo metropolitano ter\u00e1 novas tarifas a partir do dia 1\u00ba de janeiro"},"content":{"rendered":"<p>O sistema de transporte metropolitano da Regi\u00e3o Metropolitana de Belo Horizonte ter\u00e1 novas tarifas a partir de zero hora do pr\u00f3ximo domingo, dia 1\u00ba de janeiro de 2017. A autoriza\u00e7\u00e3o para o reajuste, concedida pela\u00a0Secretaria de Estado de Transportes e Obras P\u00fablicas (Setop), foi publicada no\u00a0Minas Gerais\u00a0desta sexta-feira, 29 de dezembro.<\/p>\n<p>O valor da tarifa predominante teve aumento de 8,99% e vai de R$ 4,45 para R$ 4,85. Essa ser\u00e1 a tarifa cobrada a partir do Move Metropolitano nos Terminais S\u00e3o Gabriel, Vilarinho, Justin\u00f3polis, Morro Alto e S\u00e3o Benedito. Ela contempla 29% das passagens vendidas durante o ano de 2016 no sistema.\u00a0O reajuste m\u00e9dio, levando-se em considera\u00e7\u00e3o os 30 grupos tarif\u00e1rios do sistema, atingiu o patamar de 9,46%.<\/p>\n<p>As tarifas do sistema de transporte metropolitano s\u00e3o reajustadas anualmente em conformidade com o artigo 5\u00ba dos contratos de concess\u00e3o assinados em mar\u00e7o de 2008 pelo executivo estadual. Na composi\u00e7\u00e3o do reajuste de 2016, as vari\u00e1veis com maior impacto foram: combust\u00edveis (28,43%),\u00a0pessoal (41,89%) e ve\u00edculos (19,17%).<\/p>\n<p>Outro fator que contribuiu para o reajuste foi a queda no n\u00famero de passageiros que circulam no sistema. Se em 2014 eles eram 232 milh\u00f5es, em 2015 ca\u00edram para 213 milh\u00f5es (redu\u00e7\u00e3o de 8,2% no volume de passageiros entre 2014 e 2015), j\u00e1 em 2016 o n\u00famero desceu para 190 milh\u00f5es (redu\u00e7\u00e3o de 10,8% no volume de passageiros entre 2015 e 2016). De 2015 para 2016 houve uma queda m\u00e9dia de 63 mil usu\u00e1rios por dia.<\/p>\n<p>A partir de 2017, os usu\u00e1rios do sistema Move Metropolitano voltam a ter um direito que foi retirado no final de 2014: o desconto de 50% sobre a menor tarifa da integra\u00e7\u00e3o que fizer fora do sistema Move. O desconto, apenas para quem utiliza cart\u00e3o, ocorrer\u00e1 at\u00e9 90 minutos ap\u00f3s o usu\u00e1rio passar pela roleta das linhas troncais do Move Metropolitano.<\/p>\n<p>O sistema metropolitano de transporte coletivo por \u00f4nibus tem 635 linhas em opera\u00e7\u00e3o na RMBH, conta com uma frota de 2615 ve\u00edculos, que transporta uma m\u00e9dia di\u00e1ria de 520 mil passageiros. A gratuidade significou, em 2016, 1,7 milh\u00e3o de passageiros em m\u00e9dia por m\u00eas. Mais de 70% dos usu\u00e1rios do sistema de transporte metropolitano fazem uso do cart\u00e3o, sendo que 54% deles s\u00e3o da modalidade Vale Transporte. Todas as linhas comerciais t\u00eam bilhetagem eletr\u00f4nica. O troco m\u00e1ximo at\u00e9 31 de dezembro de 2017 permanece de R$ 50,00.<\/p>\n<p><strong>Cartazes<\/strong><\/p>\n<p>No interior dos \u00f4nibus ser\u00e3o afixados cartazes para informar aos passageiros os novos valores das tarifas. Para informa\u00e7\u00f5es e reclama\u00e7\u00f5es os usu\u00e1rios podem utilizar o telefone 155 op\u00e7\u00e3o 6 ou o e-mail do\u00a0DEER\/MG:\u00a0atendimento@der.mg.gov.br. Sobre o uso do Cart\u00e3o \u00d3timo, os cr\u00e9ditos adquiridos at\u00e9 01 de janeiro s\u00e3o deduzidos com valores das passagens em vigor na data da recarga e t\u00eam validade de 30 dias, a contar da data da aquisi\u00e7\u00e3o. Outras informa\u00e7\u00f5es podem ser obtidas pelo telefone (31) 3516-6000 ou no site:\u00a0<a href=\"http:\/\/www.otimoonline.com.br\/\" target=\"_blank\">www.otimoonline.com.br<\/a>.<\/p>\n<p><strong>Confira o pre\u00e7o de alguns servi\u00e7os<\/strong><\/p>\n<p>&#8211; Menor tarifa: R$ 3,25 (29 linhas com esta tarifa)<\/p>\n<p>&#8211; Maior demanda: R$ 4,85 (tarifa preponderante do sistema)<\/p>\n<p>&#8211; Maior tarifa: R$ 44,65 (Betim \/ Aeroporto de Confins &#8211; Via Pampulha)<\/p>\n<p>&#8211; Exemplos de tarifas linhas metropolitanas<\/p>\n<p>&#8211; Igarap\u00e9\/BH R$10,10 \u2013 S\u00e3o Joaquim de Bicas\/BH R$ 7,40;<\/p>\n<p>&#8211; Capim Branco \u2013 Pedro Leopoldo R$3,25; Juatuba-Azurita &#8211; R$3,25<\/p>\n<p>&#8211; Linhas troncais Terminais S\u00e3o Gabriel, Vilarinho, Justin\u00f3polis, S\u00e3o Benedito e Morro Alto (parte) \u2013 R$4,85<\/p>\n<p>&#8211; Linhas troncais Terminal Ibirit\u00e9\/Belo Horizonte \u2013 R$5,60<\/p>\n<p>&#8211; Integra\u00e7\u00e3o Metr\u00f4 \u00d4nibus \u2013 s\u00e3o oito valores que variam de R$ 4,20\u00a0 a R$6,30;<\/p>\n<p>&#8211; Aeroporto Internacional Tancredo Neves (Confins) \/ Avenida \u00c1lvares Cabral \u2013R$ 29,35<\/p>\n<p><a href=\"http:\/\/agenciaminas.mg.gov.br\/ckeditor_assets\/attachments\/2163\/tarifas-2017.pdf\" target=\"_blank\"><font color=\"blue\">Clique aqui\u00a0para conferir a tabela completa<\/font><\/a>.<\/p>\n<p><img decoding=\"async\" src=\"http:\/\/aconteceunovale.com.br\/portal\/wp-content\/uploads\/2016\/12\/tarifas_transporte_bh_1.jpg\" alt=\"\" \/><img decoding=\"async\" src=\"http:\/\/aconteceunovale.com.br\/portal\/wp-content\/uploads\/2016\/12\/tarifas_transporte_bh_2.jpg\" alt=\"\" \/><img decoding=\"async\" src=\"http:\/\/aconteceunovale.com.br\/portal\/wp-content\/uploads\/2016\/12\/tarifas_transporte_bh_3.jpg\" alt=\"\" \/><img decoding=\"async\" src=\"http:\/\/aconteceunovale.com.br\/portal\/wp-content\/uploads\/2016\/12\/tarifas_transporte_bh_4.jpg\" alt=\"\" \/><\/p>\n<p><strong>VER PRIMEIRO<\/strong><\/p>\n<p><strong>Receba as not\u00edcias do Aconteceu no Vale em primeira m\u00e3o. Clique em curtir no endere\u00e7o <a href=\"https:\/\/www.facebook.com\/aconteceunovale\" target=\"_blank\"><font color=\"red\">www.facebook.com\/aconteceunovale<\/font><\/a> ou no box abaixo:<\/strong><\/p>\n<div class=\"fb-like\" data-href=\"https:\/\/www.facebook.com\/aconteceunovale\" data-width=\"120\" data-layout=\"standard\" data-action=\"like\" data-size=\"small\" data-show-faces=\"true\" data-share=\"true\"><\/div>\n<p><\/br><\/p>\n<p><em>(Ag\u00eancia Minas)<\/em><\/p>\n","protected":false},"excerpt":{"rendered":"<p>O sistema de transporte metropolitano da Regi\u00e3o Metropolitana de Belo Horizonte ter\u00e1 novas tarifas a partir de zero hora do pr\u00f3ximo domingo, dia 1\u00ba de janeiro de 2017. A autoriza\u00e7\u00e3o para o reajuste, concedida pela\u00a0Secretaria de Estado de Transportes e Obras P\u00fablicas (Setop), foi publicada no\u00a0Minas Gerais\u00a0desta sexta-feira, 29 de dezembro. O valor da tarifa [&hellip;]<\/p>\n","protected":false},"author":1,"featured_media":105803,"comment_status":"open","ping_status":"closed","sticky":false,"template":"","format":"standard","meta":{"amp_status":"","footnotes":""},"categories":[123],"tags":[72341,133533,194,26055,133535,133540,133529,133532,133531,133530,133537,103387,28370,37031,133528,133538,133541,133539,133536,133527,133534],"class_list":["post-105798","post","type-post","status-publish","format-standard","has-post-thumbnail","hentry","category-gerais","tag-aumento-das-passagens-em-belo-horizonte","tag-aumento-do-valor-das-passagens-em-belo-horizonte","tag-belo-horizonte","tag-justinopolis","tag-morro-alto","tag-move-metropolitano","tag-nova-tarifa-do-sistema-de-transporte-metropolitano-da-regiao-metropolitana-de-belo-horizonte","tag-novo-valor-de-passagens-em-belo-horizonte","tag-novos-valores-de-passagens-do-sistema-de-transporte-metropolitano-da-regiao-metropolitana-de-belo-horizonte","tag-novos-valores-do-sistema-de-transporte-metropolitano-da-regiao-metropolitana-de-belo-horizonte","tag-reajuste-das-tarifas-do-sistema-de-transporte-metropolitano","tag-sao-gabriel","tag-secretaria-de-estado-de-transportes-e-obras-publicas","tag-setop","tag-sistema-de-transporte-metropolitano-da-regiao-metropolitana-de-belo-horizonte","tag-sistema-metropolitano-de-transporte-coletivo","tag-sistema-move","tag-sistema-move-metropolitano","tag-tarifas-do-sistema-de-transporte-metropolitano","tag-transporte-coletivo-metropolitano-tera-novas-tarifas-a-partir-do-dia-1o-de-janeiro","tag-vilarinho"],"_links":{"self":[{"href":"https:\/\/aconteceunovale.com.br\/portal\/index.php?rest_route=\/wp\/v2\/posts\/105798","targetHints":{"allow":["GET"]}}],"collection":[{"href":"https:\/\/aconteceunovale.com.br\/portal\/index.php?rest_route=\/wp\/v2\/posts"}],"about":[{"href":"https:\/\/aconteceunovale.com.br\/portal\/index.php?rest_route=\/wp\/v2\/types\/post"}],"author":[{"embeddable":true,"href":"https:\/\/aconteceunovale.com.br\/portal\/index.php?rest_route=\/wp\/v2\/users\/1"}],"replies":[{"embeddable":true,"href":"https:\/\/aconteceunovale.com.br\/portal\/index.php?rest_route=%2Fwp%2Fv2%2Fcomments&post=105798"}],"version-history":[{"count":0,"href":"https:\/\/aconteceunovale.com.br\/portal\/index.php?rest_route=\/wp\/v2\/posts\/105798\/revisions"}],"wp:featuredmedia":[{"embeddable":true,"href":"https:\/\/aconteceunovale.com.br\/portal\/index.php?rest_route=\/wp\/v2\/media\/105803"}],"wp:attachment":[{"href":"https:\/\/aconteceunovale.com.br\/portal\/index.php?rest_route=%2Fwp%2Fv2%2Fmedia&parent=105798"}],"wp:term":[{"taxonomy":"category","embeddable":true,"href":"https:\/\/aconteceunovale.com.br\/portal\/index.php?rest_route=%2Fwp%2Fv2%2Fcategories&post=105798"},{"taxonomy":"post_tag","embeddable":true,"href":"https:\/\/aconteceunovale.com.br\/portal\/index.php?rest_route=%2Fwp%2Fv2%2Ftags&post=105798"}],"curies":[{"name":"wp","href":"https:\/\/api.w.org\/{rel}","templated":true}]}}