{"id":105796,"date":"2016-12-30T10:38:05","date_gmt":"2016-12-30T12:38:05","guid":{"rendered":"http:\/\/aconteceunovale.com.br\/portal\/?p=105796"},"modified":"2016-12-30T10:39:22","modified_gmt":"2016-12-30T12:39:22","slug":"governo-federal-oficializa-salario-minimo-de-r-937-em-2017","status":"publish","type":"post","link":"https:\/\/aconteceunovale.com.br\/portal\/?p=105796","title":{"rendered":"Governo Federal oficializa sal\u00e1rio m\u00ednimo de R$ 937 em 2017"},"content":{"rendered":"<p>Decreto assinado pelo presidente da Rep\u00fablica, Michel Temer, com o novo valor do sal\u00e1rio m\u00ednimo, est\u00e1 publicado no\u00a0<a href=\"http:\/\/pesquisa.in.gov.br\/imprensa\/jsp\/visualiza\/index.jsp?jornal=1&amp;pagina=12&amp;data=30\/12\/2016\" target=\"_blank\"><em><font color=\"blue\">Di\u00e1rio Oficial da Uni\u00e3o<\/font><\/em><\/a>\u00a0de hoje (30). O m\u00ednimo passou\u00a0 de R$ 880 para R$ 937, e come\u00e7a\u00a0 a valer a partir de 1\u00b0 de janeiro de 2017. O novo sal\u00e1rio m\u00ednimo foi anunciado ontem (29) pelo governo federal.<\/p>\n<p>Em nota divulgada no in\u00edcio da noite dessa quinta-feira, o Minist\u00e9rio do Planejamento, Desenvolvimento e Gest\u00e3o informou que o reajuste significa um aumento de R$ 38,6 bilh\u00f5es da massa salarial em 2017. Esse valor representa 0,62% do Produto Interno Bruto (PIB) e, segundo o governo, ter\u00e1 \u201cefeitos positivos na retomada do consumo e do crescimento econ\u00f4mico ao longo do ano\u201d.<\/p>\n<p>No dia 15 de dezembro, o Congresso Nacional aprovou o Or\u00e7amento Geral da Uni\u00e3o para 2017 estabelecendo o novo sal\u00e1rio m\u00ednimo no valor R$ 945,80. No an\u00fancio oficial do valor, mais baixo, o governo explicou o motivo da altera\u00e7\u00e3o. A justificativa est\u00e1 no \u00cdndice Nacional de Pre\u00e7os ao Consumidor (INPC), utilizado para calcular o reajuste do m\u00ednimo e que foi menor do que o previsto inicialmente.<\/p>\n<p>\u201cA estimativa para o INPC em 2016 \u00e9 de 6,74% calculada pelo Minist\u00e9rio da Fazenda, menor do que a previs\u00e3o de 7,5% realizada em outubro quando do envio da Lei Or\u00e7ament\u00e1ria Anual de 2017 [&#8230;]. No acumulado do ano, at\u00e9 novembro, o INPC est\u00e1 em 6,43%. Em virtude da infla\u00e7\u00e3o menor em 2016, o reajuste ser\u00e1 menor do que o previsto na LOA [Lei Or\u00e7ament\u00e1ria Anual]. Trata-se, portanto, de aplica\u00e7\u00e3o estrita da legisla\u00e7\u00e3o\u201d.<\/p>\n<p><strong>VER PRIMEIRO<\/strong><\/p>\n<p><strong>Receba as not\u00edcias do Aconteceu no Vale em primeira m\u00e3o. Clique em curtir no endere\u00e7o <a href=\"https:\/\/www.facebook.com\/aconteceunovale\" target=\"_blank\"><font color=\"red\">www.facebook.com\/aconteceunovale<\/font><\/a> ou no box abaixo:<\/strong><\/p>\n<div class=\"fb-like\" data-href=\"https:\/\/www.facebook.com\/aconteceunovale\" data-width=\"120\" data-layout=\"standard\" data-action=\"like\" data-size=\"small\" data-show-faces=\"true\" data-share=\"true\"><\/div>\n<p><\/br><\/p>\n<p><em>(Ag\u00eancia Brasil)<\/em><\/p>\n","protected":false},"excerpt":{"rendered":"<p>Decreto assinado pelo presidente da Rep\u00fablica, Michel Temer, com o novo valor do sal\u00e1rio m\u00ednimo, est\u00e1 publicado no\u00a0Di\u00e1rio Oficial da Uni\u00e3o\u00a0de hoje (30). O m\u00ednimo passou\u00a0 de R$ 880 para R$ 937, e come\u00e7a\u00a0 a valer a partir de 1\u00b0 de janeiro de 2017. O novo sal\u00e1rio m\u00ednimo foi anunciado ontem (29) pelo governo federal. [&hellip;]<\/p>\n","protected":false},"author":1,"featured_media":88744,"comment_status":"open","ping_status":"closed","sticky":false,"template":"","format":"standard","meta":{"amp_status":"","footnotes":""},"categories":[6],"tags":[1018,133306,133526,6116,20181,54415,28253,133304,57639,94729,133307,26448,113432,113431,133305,71534],"class_list":["post-105796","post","type-post","status-publish","format-standard","has-post-thumbnail","hentry","category-br","tag-destaque","tag-governo-federal-anunciou-o-reajuste-do-salario-minimo-de-r-880-para-r-937-em-2017","tag-governo-federal-oficializa-salario-minimo-de-r-937-em-2017","tag-inflacao","tag-michel-temer","tag-ministerio-do-planejamento","tag-novo-salario-minimo","tag-novo-salario-minimo-de-r-937-entra-em-vigor-no-dia-1o-de-janeiro","tag-novo-valor-do-salario-minimo","tag-presidente-michel-temer","tag-salario-2017","tag-salario-minimo","tag-salario-minimo-brasileiro","tag-salario-minimo-em-2017","tag-salario-minimo-em-vigor-no-brasil","tag-salario-minimo-no-brasil"],"_links":{"self":[{"href":"https:\/\/aconteceunovale.com.br\/portal\/index.php?rest_route=\/wp\/v2\/posts\/105796","targetHints":{"allow":["GET"]}}],"collection":[{"href":"https:\/\/aconteceunovale.com.br\/portal\/index.php?rest_route=\/wp\/v2\/posts"}],"about":[{"href":"https:\/\/aconteceunovale.com.br\/portal\/index.php?rest_route=\/wp\/v2\/types\/post"}],"author":[{"embeddable":true,"href":"https:\/\/aconteceunovale.com.br\/portal\/index.php?rest_route=\/wp\/v2\/users\/1"}],"replies":[{"embeddable":true,"href":"https:\/\/aconteceunovale.com.br\/portal\/index.php?rest_route=%2Fwp%2Fv2%2Fcomments&post=105796"}],"version-history":[{"count":0,"href":"https:\/\/aconteceunovale.com.br\/portal\/index.php?rest_route=\/wp\/v2\/posts\/105796\/revisions"}],"wp:featuredmedia":[{"embeddable":true,"href":"https:\/\/aconteceunovale.com.br\/portal\/index.php?rest_route=\/wp\/v2\/media\/88744"}],"wp:attachment":[{"href":"https:\/\/aconteceunovale.com.br\/portal\/index.php?rest_route=%2Fwp%2Fv2%2Fmedia&parent=105796"}],"wp:term":[{"taxonomy":"category","embeddable":true,"href":"https:\/\/aconteceunovale.com.br\/portal\/index.php?rest_route=%2Fwp%2Fv2%2Fcategories&post=105796"},{"taxonomy":"post_tag","embeddable":true,"href":"https:\/\/aconteceunovale.com.br\/portal\/index.php?rest_route=%2Fwp%2Fv2%2Ftags&post=105796"}],"curies":[{"name":"wp","href":"https:\/\/api.w.org\/{rel}","templated":true}]}}