{"id":105791,"date":"2016-12-30T10:29:04","date_gmt":"2016-12-30T12:29:04","guid":{"rendered":"http:\/\/aconteceunovale.com.br\/portal\/?p=105791"},"modified":"2016-12-30T10:29:04","modified_gmt":"2016-12-30T12:29:04","slug":"educadores-de-montes-claros-recebem-premio-educacao-pelo-esporte-do-instituto-alpargatas","status":"publish","type":"post","link":"https:\/\/aconteceunovale.com.br\/portal\/?p=105791","title":{"rendered":"Educadores de Montes Claros recebem Pr\u00eamio Educa\u00e7\u00e3o pelo Esporte do Instituto Alpargatas"},"content":{"rendered":"<p>Mais uma vez, professores e gestores da rede municipal de Montes Claros foram contemplados pelo Pr\u00eamio Educa\u00e7\u00e3o pelo Esporte, promovido pelo Instituto Alpargatas (IA). Como em 2015, a solenidade de premia\u00e7\u00e3o ocorreu na cidade de Jo\u00e3o Pessoa (PB), durante o 14\u00ba Semin\u00e1rio Nacional de Educa\u00e7\u00e3o pelo Esporte. O evento, realizado no dia 07 de dezembro, contou com a presen\u00e7a de mais de mil pessoas. Foram premiados 10 professores e 10 equipes de gest\u00e3o nas categorias &#8220;Professor Nota 10&#8221; e &#8220;Gest\u00e3o Nota 10&#8221;.<\/p>\n<p>De acordo com o IA, \u201creconhecer a\u00e7\u00f5es \u00e9 fundamental para motivar a conquista de resultados cada vez melhores. Por isso, o Instituto Alpargatas criou, em 2003, o Pr\u00eamio de Educa\u00e7\u00e3o, que identifica, valoriza e divulga experi\u00eancias de aprendizagem inovadoras e de qualidade em escolas p\u00fablicas de ensino regular. A premia\u00e7\u00e3o \u00e9 feita todo ano com base no Programa de Educa\u00e7\u00e3o pelo Esporte\u201d.<\/p>\n<p><img decoding=\"async\" src=\"http:\/\/aconteceunovale.com.br\/portal\/wp-content\/uploads\/2016\/12\/nota_10_moc_1.jpg\" alt=\"\" \/><em>Premia\u00e7\u00e3o ocorreu em Jo\u00e3o Pessoa (Foto: Divulga\u00e7\u00e3o\/Prefeitura de Montes Claros)<\/em><br \/>\n<\/br><\/p>\n<p><strong>Semin\u00e1rio 2016<\/strong><\/p>\n<p>No Semin\u00e1rio de 2016, o grupo de professores e gestores de Montes Claros esteve acompanhado pela coordenadora do Ensino Fundamental, Maria Enedina Alves Silveira, a qual representou toda a equipe e a secret\u00e1ria municipal de Educa\u00e7\u00e3o, Sueli dos Reis Nobre. \u201cPara a \u00e1rea educacional de nossa cidade, participar e ter professores e gestores premiados nesta incr\u00edvel iniciativa do IA \u00e9 de extremo sentimento de orgulho, reconhecimento e gratid\u00e3o. Temos, em nosso setor, alguns dos melhores profissionais do Brasil! Contamos com professores e profissionais que representaram toda uma classe que se dedica, se esfor\u00e7a e, apesar das dificuldades do dia-a-dia, se mant\u00e9m firme na batalha por um pa\u00eds melhor\u201d, ressalta Enedina.<\/p>\n<p>Premiado pela terceira vez na categoria Professor Nota 10, o professor de Educa\u00e7\u00e3o F\u00edsica da E. M. Geraldo Pereira de Souza, Eduardo Lee Mur\u00e7a, disse que o pr\u00eamio \u201c\u00e9 uma motiva\u00e7\u00e3o muito grande para a classe\u201d. \u201cGanhei pela terceira vez e cada ano \u00e9 um desafio novo. Com esse projeto acho que todo mundo s\u00f3 tem a ganhar: professor, aluno e comunidade escolar\u201d, comenta Eduardo.<\/p>\n<p>Para o diretor da E. M. Laudelina Fonseca, Fernando Andrade, premiado na categoria Gest\u00e3o Nota 10, o pr\u00eamio \u201c\u00e9 um reconhecimento do trabalho do dia-a-dia\u201d. \u201cAcho que todo e qualquer tipo de premia\u00e7\u00e3o \u00e9 v\u00e1lido, ainda mais um pr\u00eamio de \u00e2mbito nacional. Acho important\u00edssimo, pois tamb\u00e9m tem a quest\u00e3o do valor que vai ser investido na escola. S\u00e3o 5 mil reais que o gestor ganha para fazer uma obra\/benef\u00edcio \u00e0 escola dele. Me sinto muito estimulado e satisfeito por ter conseguido trazer uma premia\u00e7\u00e3o para Montes Claros\u201d, afirmou o diretor.<\/p>\n<p><strong>Confira aqui os premiados de Montes Claros:<\/strong><\/p>\n<p>Andr\u00e9 Avelar Brito &#8211; Pr\u00eamio Educa\u00e7\u00e3o pelo Esporte: Professor Nota 10<\/p>\n<p>Carla Patr\u00edcia Vasconcelos &#8211; Pr\u00eamio Educa\u00e7\u00e3o pelo Esporte: Gest\u00e3o Nota 10<\/p>\n<p>Eduardo Lee Mur\u00e7a &#8211; Pr\u00eamio Educa\u00e7\u00e3o pelo Esporte: Professor Nota 10<\/p>\n<p>Fernando Andrade &#8211; Pr\u00eamio Educa\u00e7\u00e3o pelo Esporte: Gest\u00e3o Nota 10<\/p>\n<p>Igda Genoveva Silva &#8211; Pr\u00eamio Educa\u00e7\u00e3o pelo Esporte: Gest\u00e3o Nota 10<\/p>\n<p>Ilda Alves de Oliveira &#8211; Pr\u00eamio Educa\u00e7\u00e3o pelo Esporte: Gest\u00e3o Nota 10<\/p>\n<p>Juliana Santos de Oliveira &#8211; Pr\u00eamio Educa\u00e7\u00e3o pelo Esporte: Professor Nota 10<\/p>\n<p>Renata Balsamo Amarante \u2013 Pr\u00eamio Educa\u00e7\u00e3o pelo Esporte: Professor Nota 10<\/p>\n<p><strong>VER PRIMEIRO<\/strong><\/p>\n<p><strong>Receba as not\u00edcias do Aconteceu no Vale em primeira m\u00e3o. Clique em curtir no endere\u00e7o <a href=\"https:\/\/www.facebook.com\/aconteceunovale\" target=\"_blank\"><font color=\"red\">www.facebook.com\/aconteceunovale<\/font><\/a> ou no box abaixo:<\/strong><\/p>\n<div class=\"fb-like\" data-href=\"https:\/\/www.facebook.com\/aconteceunovale\" data-width=\"120\" data-layout=\"standard\" data-action=\"like\" data-size=\"small\" data-show-faces=\"true\" data-share=\"true\"><\/div>\n<p><\/br><\/p>\n<p><img decoding=\"async\" src=\"http:\/\/aconteceunovale.com.br\/portal\/wp-content\/uploads\/2016\/12\/nota_10_moc_2.jpg\" alt=\"\" \/><em>Premia\u00e7\u00e3o ocorreu em Jo\u00e3o Pessoa (Foto: Divulga\u00e7\u00e3o\/Prefeitura de Montes Claros)<\/em><br \/>\n<\/br><\/p>\n<p><img decoding=\"async\" src=\"http:\/\/aconteceunovale.com.br\/portal\/wp-content\/uploads\/2016\/12\/nota_10_moc_3.jpg\" alt=\"\" \/><em>Premia\u00e7\u00e3o ocorreu em Jo\u00e3o Pessoa (Foto: Divulga\u00e7\u00e3o\/Prefeitura de Montes Claros)<\/em><br \/>\n<\/br><\/p>\n<p><em>(Ascom Prefeitura de Montes Claros)<\/em><\/p>\n","protected":false},"excerpt":{"rendered":"<p>Mais uma vez, professores e gestores da rede municipal de Montes Claros foram contemplados pelo Pr\u00eamio Educa\u00e7\u00e3o pelo Esporte, promovido pelo Instituto Alpargatas (IA). Como em 2015, a solenidade de premia\u00e7\u00e3o ocorreu na cidade de Jo\u00e3o Pessoa (PB), durante o 14\u00ba Semin\u00e1rio Nacional de Educa\u00e7\u00e3o pelo Esporte. O evento, realizado no dia 07 de dezembro, [&hellip;]<\/p>\n","protected":false},"author":1,"featured_media":105792,"comment_status":"open","ping_status":"closed","sticky":false,"template":"","format":"standard","meta":{"amp_status":"","footnotes":""},"categories":[40238,1236],"tags":[133515,65002,133517,133518,133519,133525,133520,133521,133522,133514,21045,133523,133513,133516,133524],"class_list":["post-105791","post","type-post","status-publish","format-standard","has-post-thumbnail","hentry","category-educacao-2","category-norte_de_minas","tag-4o-seminario-nacional-de-educacao-pelo-esporte","tag-alpargatas","tag-andre-avelar-brito","tag-carla-patricia-vasconcelos","tag-eduardo-lee-murca","tag-educadores-de-montes-claros-recebem-premio-educacao-pelo-esporte-do-instituto-alpargatas","tag-fernando-andrade","tag-igda-genoveva-silva","tag-ilda-alves-de-oliveira","tag-instituto-alpargatas","tag-joao-pessoa","tag-juliana-santos-de-oliveira","tag-premio-educacao-pelo-esporte-do-instituto-alpargatas","tag-professor-nota-10","tag-renata-balsamo-amarante"],"_links":{"self":[{"href":"https:\/\/aconteceunovale.com.br\/portal\/index.php?rest_route=\/wp\/v2\/posts\/105791","targetHints":{"allow":["GET"]}}],"collection":[{"href":"https:\/\/aconteceunovale.com.br\/portal\/index.php?rest_route=\/wp\/v2\/posts"}],"about":[{"href":"https:\/\/aconteceunovale.com.br\/portal\/index.php?rest_route=\/wp\/v2\/types\/post"}],"author":[{"embeddable":true,"href":"https:\/\/aconteceunovale.com.br\/portal\/index.php?rest_route=\/wp\/v2\/users\/1"}],"replies":[{"embeddable":true,"href":"https:\/\/aconteceunovale.com.br\/portal\/index.php?rest_route=%2Fwp%2Fv2%2Fcomments&post=105791"}],"version-history":[{"count":0,"href":"https:\/\/aconteceunovale.com.br\/portal\/index.php?rest_route=\/wp\/v2\/posts\/105791\/revisions"}],"wp:featuredmedia":[{"embeddable":true,"href":"https:\/\/aconteceunovale.com.br\/portal\/index.php?rest_route=\/wp\/v2\/media\/105792"}],"wp:attachment":[{"href":"https:\/\/aconteceunovale.com.br\/portal\/index.php?rest_route=%2Fwp%2Fv2%2Fmedia&parent=105791"}],"wp:term":[{"taxonomy":"category","embeddable":true,"href":"https:\/\/aconteceunovale.com.br\/portal\/index.php?rest_route=%2Fwp%2Fv2%2Fcategories&post=105791"},{"taxonomy":"post_tag","embeddable":true,"href":"https:\/\/aconteceunovale.com.br\/portal\/index.php?rest_route=%2Fwp%2Fv2%2Ftags&post=105791"}],"curies":[{"name":"wp","href":"https:\/\/api.w.org\/{rel}","templated":true}]}}