{"id":105788,"date":"2016-12-30T10:20:18","date_gmt":"2016-12-30T12:20:18","guid":{"rendered":"http:\/\/aconteceunovale.com.br\/portal\/?p=105788"},"modified":"2016-12-30T10:20:18","modified_gmt":"2016-12-30T12:20:18","slug":"prefeitura-de-montes-claros-decreta-tombamento-da-serra-do-mel","status":"publish","type":"post","link":"https:\/\/aconteceunovale.com.br\/portal\/?p=105788","title":{"rendered":"Prefeitura de Montes Claros decreta tombamento  da \u2018Serra do Mel\u2019"},"content":{"rendered":"<p>Nesta quinta-feira (29\/12\/2016), o prefeito em exerc\u00edcio de Montes Claros, Jos\u00e9 Vicente Medeiros (PMDB), assinou o decreto de tombamento da Serra dos Montes Claros, conhecida como Serra do Mel ou Serra da Sapucaia. A assinatura do documento foi comemorada pelos ambientalistas do Norte de Minas, que veem na preserva\u00e7\u00e3o do local grande import\u00e2ncia para a manuten\u00e7\u00e3o da biodiversidade regional.<\/p>\n<p>Com o decreto, todas as constru\u00e7\u00f5es e a\u00e7\u00f5es que criam impacto ambiental e social na regi\u00e3o ser\u00e3o barrados. Por\u00e9m, as comunidades j\u00e1 instaladas n\u00e3o ser\u00e3o desalojadas. Na regi\u00e3o da Serra do Mel existem duas comunidades rurais e dois bairros, Palmito I e II.<\/p>\n<p>O ambientalista S\u00f3ter Magno, da ONG Ovive, destaca que o documento assegura condi\u00e7\u00f5es de manuten\u00e7\u00e3o do espa\u00e7o e da biodiversidade oferecida na serra, sendo de fundamental import\u00e2ncia para a cidade de Montes Claros. &#8220;As pessoas n\u00e3o t\u00eam ideia da import\u00e2ncia, do contexto ambiental, cultural e social da serra para a cidade. Cerca de 35% do abastecimento de \u00e1gua de Montes Claros sai desta regi\u00e3o, que sofria com a grande press\u00e3o da especula\u00e7\u00e3o imobili\u00e1ria&#8221;, afirma.<\/p>\n<p>Para S\u00f3ter, o decreto traz sossego para a regi\u00e3o, que \u00e9 a cabeceira hidrogr\u00e1fica do Rio Vieiras. &#8220;\u00c9 uma \u00e1rea de recarga h\u00eddrica, est\u00e1 pr\u00f3ximo do Parque estadual da Lapa Grande. Esta regi\u00e3o forma um micro clima. Na parte sul da cidade, parte baixa, \u00e9 mais fresco porque ainda tem esta cobertura vegetal. Se tirar este verde da serra o calor aumenta. Al\u00e9m disso, o perigo de constru\u00e7\u00f5es nesta \u00e1rea, para o escoamento das \u00e1guas da chuvas \u00e9 grande. Se n\u00e3o cuidar disso a cidade vai ter problemas muitos s\u00e9rios no futuro&#8221;.<\/p>\n<p>O tombamento foi aprovado, por unanimidade, pelo Conselho de Patrim\u00f4nio Hist\u00f3rico e Cultural de Montes Claros, no in\u00edcio de dezembro, e vai abranger uma \u00e1rea de cerca de 2.600 hectares.<\/p>\n<p>Ao longo dos anos, v\u00e1rias reuni\u00f5es foram realizadas entre poder p\u00fablico e comunidades na tentativa de viabilizar o tombamento da Serra do Mel. O jornalista Geraldo Humberto, um dos criadores do Instituto Vidas \u00c1ridas, tamb\u00e9m participou da assinatura do tombamento e afirma que era um sentimento compartilhado por v\u00e1rias pessoas da regi\u00e3o, que queriam ver o local efetivamente preservado.<\/p>\n<p>&#8220;Era um sentimento compartilhado pelas pessoas que fazem caminhada, ciclismo, entre outros, que olham para a Serra de Montes Claros e veem que v\u00e3o sair do centro urbano e encontrar a natureza. Quando a gente toca no assunto, de manter este espa\u00e7o, as pessoas se inflamam no discurso: tem que ser preservado para as futuras gera\u00e7\u00f5es&#8221;.<\/p>\n<p>Para Geraldo, o tombamento \u00e9 ser\u00e1 um importante legado e passo na consolida\u00e7\u00e3o da preserva\u00e7\u00e3o ambiental da cidade. &#8220;O direito ambiental \u00e9 o \u00fanico que pensa nas futuras gera\u00e7\u00f5es. Hoje existe uma gama de jovens que chegam na serra e afirmam que n\u00e3o sabiam da sua exist\u00eancia. \u00c9 de uma import\u00e2ncia grande para a cidade. Existe o crescimento, que \u00e9 diferente de desenvolvimento. Conseguir tombar a serra \u00e9 sin\u00f4nimo que estamos desenvolvendo a cidade de Montes Claros. Isso \u00e9 qualidade de vida&#8221;, finaliza.<\/p>\n<p><img decoding=\"async\" src=\"http:\/\/aconteceunovale.com.br\/portal\/wp-content\/uploads\/2016\/12\/serra_do_mel.jpg\" alt=\"\" \/><em>Local \u00e9 de grande import\u00e2ncia \u00e0 biodiversidade regional (Foto: Wilson Medeiros\/Divulga\u00e7\u00e3o)<\/em><br \/>\n<\/br><\/p>\n<p><em>(Fonte: G1 Grande Minas)<\/em><\/p>\n","protected":false},"excerpt":{"rendered":"<p>Nesta quinta-feira (29\/12\/2016), o prefeito em exerc\u00edcio de Montes Claros, Jos\u00e9 Vicente Medeiros (PMDB), assinou o decreto de tombamento da Serra dos Montes Claros, conhecida como Serra do Mel ou Serra da Sapucaia. A assinatura do documento foi comemorada pelos ambientalistas do Norte de Minas, que veem na preserva\u00e7\u00e3o do local grande import\u00e2ncia para a [&hellip;]<\/p>\n","protected":false},"author":1,"featured_media":105789,"comment_status":"open","ping_status":"closed","sticky":false,"template":"","format":"standard","meta":{"amp_status":"","footnotes":""},"categories":[1236],"tags":[132784,17039,132786,132781,132779,1018,132785,93374,210,67186,132780,18096,132799,30996,133512,67189,132783,67188,133511,133510,132782,132788,132787],"class_list":["post-105788","post","type-post","status-publish","format-standard","has-post-thumbnail","hentry","category-norte_de_minas","tag-aluisia-beraldo-ribeiro","tag-ambientalista-soter-magno","tag-carlos-muniz","tag-compac","tag-conselho-municipal-do-patrimonio-cultural-de-montes-claros","tag-destaque","tag-edvaldo-marques-de-araujo","tag-jose-vicente-medeiros","tag-montes-claros","tag-ong-ovive","tag-patrimonio-cultural-de-montes-claros","tag-pmdb","tag-prefeito-em-exercicio-de-montes-claros","tag-prefeitura-de-montes-claros","tag-prefeitura-de-montes-claros-decreta-tombamento-da-serra-do-mel","tag-serra-do-mel","tag-serra-dos-montes-claros","tag-soter-magno","tag-tombamento-da-serra-da-sapucaia","tag-tombamento-da-serra-do-mel","tag-tombamento-da-serra-dos-montes-claros","tag-tombamento-da-serra-dos-montes-claros-e-aprovado-pelo-compac","tag-tombamento-do-morro-dois-irmaos"],"_links":{"self":[{"href":"https:\/\/aconteceunovale.com.br\/portal\/index.php?rest_route=\/wp\/v2\/posts\/105788","targetHints":{"allow":["GET"]}}],"collection":[{"href":"https:\/\/aconteceunovale.com.br\/portal\/index.php?rest_route=\/wp\/v2\/posts"}],"about":[{"href":"https:\/\/aconteceunovale.com.br\/portal\/index.php?rest_route=\/wp\/v2\/types\/post"}],"author":[{"embeddable":true,"href":"https:\/\/aconteceunovale.com.br\/portal\/index.php?rest_route=\/wp\/v2\/users\/1"}],"replies":[{"embeddable":true,"href":"https:\/\/aconteceunovale.com.br\/portal\/index.php?rest_route=%2Fwp%2Fv2%2Fcomments&post=105788"}],"version-history":[{"count":0,"href":"https:\/\/aconteceunovale.com.br\/portal\/index.php?rest_route=\/wp\/v2\/posts\/105788\/revisions"}],"wp:featuredmedia":[{"embeddable":true,"href":"https:\/\/aconteceunovale.com.br\/portal\/index.php?rest_route=\/wp\/v2\/media\/105789"}],"wp:attachment":[{"href":"https:\/\/aconteceunovale.com.br\/portal\/index.php?rest_route=%2Fwp%2Fv2%2Fmedia&parent=105788"}],"wp:term":[{"taxonomy":"category","embeddable":true,"href":"https:\/\/aconteceunovale.com.br\/portal\/index.php?rest_route=%2Fwp%2Fv2%2Fcategories&post=105788"},{"taxonomy":"post_tag","embeddable":true,"href":"https:\/\/aconteceunovale.com.br\/portal\/index.php?rest_route=%2Fwp%2Fv2%2Ftags&post=105788"}],"curies":[{"name":"wp","href":"https:\/\/api.w.org\/{rel}","templated":true}]}}