{"id":105779,"date":"2016-12-30T09:47:42","date_gmt":"2016-12-30T11:47:42","guid":{"rendered":"http:\/\/aconteceunovale.com.br\/portal\/?p=105779"},"modified":"2016-12-30T09:47:42","modified_gmt":"2016-12-30T11:47:42","slug":"suspeitos-de-roubo-sao-detidos-apos-troca-de-tiros-com-policiais-militares-em-montes-claros","status":"publish","type":"post","link":"https:\/\/aconteceunovale.com.br\/portal\/?p=105779","title":{"rendered":"Suspeitos de roubo s\u00e3o detidos ap\u00f3s troca de tiros com policiais militares em Montes Claros"},"content":{"rendered":"<p>Um homem foi preso e dois adolescentes apreendidos na madrugada desta quinta-feira (29\/12\/2016) ap\u00f3s trocarem tiros com policiais militares em Montes Claros, no Norte de Minas. Segundo a PM, os tr\u00eas detidos tamb\u00e9m s\u00e3o suspeitos de envolvimento com o roubo de um malote na Avenida Governador Magalh\u00e3es Pinto, no Bairro Guaruj\u00e1.<\/p>\n<p>A PM afirma que a v\u00edtima do roubo, um homem de 32 anos, informou que ele e seu s\u00f3cio foram agredidos por tr\u00eas jovens que roubaram o malote e um ve\u00edculo de passeio. Os militares iniciaram buscas e encontraram o carro em uma rua do Bairro Planalto.<\/p>\n<p>Os policiais perceberam que outro ve\u00edculo de passeio se aproximou, mas engrenou a marcha r\u00e9 quando percebeu a presen\u00e7a da viatura da PM no local. Uma persegui\u00e7\u00e3o foi iniciada e os criminosos atiraram contra os policiais, segundo a PM, que revidaram e atingiram a porta do carro que os suspeitos estavam; ningu\u00e9m ficou ferido.<\/p>\n<p><img decoding=\"async\" src=\"http:\/\/aconteceunovale.com.br\/portal\/wp-content\/uploads\/2016\/12\/presos_moc.jpeg\" alt=\"\" \/><em>Detidos foram encaminhados \u00e0 delegacia de pol\u00edcia (Foto: Ricardo Guimar\u00e3es\/G1)<\/em><br \/>\n<\/br><\/p>\n<p>A pol\u00edcia afirma ainda que a persegui\u00e7\u00e3o seguiu por v\u00e1rias ruas do bairro at\u00e9 o momento que os suspeitos pararam em frente \u00e0 casa de um deles. No local, a PM prendeu um homem de 25 anos, que possui v\u00e1rias passagens, e apreendeu os dois adolescentes, de 16 e 17 anos. Um bon\u00e9 apreendido no ve\u00edculo que os suspeitos estavam foi apresentado \u00e0 v\u00edtima do roubo, que afirmou que um dos criminosos envolvidos no crime usava um bon\u00e9 semelhante, mas ele n\u00e3o reconheceu os jovens como os autores do assalto. A v\u00edtima afirmou que o local do crime era com baixa luminosidade.<\/p>\n<p>Os tr\u00eas envolvidos foram levados para a delegacia. A PM afirma que a rela\u00e7\u00e3o dos tr\u00eas detidos com o roubo s\u00f3 poder\u00e1 ser confirmada ap\u00f3s investiga\u00e7\u00e3o, que ser\u00e1 realizada pela Pol\u00edcia Civil. At\u00e9 a publica\u00e7\u00e3o desta mat\u00e9ria, o malote roubado e a arma usada na a\u00e7\u00e3o contra a PM n\u00e3o foram encontrados.<\/p>\n<p><strong>VER PRIMEIRO<\/strong><\/p>\n<p><strong>Receba as not\u00edcias do Aconteceu no Vale em primeira m\u00e3o. Clique em curtir no endere\u00e7o <a href=\"https:\/\/www.facebook.com\/aconteceunovale\" target=\"_blank\"><font color=\"red\">www.facebook.com\/aconteceunovale<\/font><\/a> ou no box abaixo:<\/strong><\/p>\n<div class=\"fb-like\" data-href=\"https:\/\/www.facebook.com\/aconteceunovale\" data-width=\"120\" data-layout=\"standard\" data-action=\"like\" data-size=\"small\" data-show-faces=\"true\" data-share=\"true\"><\/div>\n<p><\/br><\/p>\n<p><em>(Fonte: G1 Grande Minas)<\/em><\/p>\n","protected":false},"excerpt":{"rendered":"<p>Um homem foi preso e dois adolescentes apreendidos na madrugada desta quinta-feira (29\/12\/2016) ap\u00f3s trocarem tiros com policiais militares em Montes Claros, no Norte de Minas. Segundo a PM, os tr\u00eas detidos tamb\u00e9m s\u00e3o suspeitos de envolvimento com o roubo de um malote na Avenida Governador Magalh\u00e3es Pinto, no Bairro Guaruj\u00e1. A PM afirma que [&hellip;]<\/p>\n","protected":false},"author":1,"featured_media":105780,"comment_status":"open","ping_status":"closed","sticky":false,"template":"","format":"standard","meta":{"amp_status":"","footnotes":""},"categories":[1236],"tags":[104546,9847,104545,210,133491,133490,46966,133492,133488,133489],"class_list":["post-105779","post","type-post","status-publish","format-standard","has-post-thumbnail","hentry","category-norte_de_minas","tag-assaltantes-presos-em-montes-claros","tag-assalto-em-montes-claros","tag-ladroes-presos-em-montes-claros","tag-montes-claros","tag-presos-por-roubo-em-montes-claros","tag-roubo-de-malote-em-montes-claros","tag-roubo-em-montes-claros","tag-suspeitos-de-roubo-sao-detidos-apos-troca-de-tiros-com-policiais-militares-em-montes-claros","tag-tiros-com-policiais-militares-em-montes-claros","tag-troca-de-tiros-com-policiais-militares-em-montes-claros"],"_links":{"self":[{"href":"https:\/\/aconteceunovale.com.br\/portal\/index.php?rest_route=\/wp\/v2\/posts\/105779","targetHints":{"allow":["GET"]}}],"collection":[{"href":"https:\/\/aconteceunovale.com.br\/portal\/index.php?rest_route=\/wp\/v2\/posts"}],"about":[{"href":"https:\/\/aconteceunovale.com.br\/portal\/index.php?rest_route=\/wp\/v2\/types\/post"}],"author":[{"embeddable":true,"href":"https:\/\/aconteceunovale.com.br\/portal\/index.php?rest_route=\/wp\/v2\/users\/1"}],"replies":[{"embeddable":true,"href":"https:\/\/aconteceunovale.com.br\/portal\/index.php?rest_route=%2Fwp%2Fv2%2Fcomments&post=105779"}],"version-history":[{"count":0,"href":"https:\/\/aconteceunovale.com.br\/portal\/index.php?rest_route=\/wp\/v2\/posts\/105779\/revisions"}],"wp:featuredmedia":[{"embeddable":true,"href":"https:\/\/aconteceunovale.com.br\/portal\/index.php?rest_route=\/wp\/v2\/media\/105780"}],"wp:attachment":[{"href":"https:\/\/aconteceunovale.com.br\/portal\/index.php?rest_route=%2Fwp%2Fv2%2Fmedia&parent=105779"}],"wp:term":[{"taxonomy":"category","embeddable":true,"href":"https:\/\/aconteceunovale.com.br\/portal\/index.php?rest_route=%2Fwp%2Fv2%2Fcategories&post=105779"},{"taxonomy":"post_tag","embeddable":true,"href":"https:\/\/aconteceunovale.com.br\/portal\/index.php?rest_route=%2Fwp%2Fv2%2Ftags&post=105779"}],"curies":[{"name":"wp","href":"https:\/\/api.w.org\/{rel}","templated":true}]}}