{"id":105773,"date":"2016-12-30T09:37:57","date_gmt":"2016-12-30T11:37:57","guid":{"rendered":"http:\/\/aconteceunovale.com.br\/portal\/?p=105773"},"modified":"2016-12-30T09:37:57","modified_gmt":"2016-12-30T11:37:57","slug":"bebe-de-quatro-meses-e-atingido-por-lamina-em-montes-claros","status":"publish","type":"post","link":"https:\/\/aconteceunovale.com.br\/portal\/?p=105773","title":{"rendered":"Beb\u00ea de quatro meses \u00e9 atingido por l\u00e2mina em Montes Claros"},"content":{"rendered":"<p>O Corpo de Bombeiros de Montes Claros socorreu um beb\u00ea de quatro meses que foi ferido por outra crian\u00e7a com uma l\u00e2mina, no Bairro Alterosa, nessa quarta-feira (28\/12\/2016). A m\u00e3e, de 18 anos, contou aos militares que estava arrumando a casa e que deixou o beb\u00ea brincando com um vizinho, de tr\u00eas anos. Ao verificar o choro do menino, percebeu que ele estava com v\u00e1rios cortes superficiais na perna, pr\u00f3ximo ao joelho.<\/p>\n<p>\u201cAtendemos ao beb\u00ea na casa de uma vizinha, de onde a m\u00e3e fez a liga\u00e7\u00e3o. Ela contou que n\u00e3o tem telefone em casa e, por isso, foi at\u00e9 a vizinha chamar os bombeiros. Disse ainda que o beb\u00ea tinha sido ferido por outra crian\u00e7a por uma l\u00e2mina que estava solta no ch\u00e3o da casa\u201d, explicou o sargento A\u00fade Soares Fernandes.<\/p>\n<p><img decoding=\"async\" src=\"http:\/\/aconteceunovale.com.br\/portal\/wp-content\/uploads\/2016\/12\/bebe_ferido_moc.jpg\" alt=\"\" \/><em>Beb\u00ea teve ferimentos na perna (Foto: Corpo de Bombeiros\/ Divulga\u00e7\u00e3o)<\/em><br \/>\n<\/br><\/p>\n<p>Os bombeiros fizeram curativos para prote\u00e7\u00e3o dos machucados e encaminharam o beb\u00ea at\u00e9 um hospital da cidade. De acordo com a assessoria do hospital, a crian\u00e7a foi atendida e liberada ainda na quarta. A m\u00e3e foi orientada quanto aos cuidados que deve ter dentro de casa.<\/p>\n<p>\u201cOrientamos a m\u00e3e a n\u00e3o deixar objetos perfuro cortantes ao alcance das crian\u00e7as. Paralelamente, acionamos a Assistente Social do hospital para acompanhar a fam\u00edlia, inclusive, na apura\u00e7\u00e3o da veracidade das informa\u00e7\u00f5es prestadas por ela quanto \u00e0 din\u00e2mica do ferimento\u201d, disse o sargento.<\/p>\n<p>Segundo o Servi\u00e7o de Assist\u00eancia Social do hospital, n\u00e3o foi identificado nenhuma suspeita de agress\u00e3o \u00e0 crian\u00e7a.<\/p>\n<p><strong>A\u00e7\u00e3o Social<\/strong><\/p>\n<p>Durante o atendimento da ocorr\u00eancia, os bombeiros perceberam que a fam\u00edlia precisava de ajuda, como alimenta\u00e7\u00e3o, roupas e materiais de higiene. Eles se mobilizaram internamente, e no pr\u00f3ximo domingo (01) v\u00e3o ao local fazer uma doa\u00e7\u00e3o.<\/p>\n<p><strong>VER PRIMEIRO<\/strong><\/p>\n<p><strong>Receba as not\u00edcias do Aconteceu no Vale em primeira m\u00e3o. Clique em curtir no endere\u00e7o <a href=\"https:\/\/www.facebook.com\/aconteceunovale\" target=\"_blank\"><font color=\"red\">www.facebook.com\/aconteceunovale<\/font><\/a> ou no box abaixo:<\/strong><\/p>\n<div class=\"fb-like\" data-href=\"https:\/\/www.facebook.com\/aconteceunovale\" data-width=\"120\" data-layout=\"standard\" data-action=\"like\" data-size=\"small\" data-show-faces=\"true\" data-share=\"true\"><\/div>\n<p><\/br><\/p>\n<p><em>(Fonte: G1 Grande Minas\/Juliana Peixoto)<\/em><\/p>\n","protected":false},"excerpt":{"rendered":"<p>O Corpo de Bombeiros de Montes Claros socorreu um beb\u00ea de quatro meses que foi ferido por outra crian\u00e7a com uma l\u00e2mina, no Bairro Alterosa, nessa quarta-feira (28\/12\/2016). A m\u00e3e, de 18 anos, contou aos militares que estava arrumando a casa e que deixou o beb\u00ea brincando com um vizinho, de tr\u00eas anos. Ao verificar [&hellip;]<\/p>\n","protected":false},"author":1,"featured_media":105774,"comment_status":"open","ping_status":"closed","sticky":false,"template":"","format":"standard","meta":{"amp_status":"","footnotes":""},"categories":[1236],"tags":[133480,133481,37851,133483,133482,210],"class_list":["post-105773","post","type-post","status-publish","format-standard","has-post-thumbnail","hentry","category-norte_de_minas","tag-bebe-de-quatro-meses-e-atingido-por-lamina-em-montes-claros","tag-bebe-esfaqueado-por-crianca-em-montes-claros","tag-corpo-de-bombeiros-de-montes-claros","tag-corpo-de-bombeiros-de-montes-claros-socorreu-um-bebe-de-quatro-meses-que-foi-ferido-por-outra-crianca-com-uma-lamina","tag-esfaqueado-por-crianca-em-montes-claros","tag-montes-claros"],"_links":{"self":[{"href":"https:\/\/aconteceunovale.com.br\/portal\/index.php?rest_route=\/wp\/v2\/posts\/105773","targetHints":{"allow":["GET"]}}],"collection":[{"href":"https:\/\/aconteceunovale.com.br\/portal\/index.php?rest_route=\/wp\/v2\/posts"}],"about":[{"href":"https:\/\/aconteceunovale.com.br\/portal\/index.php?rest_route=\/wp\/v2\/types\/post"}],"author":[{"embeddable":true,"href":"https:\/\/aconteceunovale.com.br\/portal\/index.php?rest_route=\/wp\/v2\/users\/1"}],"replies":[{"embeddable":true,"href":"https:\/\/aconteceunovale.com.br\/portal\/index.php?rest_route=%2Fwp%2Fv2%2Fcomments&post=105773"}],"version-history":[{"count":0,"href":"https:\/\/aconteceunovale.com.br\/portal\/index.php?rest_route=\/wp\/v2\/posts\/105773\/revisions"}],"wp:featuredmedia":[{"embeddable":true,"href":"https:\/\/aconteceunovale.com.br\/portal\/index.php?rest_route=\/wp\/v2\/media\/105774"}],"wp:attachment":[{"href":"https:\/\/aconteceunovale.com.br\/portal\/index.php?rest_route=%2Fwp%2Fv2%2Fmedia&parent=105773"}],"wp:term":[{"taxonomy":"category","embeddable":true,"href":"https:\/\/aconteceunovale.com.br\/portal\/index.php?rest_route=%2Fwp%2Fv2%2Fcategories&post=105773"},{"taxonomy":"post_tag","embeddable":true,"href":"https:\/\/aconteceunovale.com.br\/portal\/index.php?rest_route=%2Fwp%2Fv2%2Ftags&post=105773"}],"curies":[{"name":"wp","href":"https:\/\/api.w.org\/{rel}","templated":true}]}}