{"id":105766,"date":"2016-12-30T09:18:39","date_gmt":"2016-12-30T11:18:39","guid":{"rendered":"http:\/\/aconteceunovale.com.br\/portal\/?p=105766"},"modified":"2016-12-30T09:18:39","modified_gmt":"2016-12-30T11:18:39","slug":"libertacao-de-condenado-por-morte-de-bailarino-deixa-familia-revoltada-em-montes-claros","status":"publish","type":"post","link":"https:\/\/aconteceunovale.com.br\/portal\/?p=105766","title":{"rendered":"Liberta\u00e7\u00e3o de condenado por morte de bailarino deixa fam\u00edlia revoltada em Montes Claros"},"content":{"rendered":"<p>A fam\u00edlia do bailarino Igor Xavier, assassinado em 2002, est\u00e1 revoltada com liminar que colocou em liberdade o acusado do crime, Ricardo Athayde. O crime foi em Montes Claros, no Norte de Minas, e Ricardo Athayde foi julgado e condenado, em 2013, a 14 anos de reclus\u00e3o. Na \u00e9poca, a defesa recorreu da decis\u00e3o e conseguiu reduzir a pena para 12 anos; o r\u00e9u conseguiu ainda recorrer em terceira inst\u00e2ncia em liberdade.<\/p>\n<p>No dia 16 deste m\u00eas, Ricardo Athayde foi preso em Belo Horizonte. A Pol\u00edcia Civil afirmou que a pris\u00e3o foi em cumprimento a um mandado de pris\u00e3o expedido pela vara do Tribunal de J\u00fari de Montes Claros, em virtude da nova decis\u00e3o do Supremo Tribunal Superior em prender condenados em segunda inst\u00e2ncia, que aguardavam recurso em liberdade.<\/p>\n<p><img decoding=\"async\" src=\"http:\/\/aconteceunovale.com.br\/portal\/wp-content\/uploads\/2016\/12\/caso_bailarino_moc_1.jpg\" alt=\"\" \/><em>Ricardo foi condenado pela morte do bailarino Igor Xavier (Foto: Juliana Peixoto\/G1)<\/em><br \/>\n<\/br><\/p>\n<p>O advogado Marcelo Campos, que defende Ricardo Athayde no caso Igor Xavier, afirmou que que seu cliente conseguiu a liberdade por meio de uma liminar expedida pelo Tribunal de Justi\u00e7a de Minas Gerais. O advogado afirma que entrou com um habeas corpus no dia 20 deste m\u00eas junto ao TJMG, que deferiu o pedido. A defesa afirma tamb\u00e9m que Ricardo Athayde foi colocado em liberdade no dia 22.<\/p>\n<p>Para a defesa, a decis\u00e3o do STF n\u00e3o se aplica a Ricardo Athayde, \u201cuma vez que a ele foi assegurado expressamente o direito de aguardar o julgamento dos recursos em liberdade\u201d.<\/p>\n<p>\u201cA defesa considera que a decis\u00e3o que decretou a pris\u00e3o para dar in\u00edcio do cumprimento de pena n\u00e3o poderia alterar as decis\u00f5es que concederam o direito de aguardar o julgamento dos recursos em liberdade, contra as quais n\u00e3o houve recurso da acusa\u00e7\u00e3o\u201d, diz a defesa.<\/p>\n<p>A m\u00e3e bailarino, Marlene Xavier se diz surpresa com a decis\u00e3o que concedeu a liberdade ao assassino do filho. \u201cA soltura \u00e9 um verdadeiro absurdo. J\u00e1 foi condenado, j\u00e1 tem a decis\u00e3o para recolher, mas ele vai continuar livre. A pris\u00e3o foi uma surpresa, n\u00f3s n\u00e3o esper\u00e1vamos. Sab\u00edamos que ele conseguiria ser solto, mas n\u00e3o t\u00e3o r\u00e1pido assim\u201d, lamenta.<\/p>\n<p><strong>VER PRIMEIRO<\/strong><\/p>\n<p><strong>Receba as not\u00edcias do Aconteceu no Vale em primeira m\u00e3o. Clique em curtir no endere\u00e7o <a href=\"https:\/\/www.facebook.com\/aconteceunovale\" target=\"_blank\"><font color=\"red\">www.facebook.com\/aconteceunovale<\/font><\/a> ou no box abaixo:<\/strong><\/p>\n<div class=\"fb-like\" data-href=\"https:\/\/www.facebook.com\/aconteceunovale\" data-width=\"120\" data-layout=\"standard\" data-action=\"like\" data-size=\"small\" data-show-faces=\"true\" data-share=\"true\"><\/div>\n<p><\/br><\/p>\n<p><em>(Fonte: G1 Grande Minas\/Valdivan Veloso)<\/em><\/p>\n","protected":false},"excerpt":{"rendered":"<p>A fam\u00edlia do bailarino Igor Xavier, assassinado em 2002, est\u00e1 revoltada com liminar que colocou em liberdade o acusado do crime, Ricardo Athayde. O crime foi em Montes Claros, no Norte de Minas, e Ricardo Athayde foi julgado e condenado, em 2013, a 14 anos de reclus\u00e3o. Na \u00e9poca, a defesa recorreu da decis\u00e3o e [&hellip;]<\/p>\n","protected":false},"author":1,"featured_media":104689,"comment_status":"open","ping_status":"closed","sticky":false,"template":"","format":"standard","meta":{"amp_status":"","footnotes":""},"categories":[1236],"tags":[131395,194,43696,131398,25323,131397,133475,210,30798,131399,131396,132160,270,132161,92646],"class_list":["post-105766","post","type-post","status-publish","format-standard","has-post-thumbnail","hentry","category-norte_de_minas","tag-bailarino-igor-leonardo-lacerda-xavier","tag-belo-horizonte","tag-delegado-regional-de-montes-claros","tag-homicidio-de-igor-xavier","tag-igor-leonardo-lacerda-xavier","tag-jurandir-rodrigues-cesar-filho","tag-libertacao-de-condenado-por-morte-de-bailarino-deixa-familia-revoltada-em-montes-claros","tag-montes-claros","tag-policia-civil-de-montes-claros","tag-policia-civil-de-montes-claros-prende-homem-condenado-pela-morte-do-bailarino-igor-xavier","tag-ricardo-athayde-de-vasconcelos","tag-soltura-do-fazendeiro-ricardo-athayde-de-vasconcelos","tag-tjmg","tag-tjmg-manda-soltar-fazendeiro-que-matou-bailarino-em-montes-claros","tag-tribunal-de-justica-de-minas-gerais"],"_links":{"self":[{"href":"https:\/\/aconteceunovale.com.br\/portal\/index.php?rest_route=\/wp\/v2\/posts\/105766","targetHints":{"allow":["GET"]}}],"collection":[{"href":"https:\/\/aconteceunovale.com.br\/portal\/index.php?rest_route=\/wp\/v2\/posts"}],"about":[{"href":"https:\/\/aconteceunovale.com.br\/portal\/index.php?rest_route=\/wp\/v2\/types\/post"}],"author":[{"embeddable":true,"href":"https:\/\/aconteceunovale.com.br\/portal\/index.php?rest_route=\/wp\/v2\/users\/1"}],"replies":[{"embeddable":true,"href":"https:\/\/aconteceunovale.com.br\/portal\/index.php?rest_route=%2Fwp%2Fv2%2Fcomments&post=105766"}],"version-history":[{"count":0,"href":"https:\/\/aconteceunovale.com.br\/portal\/index.php?rest_route=\/wp\/v2\/posts\/105766\/revisions"}],"wp:featuredmedia":[{"embeddable":true,"href":"https:\/\/aconteceunovale.com.br\/portal\/index.php?rest_route=\/wp\/v2\/media\/104689"}],"wp:attachment":[{"href":"https:\/\/aconteceunovale.com.br\/portal\/index.php?rest_route=%2Fwp%2Fv2%2Fmedia&parent=105766"}],"wp:term":[{"taxonomy":"category","embeddable":true,"href":"https:\/\/aconteceunovale.com.br\/portal\/index.php?rest_route=%2Fwp%2Fv2%2Fcategories&post=105766"},{"taxonomy":"post_tag","embeddable":true,"href":"https:\/\/aconteceunovale.com.br\/portal\/index.php?rest_route=%2Fwp%2Fv2%2Ftags&post=105766"}],"curies":[{"name":"wp","href":"https:\/\/api.w.org\/{rel}","templated":true}]}}