{"id":105763,"date":"2016-12-30T09:12:25","date_gmt":"2016-12-30T11:12:25","guid":{"rendered":"http:\/\/aconteceunovale.com.br\/portal\/?p=105763"},"modified":"2016-12-30T09:14:47","modified_gmt":"2016-12-30T11:14:47","slug":"fieis-lotam-igreja-em-celebracoes-da-84a-edicao-da-festa-de-santos-reis-em-montes-claros","status":"publish","type":"post","link":"https:\/\/aconteceunovale.com.br\/portal\/?p=105763","title":{"rendered":"Fi\u00e9is lotam igreja em celebra\u00e7\u00f5es da 84\u00aa edi\u00e7\u00e3o da Festa de Santos Reis em Montes Claros"},"content":{"rendered":"<p>A tradicional festa de Santos Reis chega a sua 84\u00aa edi\u00e7\u00e3o em Montes Claros, no Norte de Minas. Centenas de pessoas lotam a igreja para as celebra\u00e7\u00f5es que relembram a import\u00e2ncia dos Reis Magos, conduzidos por uma estrela, at\u00e9 o nascimento do menino Jesus. As festividades come\u00e7aram no dia 24 de dezembro e v\u00e3o at\u00e9 o dia 8 de janeiro na Igreja Matriz de Santos Reis. O tema deste ano \u00e9 \u201cCom os Santos Reis queremos viver os valores da fam\u00edlia de Nazar\u00e9\u201d.<\/p>\n<p>\u00c0 frente da par\u00f3quia no \u00faltimo ano, o p\u00e1roco Joaquim Ferreira de Almeida fala da import\u00e2ncia da festa para a comunidade de Santos Reis. &#8220;A comunidade \u00e9 muito unida, fraterna, solid\u00e1ria e acolhedora. O grande Santos Reis \u00e9 uma festa enorme junto aos foli\u00f5es. Temos cantoria de folias, shows populares, m\u00fasica de raiz&#8221;.<\/p>\n<p>O coordenador do conselho comunit\u00e1rio da par\u00f3quia de Santos Reis, Luiz Gustavo Soares, entende que o momento \u00e9 de aproxima\u00e7\u00e3o entre fi\u00e9is e moradores.  \u201cA festa de Santos Reis se confunde com a hist\u00f3ria da cria\u00e7\u00e3o do bairro. O povo que vive aqui, ao participar da festa, reafirma seus la\u00e7os de identidade com a regi\u00e3o. Al\u00e9m disso, a pr\u00f3pria tradi\u00e7\u00e3o crist\u00e3 define uma marca que \u00e9 caracter\u00edstica do povo do Santos Reis: a hospitalidade\u201d, diz.<\/p>\n<p>O sargento Kleber Ruas nasceu no bairro e, h\u00e1 12 anos, al\u00e9m de festejar com a fam\u00edlia os valores crist\u00e3os, ele participa do policiamento feito pelo Pelot\u00e3o dos Santos Reis.<\/p>\n<p>&#8220;Participar desta festa tem um significado muito especial para mim. \u00c9 a festa da minha comunidade, do meu povo. Eu sempre me emociono, principalmente no encerramento com a presen\u00e7a dos foli\u00f5es na casa da gente. Eu participo de tudo, das missas, barraquinhas e shows. Participo tamb\u00e9m, do policiamento da festa no entorno da pra\u00e7a com outros colegas militares que tamb\u00e9m s\u00e3o do bairro. \u00c9 uma grande responsabilidade para que nada aconte\u00e7a de errado&#8221;, conta.<\/p>\n<p><img decoding=\"async\" src=\"http:\/\/aconteceunovale.com.br\/portal\/wp-content\/uploads\/2016\/12\/festa_santos_reis_moc.jpeg\" alt=\"\" \/><em>Fi\u00e9is participam da celebra\u00e7\u00e3o da festa de Santos Reis (Foto: PASCOM\/Divulga\u00e7\u00e3o)<\/em><br \/>\n<\/br><\/p>\n<p><strong>Corrida r\u00fastica<\/strong><\/p>\n<p>Um dos grandes momentos esperados por muitos atletas da cidade e regi\u00e3o \u00e9 a corrida r\u00fastica, sempre realizada ao final da programa\u00e7\u00e3o. Ana Paula Gusm\u00e3o, produtora cultural da festa, fala que a expectativa para este ano s\u00e3o de 300 corredores, 100 a mais da edi\u00e7\u00e3o de 2015. A concentra\u00e7\u00e3o ser\u00e1 a partir das 7h do domingo, dia 8 de janeiro. As inscri\u00e7\u00f5es est\u00e3o abertas at\u00e9 o dia 5 e podem ser realizadas pelo <a href=\"http:\/\/www.corridaeaventura.com.br\/\" target=\"_blank\">site www.corridaeaventura.com.br<\/a>.<\/p>\n<p>&#8220;Al\u00e9m da promo\u00e7\u00e3o da atividade f\u00edsica em um cotidiano sedent\u00e1rio, queremos promover a intera\u00e7\u00e3o da comunidade local com os visitantes. J\u00e1 temos inscritos confirmados de Salinas, Janu\u00e1ria e outras cidades. E, claro, no significado espiritual, a corrida lembra pr\u00e1 gente a trajet\u00f3ria dos Reis Magos em dire\u00e7\u00e3o a manjedoura do menino Jesus&#8221;, conclui.<\/p>\n<p>Maria Liete de Oliveira Mendes tem 52 anos e participa da corrida dos Santos Reis desde 2008. No ano passado, algo especial aconteceu com ela quase pr\u00f3xima a linha da chegada.<\/p>\n<p>&#8220;Eu fico esperando o ano todo por esta corrida, j\u00e1 que ela j\u00e1 faz parte do calend\u00e1rio da cidade. Na edi\u00e7\u00e3o do ano passado, aconteceu algo muito marcante. Eu estava pr\u00f3xima a linha de chegada quando eu encontrei um rapaz que tem s\u00edndrome de down. Ele fez um esfor\u00e7o incr\u00edvel na corrida. N\u00f3s demos as m\u00e3os e, juntos, cruzamos a linha de chegada. Foi emocionante para quem estava correndo e pra quem estava assistindo; as pessoas batiam palmas para a unidade e solidariedade que a corrida proporciona&#8221;, diz.<\/p>\n<p><strong>Programa\u00e7\u00e3o<\/strong><\/p>\n<p>30 de dezembro de 2016 \u2013 Sexta-Feira<br \/>\n19h30 \u2013 Missa<br \/>\nRespons\u00e1veis: Pastoral Familiar e EC.<\/p>\n<p>31 de dezembro de 2016 \u2013 S\u00e1bado<br \/>\n20h00 \u2013 Missa<br \/>\nRespons\u00e1veis: Comunidade Santos Reis e Comunidade Nossa Senhora Aparecida<\/p>\n<p>01 de janeiro de 2017 \u2013 Domingo<br \/>\n19h30 \u2013 Missa<br \/>\nRespons\u00e1veis: Legi\u00e3o de Maria, Apostolado da Ora\u00e7\u00e3o, Movimento M\u00e3e Rainha, Cen\u00e1culo Imaculado Cora\u00e7\u00e3o de Maria.<\/p>\n<p>02 de janeiro de 2017 \u2013 Segunda-Feira<br \/>\n19h30 \u2013 Missa<br \/>\nRespons\u00e1veis: Ter\u00e7o dos Homens, Vicentinos Paroquial, Mensageiros da Paz, Renascidos para uma Vida Nova e todos os grupos de ora\u00e7\u00e3o.<\/p>\n<p>03 de janeiro de 2017 \u2013 Ter\u00e7a-Feira<br \/>\n19h30 \u2013 Missa<br \/>\nRespons\u00e1veis: Comunidade Santo Agostinho e Santa M\u00f4nica<\/p>\n<p>04 de janeiro de 2017 \u2013 Quarta-Feira<br \/>\n19h30 \u2013 Missa<br \/>\nRespons\u00e1veis: Comunidade S\u00e3o Francisco e Comunidade S\u00e3o Pedro.<\/p>\n<p>05 de janeiro de 2017 \u2013 Quinta-Feira<br \/>\n18h30 \u2013 Prociss\u00e3o em busca da Bandeira<br \/>\n19h30 \u2013 Missa<br \/>\nRespons\u00e1veis: Todos os mordomos e 3\u00aa Idade<\/p>\n<p>06 de janeiro de 2017 \u2013 Sexta-Feira   (dia de Santos Reis)<br \/>\n18h30 \u2013 Prociss\u00e3o em busca da Bandeira<br \/>\n19h30 \u2013 Missa<br \/>\n10h00 \u2013 Missa<br \/>\n15h00 \u2013 Missa<br \/>\n18h00 \u2013 Prociss\u00e3o com os andores<br \/>\n19h30 \u2013 Missa da Solidariedade<br \/>\nRespons\u00e1veis: Comunidade Matriz Santos Reis, Comunidade S\u00e3o Pedro, Comunidade S\u00e3o Francisco e Comunidade N. Sra. Aparecida.<\/p>\n<p>07 de janeiro de 2017 \u2013 S\u00e1bado<br \/>\n19h30 \u2013 Missa<br \/>\nRespons\u00e1veis: EAC, MAC, ENFIR, Adolesc\u00eancia e Juventude Mission\u00e1ria, Crisma Paroquial, Grupo Caminhos, Legi\u00e3o de Maria Juvenil<\/p>\n<p>08 de janeiro de 2017 \u2013 Domingo<br \/>\n07h00 \u2013 Corrida R\u00fastica<br \/>\n10h00 \u2013 Feijoada<br \/>\n10h30 \u2013 Batizados<br \/>\n19h30 \u2013 Missa<br \/>\nRespons\u00e1veis: Pastoral do Batismo Paroquial, Ac\u00f3litos Paroquial, Coroinhas Paroquial e Pastoral do D\u00edzimo Paroquial.<\/p>\n<p><strong>VER PRIMEIRO<\/strong><\/p>\n<p><strong>Receba as not\u00edcias do Aconteceu no Vale em primeira m\u00e3o. Clique em curtir no endere\u00e7o <a href=\"https:\/\/www.facebook.com\/aconteceunovale\" target=\"_blank\"><font color=\"red\">www.facebook.com\/aconteceunovale<\/font><\/a> ou no box abaixo:<\/strong><\/p>\n<div class=\"fb-like\" data-href=\"https:\/\/www.facebook.com\/aconteceunovale\" data-width=\"120\" data-layout=\"standard\" data-action=\"like\" data-size=\"small\" data-show-faces=\"true\" data-share=\"true\"><\/div>\n<p><\/br><\/p>\n<p><em>(Fonte: G1 Grande Minas)<\/em><\/p>\n","protected":false},"excerpt":{"rendered":"<p>A tradicional festa de Santos Reis chega a sua 84\u00aa edi\u00e7\u00e3o em Montes Claros, no Norte de Minas. Centenas de pessoas lotam a igreja para as celebra\u00e7\u00f5es que relembram a import\u00e2ncia dos Reis Magos, conduzidos por uma estrela, at\u00e9 o nascimento do menino Jesus. As festividades come\u00e7aram no dia 24 de dezembro e v\u00e3o at\u00e9 [&hellip;]<\/p>\n","protected":false},"author":1,"featured_media":105764,"comment_status":"open","ping_status":"closed","sticky":false,"template":"","format":"standard","meta":{"amp_status":"","footnotes":""},"categories":[125,1236],"tags":[133464,133466,133472,133473,133469,133470,1018,133462,133474,133463,133465,133468,133467,133471,28893,133460,133461],"class_list":["post-105763","post","type-post","status-publish","format-standard","has-post-thumbnail","hentry","category-noticias","category-norte_de_minas","tag-com-os-santos-reis-queremos-viver-os-valores-da-familia-de-nazare","tag-comunidade-de-santos-reis-em-montes-claros","tag-corrida-dos-santos-reis","tag-corrida-dos-santos-reis-em-montes-claros","tag-corrida-rustica-de-santos-reis-em-montes-claros","tag-corrida-rustica-em-montes-claros","tag-destaque","tag-festa-de-santos-reis-em-montes-claros","tag-fieis-lotam-igreja-em-celebracoes-da-84a-edicao-da-festa-de-santos-reis-em-montes-claros","tag-igreja-matriz-de-santos-reis","tag-joaquim-ferreira-de-almeida","tag-kleber-ruas","tag-luiz-gustavo-soares","tag-maria-liete-de-oliveira-mendes","tag-paroquia-de-santos-reis","tag-tradicional-festa-de-santos-reis","tag-tradicional-festa-de-santos-reis-em-montes-claros"],"_links":{"self":[{"href":"https:\/\/aconteceunovale.com.br\/portal\/index.php?rest_route=\/wp\/v2\/posts\/105763","targetHints":{"allow":["GET"]}}],"collection":[{"href":"https:\/\/aconteceunovale.com.br\/portal\/index.php?rest_route=\/wp\/v2\/posts"}],"about":[{"href":"https:\/\/aconteceunovale.com.br\/portal\/index.php?rest_route=\/wp\/v2\/types\/post"}],"author":[{"embeddable":true,"href":"https:\/\/aconteceunovale.com.br\/portal\/index.php?rest_route=\/wp\/v2\/users\/1"}],"replies":[{"embeddable":true,"href":"https:\/\/aconteceunovale.com.br\/portal\/index.php?rest_route=%2Fwp%2Fv2%2Fcomments&post=105763"}],"version-history":[{"count":0,"href":"https:\/\/aconteceunovale.com.br\/portal\/index.php?rest_route=\/wp\/v2\/posts\/105763\/revisions"}],"wp:featuredmedia":[{"embeddable":true,"href":"https:\/\/aconteceunovale.com.br\/portal\/index.php?rest_route=\/wp\/v2\/media\/105764"}],"wp:attachment":[{"href":"https:\/\/aconteceunovale.com.br\/portal\/index.php?rest_route=%2Fwp%2Fv2%2Fmedia&parent=105763"}],"wp:term":[{"taxonomy":"category","embeddable":true,"href":"https:\/\/aconteceunovale.com.br\/portal\/index.php?rest_route=%2Fwp%2Fv2%2Fcategories&post=105763"},{"taxonomy":"post_tag","embeddable":true,"href":"https:\/\/aconteceunovale.com.br\/portal\/index.php?rest_route=%2Fwp%2Fv2%2Ftags&post=105763"}],"curies":[{"name":"wp","href":"https:\/\/api.w.org\/{rel}","templated":true}]}}