{"id":105751,"date":"2016-12-30T08:23:40","date_gmt":"2016-12-30T10:23:40","guid":{"rendered":"http:\/\/aconteceunovale.com.br\/portal\/?p=105751"},"modified":"2016-12-30T08:24:57","modified_gmt":"2016-12-30T10:24:57","slug":"avanco-do-zika-e-da-microcefalia-assustam-o-mundo-em-2016","status":"publish","type":"post","link":"https:\/\/aconteceunovale.com.br\/portal\/?p=105751","title":{"rendered":"Avan\u00e7o do Zika e da Microcefalia assustam o mundo em 2016"},"content":{"rendered":"<p>O aumento de casos de microcefalia possivelmente associados \u00e0 infec\u00e7\u00e3o por um v\u00edrus ainda pouco conhecido foi identificado no Brasil pela primeira vez em outubro do ano passado. Mas, em 2016, ano em que a rela\u00e7\u00e3o entre o Zika e a microcefalia deixou de ser d\u00favida, o n\u00famero de beb\u00eas com a malforma\u00e7\u00e3o no pa\u00eds ultrapassou a marca de 2 mil.<\/p>\n<p>Em 2016, o problema antes aparentemente limitado \u00e0 Regi\u00e3o Nordeste se alastrou pelo restante do pa\u00eds, atingindo tamb\u00e9m outras na\u00e7\u00f5es e, virtualmente, todo continente americano. O cen\u00e1rio levou a Organiza\u00e7\u00e3o Mundial da Sa\u00fade (OMS) a recomendar que as mulheres adiassem a gesta\u00e7\u00e3o e a declarar, em fevereiro de 2016, emerg\u00eancia global em sa\u00fade.<\/p>\n<p>A preocupa\u00e7\u00e3o aumentou em meio a pesquisas que indicam que os efeitos do v\u00edrus no beb\u00ea podem ir al\u00e9m do quadro de microcefalia \u2013 incluindo diversos comprometimentos motores, visuais e auditivos. Em novembro, o Minist\u00e9rio da Sa\u00fade anunciou que beb\u00eas de m\u00e3es infectadas durante a gravidez, ainda que n\u00e3o apresentem sintomas no nascimento, ser\u00e3o acompanhados at\u00e9 os 3 anos de idade.<\/p>\n<p><strong>Transmiss\u00e3o sexual<\/strong><\/p>\n<p>Em fevereiro, os Estados Unidos confirmaram que o v\u00edrus tamb\u00e9m pode ser transmitido sexualmente, aumentando o temor de uma propaga\u00e7\u00e3o r\u00e1pida da doen\u00e7a. Conter novos casos de transmiss\u00e3o de Zika por via sexual passou a entrar no rol de esfor\u00e7os da OMS e de governos de todo o mundo para conter a epidemia.<\/p>\n<p>A entidade chegou a alertar que a epidemia de Zika poderia afetar entre 3 e 4 milh\u00f5es de pessoas em todo o Continente Americano. Brasil e a Col\u00f4mbia foram os pa\u00edses onde mais ocorreram registros de casos de infec\u00e7\u00e3o ou suspeita de infec\u00e7\u00e3o.<\/p>\n<p><strong>Olimp\u00edadas do Rio<\/strong><\/p>\n<p>A epidemia do v\u00edrus tamb\u00e9m preocupou autoridades e organizadores envolvidos nos Jogos Ol\u00edmpicos Rio 2016. O governo brasileiro chegou a enviar cartas a todos os atletas que anunciaram publicamente a n\u00e3o participa\u00e7\u00e3o dos Jogos temendo o Zika, pedindo que reconsiderassem vir ao pa\u00eds para participar da competi\u00e7\u00e3o.<\/p>\n<p>Ap\u00f3s a pol\u00eamica, a OMS divulgou nota garantindo que n\u00e3o foram relatados casos confirmados da doen\u00e7a entre participantes do evento, tanto atletas quanto turistas. O Comit\u00ea de Emerg\u00eancia sobre Zika e Microcefalia da entidade parabenizou o Brasil pelas medidas de sa\u00fade tomadas durante a Olimp\u00edada.<\/p>\n<p><strong>Vacina<\/strong><\/p>\n<p>Em 2016, o desenvolvimento de vacinas contra o Zika avan\u00e7ou consideravelmente, incluindo testes conduzidos por pelo menos tr\u00eas institui\u00e7\u00f5es brasileiras \u2013 Funda\u00e7\u00e3o Oswaldo Cruz, Instituto Butant\u00e3 e Instituto Evandro Chagas.<\/p>\n<p>Ainda assim, a expectativa mais otimista \u00e9 que a dose s\u00f3 chegue ao mercado em 2018. At\u00e9 l\u00e1, a principal estrat\u00e9gia de preven\u00e7\u00e3o defendida pelo governo federal continua a ser o combate ao mosquito transmissor, o\u00a0<em>Aedes aegypti<\/em>.<\/p>\n<p>A OMS orienta ainda que mulheres gr\u00e1vidas utilizem repelentes; optem por roupas leves e de cor clara, que cubram bra\u00e7os e pernas; e n\u00e3o abram m\u00e3o do preservativo, no intuito de evitar uma poss\u00edvel transmiss\u00e3o sexual do v\u00edrus.<\/p>\n<p><strong>VER PRIMEIRO<\/strong><\/p>\n<p><strong>Receba as not\u00edcias do Aconteceu no Vale em primeira m\u00e3o. Clique em curtir no endere\u00e7o <a href=\"https:\/\/www.facebook.com\/aconteceunovale\" target=\"_blank\"><font color=\"red\">www.facebook.com\/aconteceunovale<\/font><\/a> ou no box abaixo:<\/strong><\/p>\n<div class=\"fb-like\" data-href=\"https:\/\/www.facebook.com\/aconteceunovale\" data-width=\"120\" data-layout=\"standard\" data-action=\"like\" data-size=\"small\" data-show-faces=\"true\" data-share=\"true\"><\/div>\n<p><\/br><\/p>\n<p><em>(Ag\u00eancia Brasil)<\/em><\/p>\n","protected":false},"excerpt":{"rendered":"<p>O aumento de casos de microcefalia possivelmente associados \u00e0 infec\u00e7\u00e3o por um v\u00edrus ainda pouco conhecido foi identificado no Brasil pela primeira vez em outubro do ano passado. Mas, em 2016, ano em que a rela\u00e7\u00e3o entre o Zika e a microcefalia deixou de ser d\u00favida, o n\u00famero de beb\u00eas com a malforma\u00e7\u00e3o no pa\u00eds [&hellip;]<\/p>\n","protected":false},"author":1,"featured_media":90580,"comment_status":"open","ping_status":"closed","sticky":false,"template":"","format":"standard","meta":{"amp_status":"","footnotes":""},"categories":[6,28848,40242],"tags":[133409,133412,66134,133411,94947,129322,67780,39001,66142,23476,133410,24117,67779],"class_list":["post-105751","post","type-post","status-publish","format-standard","has-post-thumbnail","hentry","category-br","category-mundo","category-saude-2","tag-aumento-de-casos-de-microcefalia","tag-avanco-do-zika-e-da-microcefalia-assustam-o-mundo-em-2016","tag-casos-de-microcefalia","tag-comite-de-emergencia-sobre-zika-e-microcefalia","tag-fundacao-oswaldo-cruz","tag-instituto-butanta","tag-instituto-evandro-chagas","tag-jogos-olimpicos-rio-2016","tag-microcefalia","tag-oms","tag-relacao-entre-o-zika-e-a-microcefalia","tag-rio-2016","tag-zika"],"_links":{"self":[{"href":"https:\/\/aconteceunovale.com.br\/portal\/index.php?rest_route=\/wp\/v2\/posts\/105751","targetHints":{"allow":["GET"]}}],"collection":[{"href":"https:\/\/aconteceunovale.com.br\/portal\/index.php?rest_route=\/wp\/v2\/posts"}],"about":[{"href":"https:\/\/aconteceunovale.com.br\/portal\/index.php?rest_route=\/wp\/v2\/types\/post"}],"author":[{"embeddable":true,"href":"https:\/\/aconteceunovale.com.br\/portal\/index.php?rest_route=\/wp\/v2\/users\/1"}],"replies":[{"embeddable":true,"href":"https:\/\/aconteceunovale.com.br\/portal\/index.php?rest_route=%2Fwp%2Fv2%2Fcomments&post=105751"}],"version-history":[{"count":0,"href":"https:\/\/aconteceunovale.com.br\/portal\/index.php?rest_route=\/wp\/v2\/posts\/105751\/revisions"}],"wp:featuredmedia":[{"embeddable":true,"href":"https:\/\/aconteceunovale.com.br\/portal\/index.php?rest_route=\/wp\/v2\/media\/90580"}],"wp:attachment":[{"href":"https:\/\/aconteceunovale.com.br\/portal\/index.php?rest_route=%2Fwp%2Fv2%2Fmedia&parent=105751"}],"wp:term":[{"taxonomy":"category","embeddable":true,"href":"https:\/\/aconteceunovale.com.br\/portal\/index.php?rest_route=%2Fwp%2Fv2%2Fcategories&post=105751"},{"taxonomy":"post_tag","embeddable":true,"href":"https:\/\/aconteceunovale.com.br\/portal\/index.php?rest_route=%2Fwp%2Fv2%2Ftags&post=105751"}],"curies":[{"name":"wp","href":"https:\/\/api.w.org\/{rel}","templated":true}]}}