{"id":105749,"date":"2016-12-30T08:10:24","date_gmt":"2016-12-30T10:10:24","guid":{"rendered":"http:\/\/aconteceunovale.com.br\/portal\/?p=105749"},"modified":"2016-12-30T08:10:24","modified_gmt":"2016-12-30T10:10:24","slug":"plantao-do-samu-no-norte-de-minas-sexta-feira-30-de-dezembro-de-2016","status":"publish","type":"post","link":"https:\/\/aconteceunovale.com.br\/portal\/?p=105749","title":{"rendered":"Plant\u00e3o do Samu no Norte de Minas, sexta-feira, 30 de dezembro de 2016"},"content":{"rendered":"<h4><strong><em>Sexta-feira, 30 de dezembro de 2016 (6h do dia 30\/12 \u00e0s 6h do dia 31\/12)<\/em><\/strong><\/h4>\n<p>As unidades do SAMU Macro Norte receberam 560 liga\u00e7\u00f5es, 102 delas foram trotes. Foram realizados 108 atendimentos em toda Macro Norte, 69 deles em Montes Claros. Foram 62 casos cl\u00ednicos, 22 acidentes de tr\u00e2nsito, 13 envolvendo moto, 5 atendimentos psiqui\u00e1tricos, 2 pessoas sofreram queda de pr\u00f3pria altura,3 pessoas feridas por arma de fogo, 1 pessoa ferida por arma branca, 2 gestantes foram atendidas pelo SAMU, 1 atendimento por agress\u00e3o, foi registrado um total de 31 atendimentos por trauma. <\/p>\n<p>Em Montes Claros foram 26 atendimentos cl\u00ednicos, 14 acidentes de tr\u00e2nsito, 9 envolvendo moto,2 pessoas sofreram queda de pr\u00f3pria altura, 1 gestante atendida pelo SAMU e 1 pessoa ferida por arma de fogo, at\u00e9 o momento do fechamento deste relat\u00f3rio, nenhuma ocorr\u00eancia de tr\u00e2nsito em andamento. (Ascom Samu Macro Norte)<\/p>\n<p><center><\/p>\n<h4>VER PRIMEIRO<\/h4>\n<p><strong>Receba as not\u00edcias do Aconteceu no Vale em primeira m\u00e3o. Acesse <a href=\"https:\/\/www.facebook.com\/aconteceunovale\" target=\"_blank\"><font color=\"red\">www.facebook.com\/aconteceunovale<\/font><\/a> e clique em curtir.<\/strong><\/center><\/p>\n","protected":false},"excerpt":{"rendered":"<p>Sexta-feira, 30 de dezembro de 2016 (6h do dia 30\/12 \u00e0s 6h do dia 31\/12) As unidades do SAMU Macro Norte receberam 560 liga\u00e7\u00f5es, 102 delas foram trotes. Foram realizados 108 atendimentos em toda Macro Norte, 69 deles em Montes Claros. Foram 62 casos cl\u00ednicos, 22 acidentes de tr\u00e2nsito, 13 envolvendo moto, 5 atendimentos psiqui\u00e1tricos, [&hellip;]<\/p>\n","protected":false},"author":1,"featured_media":100947,"comment_status":"open","ping_status":"closed","sticky":false,"template":"","format":"standard","meta":{"amp_status":"","footnotes":""},"categories":[1236],"tags":[133405,13996,210,145,120003,22045,19864,20605,133407,128540,133406,13995,68223,133408],"class_list":["post-105749","post","type-post","status-publish","format-standard","has-post-thumbnail","hentry","category-norte_de_minas","tag-30-de-dezembro-de-2016","tag-atendimentos-do-samu-em-montes-claros","tag-montes-claros","tag-norte-de-minas","tag-ocorrencias-samu-montes-claros","tag-plantao-do-samu","tag-plantao-do-samu-em-montes-claros","tag-plantao-do-samu-no-norte-de-minas","tag-plantao-do-samu-no-norte-de-minas-30-de-dezembro-de-2016","tag-plantao-do-samu-no-norte-de-minas-sexta-feira","tag-plantao-do-samu-no-norte-de-minas-sexta-feira-30-de-dezembro-de-2016","tag-plantao-samu-macro-norte","tag-sexta-feira","tag-sexta-feira-30-de-dezembro-de-2016"],"_links":{"self":[{"href":"https:\/\/aconteceunovale.com.br\/portal\/index.php?rest_route=\/wp\/v2\/posts\/105749","targetHints":{"allow":["GET"]}}],"collection":[{"href":"https:\/\/aconteceunovale.com.br\/portal\/index.php?rest_route=\/wp\/v2\/posts"}],"about":[{"href":"https:\/\/aconteceunovale.com.br\/portal\/index.php?rest_route=\/wp\/v2\/types\/post"}],"author":[{"embeddable":true,"href":"https:\/\/aconteceunovale.com.br\/portal\/index.php?rest_route=\/wp\/v2\/users\/1"}],"replies":[{"embeddable":true,"href":"https:\/\/aconteceunovale.com.br\/portal\/index.php?rest_route=%2Fwp%2Fv2%2Fcomments&post=105749"}],"version-history":[{"count":0,"href":"https:\/\/aconteceunovale.com.br\/portal\/index.php?rest_route=\/wp\/v2\/posts\/105749\/revisions"}],"wp:featuredmedia":[{"embeddable":true,"href":"https:\/\/aconteceunovale.com.br\/portal\/index.php?rest_route=\/wp\/v2\/media\/100947"}],"wp:attachment":[{"href":"https:\/\/aconteceunovale.com.br\/portal\/index.php?rest_route=%2Fwp%2Fv2%2Fmedia&parent=105749"}],"wp:term":[{"taxonomy":"category","embeddable":true,"href":"https:\/\/aconteceunovale.com.br\/portal\/index.php?rest_route=%2Fwp%2Fv2%2Fcategories&post=105749"},{"taxonomy":"post_tag","embeddable":true,"href":"https:\/\/aconteceunovale.com.br\/portal\/index.php?rest_route=%2Fwp%2Fv2%2Ftags&post=105749"}],"curies":[{"name":"wp","href":"https:\/\/api.w.org\/{rel}","templated":true}]}}