{"id":105743,"date":"2016-12-30T00:10:43","date_gmt":"2016-12-30T02:10:43","guid":{"rendered":"http:\/\/aconteceunovale.com.br\/portal\/?p=105743"},"modified":"2016-12-30T01:04:36","modified_gmt":"2016-12-30T03:04:36","slug":"filha-de-teofilo-otonenses-e-campea-do-the-voice-brasil","status":"publish","type":"post","link":"https:\/\/aconteceunovale.com.br\/portal\/?p=105743","title":{"rendered":"Mineira com ra\u00edzes em Te\u00f3filo Otoni \u00e9 campe\u00e3 do The Voice Brasil"},"content":{"rendered":"<p>A mineira Mylena Jardim, moradora Belo Horizonte e filha de te\u00f3filo-otonenses, \u00e9 a grande vencedora da quinta temporada do \u201cThe Voice Brasil\u201d. Com 34% dos votos do p\u00fablico, uma disputa acirrada, ela superou os concorrentes Afonso Capello, Dan Costa e Danilo Franco.<\/p>\n<p>Favorita das redes sociais, a jovem, que come\u00e7ou no time de Claudia Leitte e migrou para o de Michel Tel\u00f3, leva do programa o pr\u00eamio de R$ 500 mil, gerenciamento da carreira de cantora e um contrato com a gravadora Universal Music.<\/p>\n<p>Demonstrando emo\u00e7\u00e3o, Mylena parecia n\u00e3o acreditar ao receber o an\u00fancio da vit\u00f3ria, que veio sendo constru\u00edda com apresenta\u00e7\u00f5es fortes e praticamente impec\u00e1veis nas \u00faltimas semanas no &#8220;The Voice&#8221;, com repert\u00f3rio voltado \u00e0 MPB e black music.<\/p>\n<p>&#8220;Sem palavras para descrever esse momento. Porque eu sofri muito. Estar aqui agora&#8230;&#8221;, disse sem completar a frase a \u00fanica representante feminina da final ao receber o trof\u00e9u do apresentador Tiago Leifert.<\/p>\n<p>Durante a fase de batalhas do &#8220;The Voice&#8221; chegou a ficar na berlinda do programa ao perder um dos duelos da equipe de Claudia Leitte, mas acabou ganhando uma segunda chance no programa pelas m\u00e3os de Michel Tel\u00f3.<\/p>\n<p>Na final, que foi dedicada a duetos, Mylena cantou as m\u00fasicas &#8220;Say, Say, Say&#8221; (Paul McCartney), com Danilo, &#8220;Carnav\u00e1lia&#8221; (Tribalistas), em n\u00famero solo e &#8220;Freedom 90&#8221;, um tributo ao cantor George Michael com participa\u00e7\u00e3o de Anna Akisue.<\/p>\n<p><img decoding=\"async\" src=\"http:\/\/aconteceunovale.com.br\/portal\/wp-content\/uploads\/2016\/12\/mylena_jardim_campea.jpg\" alt=\"\" \/><em>Mylena Jardim \u00e9 \u00e9 campe\u00e3 do The Voice Brasil (Foto: Artur Meninea\/Gshow)<\/em><br \/>\n<\/br><\/p>\n<p><strong>Final<\/strong><\/p>\n<p>Repleta de convidados, o \u00faltimo programa do ano teve apresenta\u00e7\u00f5es especiais de todos os jurados do programa, Claudia Leitte, Michel Tel\u00f3, Lulu Santos e Carlinhos Brown, que convidou ao palco participantes da \u00faltima edi\u00e7\u00e3o do &#8220;The Voice Kids&#8221;.<\/p>\n<p>Tamb\u00e9m participaram das apresenta\u00e7\u00f5es v\u00e1rios candidatos que foram eliminados durante a temporada, al\u00e9m de m\u00fasicos convidados como o saxofonista Milton Guedes, o bandolinista Hamilton de Holanda e a dupla de guitarristas da banda Angra, Rafael Bittencourt e Marcelo Barbosa.<\/p>\n<p>Eles acompanharam Claudia Leitte em uma vers\u00e3o de &#8220;D&#8217;Yer Mak&#8217;er&#8221;, da banda Led Zeppelin, resgatada do repert\u00f3rio de sua antiga banda, o Babado Novo. A vers\u00e3o repercutiu nas redes sociais, assim como sua vestimenta ousada, de suti\u00e3 e exibindo a barriga.<\/p>\n<p><strong>VER PRIMEIRO<\/strong><\/p>\n<p><strong>Receba as not\u00edcias do Aconteceu no Vale em primeira m\u00e3o. Clique em curtir no endere\u00e7o <a href=\"https:\/\/www.facebook.com\/aconteceunovale\" target=\"_blank\"><font color=\"red\">www.facebook.com\/aconteceunovale<\/font><\/a> ou no box abaixo:<\/strong><\/p>\n<div class=\"fb-like\" data-href=\"https:\/\/www.facebook.com\/aconteceunovale\" data-width=\"120\" data-layout=\"standard\" data-action=\"like\" data-size=\"small\" data-show-faces=\"true\" data-share=\"true\"><\/div>\n<p><\/br><\/p>\n<p><em>(Fonte: UOL)<\/em><\/p>\n","protected":false},"excerpt":{"rendered":"<p>A mineira Mylena Jardim, moradora Belo Horizonte e filha de te\u00f3filo-otonenses, \u00e9 a grande vencedora da quinta temporada do \u201cThe Voice Brasil\u201d. Com 34% dos votos do p\u00fablico, uma disputa acirrada, ela superou os concorrentes Afonso Capello, Dan Costa e Danilo Franco. Favorita das redes sociais, a jovem, que come\u00e7ou no time de Claudia Leitte [&hellip;]<\/p>\n","protected":false},"author":1,"featured_media":105744,"comment_status":"open","ping_status":"closed","sticky":false,"template":"","format":"standard","meta":{"amp_status":"","footnotes":""},"categories":[6,122],"tags":[132182,132180,132181,1018,133400,133403,133401,132184,132178,159,133404,132175,133399,133402,132177,132176,164,19318,132179,132183],"class_list":["post-105743","post","type-post","status-publish","format-standard","has-post-thumbnail","hentry","category-br","category-mucuri","tag-afonso-cappelo","tag-dan-costa","tag-danilo-franco","tag-destaque","tag-filha-de-teofilo-otonenses-campea-do-the-voice-brasil-2016","tag-filha-de-teofilo-otonenses-e-campea-da-quinta-temporada-do-the-voice-brasil","tag-filha-de-teofilo-otonenses-e-campea-do-the-voice-brasil","tag-filha-de-teofilo-otonenses-esta-na-final-do-the-voice-brasil","tag-final-do-the-voice-brasil","tag-michel-telo","tag-mineira-com-raizes-em-teofilo-otoni-e-campea-do-the-voice-brasil","tag-mylena-jardim","tag-mylena-jardim-e-a-grande-campea-do-the-voice-brasil","tag-mylena-jardim-e-campea-do-the-voice-brasil","tag-mylena-jardim-esta-na-final-do-the-voice-brasil","tag-mylena-jardim-na-final-do-the-voice-brasil","tag-teofilo-otoni","tag-the-voice-brasil","tag-the-voice-brasil-2016","tag-time-michel-telo"],"_links":{"self":[{"href":"https:\/\/aconteceunovale.com.br\/portal\/index.php?rest_route=\/wp\/v2\/posts\/105743","targetHints":{"allow":["GET"]}}],"collection":[{"href":"https:\/\/aconteceunovale.com.br\/portal\/index.php?rest_route=\/wp\/v2\/posts"}],"about":[{"href":"https:\/\/aconteceunovale.com.br\/portal\/index.php?rest_route=\/wp\/v2\/types\/post"}],"author":[{"embeddable":true,"href":"https:\/\/aconteceunovale.com.br\/portal\/index.php?rest_route=\/wp\/v2\/users\/1"}],"replies":[{"embeddable":true,"href":"https:\/\/aconteceunovale.com.br\/portal\/index.php?rest_route=%2Fwp%2Fv2%2Fcomments&post=105743"}],"version-history":[{"count":0,"href":"https:\/\/aconteceunovale.com.br\/portal\/index.php?rest_route=\/wp\/v2\/posts\/105743\/revisions"}],"wp:featuredmedia":[{"embeddable":true,"href":"https:\/\/aconteceunovale.com.br\/portal\/index.php?rest_route=\/wp\/v2\/media\/105744"}],"wp:attachment":[{"href":"https:\/\/aconteceunovale.com.br\/portal\/index.php?rest_route=%2Fwp%2Fv2%2Fmedia&parent=105743"}],"wp:term":[{"taxonomy":"category","embeddable":true,"href":"https:\/\/aconteceunovale.com.br\/portal\/index.php?rest_route=%2Fwp%2Fv2%2Fcategories&post=105743"},{"taxonomy":"post_tag","embeddable":true,"href":"https:\/\/aconteceunovale.com.br\/portal\/index.php?rest_route=%2Fwp%2Fv2%2Ftags&post=105743"}],"curies":[{"name":"wp","href":"https:\/\/api.w.org\/{rel}","templated":true}]}}