{"id":105739,"date":"2016-12-29T23:58:54","date_gmt":"2016-12-30T01:58:54","guid":{"rendered":"http:\/\/aconteceunovale.com.br\/portal\/?p=105739"},"modified":"2016-12-29T23:58:54","modified_gmt":"2016-12-30T01:58:54","slug":"tres-pessoas-ficam-feridas-em-acidente-na-br-135-em-montes-claros","status":"publish","type":"post","link":"https:\/\/aconteceunovale.com.br\/portal\/?p=105739","title":{"rendered":"Tr\u00eas pessoas ficam feridas em acidente na BR-135, em Montes Claros"},"content":{"rendered":"<p>Tr\u00eas pessoas ficaram feridas na tarde desta quinta-feira (29\/12\/2016) ap\u00f3s o ve\u00edculo em que viajavam capotar na BR-135, na altura do km 375, pr\u00f3ximo ao posto da Pol\u00edcia Rodovi\u00e1ria Federal (PRF), na entrada de Montes Claros, no Norte de Minas.<\/p>\n<p>Segundo a PRF, o carro seguia de S\u00e3o Paulo para Capit\u00e3o En\u00e9as. O Corpo de Bombeiros foi acionado para prestar socorro \u00e0s v\u00edtimas, uma idosa de 62 anos, condutora do ve\u00edculo, um homem de 43 e uma segunda mulher, que n\u00e3o teve a idade informada.<\/p>\n<p>Duas v\u00edtimas chegaram a ficar presas \u00e0s ferragens. Todos os feridos foram encaminhados para a Santa Casa de Montes Claros.<\/p>\n<p><strong>VER PRIMEIRO<\/strong><\/p>\n<p><strong>Receba as not\u00edcias do Aconteceu no Vale em primeira m\u00e3o. Clique em curtir no endere\u00e7o <a href=\"https:\/\/www.facebook.com\/aconteceunovale\" target=\"_blank\"><font color=\"red\">www.facebook.com\/aconteceunovale<\/font><\/a> ou no box abaixo:<\/strong><\/p>\n<div class=\"fb-like\" data-href=\"https:\/\/www.facebook.com\/aconteceunovale\" data-width=\"120\" data-layout=\"standard\" data-action=\"like\" data-size=\"small\" data-show-faces=\"true\" data-share=\"true\"><\/div>\n<p><\/br><\/p>\n<p><img decoding=\"async\" src=\"http:\/\/aconteceunovale.com.br\/portal\/wp-content\/uploads\/2016\/12\/acidente_carro_moc_1.jpg\" alt=\"\" \/><em>Duas pessoas ficaram presas \u00e0s ferragens (Foto: Reprodu\u00e7\u00e3o\/WhatsApp)<\/em><br \/>\n<\/br><\/p>\n<p><img decoding=\"async\" src=\"http:\/\/aconteceunovale.com.br\/portal\/wp-content\/uploads\/2016\/12\/acidente_carro_moc_2.jpg\" alt=\"\" \/><em>Duas pessoas ficaram presas \u00e0s ferragens (Foto: Reprodu\u00e7\u00e3o\/WhatsApp)<\/em><br \/>\n<\/br><\/p>\n<p><em>(Fonte: G1 Grande Minas)<\/em><\/p>\n","protected":false},"excerpt":{"rendered":"<p>Tr\u00eas pessoas ficaram feridas na tarde desta quinta-feira (29\/12\/2016) ap\u00f3s o ve\u00edculo em que viajavam capotar na BR-135, na altura do km 375, pr\u00f3ximo ao posto da Pol\u00edcia Rodovi\u00e1ria Federal (PRF), na entrada de Montes Claros, no Norte de Minas. Segundo a PRF, o carro seguia de S\u00e3o Paulo para Capit\u00e3o En\u00e9as. O Corpo de [&hellip;]<\/p>\n","protected":false},"author":1,"featured_media":105740,"comment_status":"open","ping_status":"closed","sticky":false,"template":"","format":"standard","meta":{"amp_status":"","footnotes":""},"categories":[1236],"tags":[133398,16673,19374,38508,1247,1429,133397,210,133396],"class_list":["post-105739","post","type-post","status-publish","format-standard","has-post-thumbnail","hentry","category-norte_de_minas","tag-acidente-com-carro-que-seguia-de-sao-paulo-para-capitao-eneas","tag-acidente-em-montes-claros","tag-acidente-na-br-135","tag-acidente-na-br-135-em-montes-claros","tag-br-135","tag-capitao-eneas","tag-capotamento-de-carro-em-montes-claros","tag-montes-claros","tag-tres-pessoas-ficam-feridas-em-acidente-na-br-135-em-montes-claros"],"_links":{"self":[{"href":"https:\/\/aconteceunovale.com.br\/portal\/index.php?rest_route=\/wp\/v2\/posts\/105739","targetHints":{"allow":["GET"]}}],"collection":[{"href":"https:\/\/aconteceunovale.com.br\/portal\/index.php?rest_route=\/wp\/v2\/posts"}],"about":[{"href":"https:\/\/aconteceunovale.com.br\/portal\/index.php?rest_route=\/wp\/v2\/types\/post"}],"author":[{"embeddable":true,"href":"https:\/\/aconteceunovale.com.br\/portal\/index.php?rest_route=\/wp\/v2\/users\/1"}],"replies":[{"embeddable":true,"href":"https:\/\/aconteceunovale.com.br\/portal\/index.php?rest_route=%2Fwp%2Fv2%2Fcomments&post=105739"}],"version-history":[{"count":0,"href":"https:\/\/aconteceunovale.com.br\/portal\/index.php?rest_route=\/wp\/v2\/posts\/105739\/revisions"}],"wp:featuredmedia":[{"embeddable":true,"href":"https:\/\/aconteceunovale.com.br\/portal\/index.php?rest_route=\/wp\/v2\/media\/105740"}],"wp:attachment":[{"href":"https:\/\/aconteceunovale.com.br\/portal\/index.php?rest_route=%2Fwp%2Fv2%2Fmedia&parent=105739"}],"wp:term":[{"taxonomy":"category","embeddable":true,"href":"https:\/\/aconteceunovale.com.br\/portal\/index.php?rest_route=%2Fwp%2Fv2%2Fcategories&post=105739"},{"taxonomy":"post_tag","embeddable":true,"href":"https:\/\/aconteceunovale.com.br\/portal\/index.php?rest_route=%2Fwp%2Fv2%2Ftags&post=105739"}],"curies":[{"name":"wp","href":"https:\/\/api.w.org\/{rel}","templated":true}]}}