{"id":105734,"date":"2016-12-29T23:29:26","date_gmt":"2016-12-30T01:29:26","guid":{"rendered":"http:\/\/aconteceunovale.com.br\/portal\/?p=105734"},"modified":"2016-12-29T23:29:26","modified_gmt":"2016-12-30T01:29:26","slug":"advogada-presa-como-coautora-de-latrocinio-em-montes-claros-e-transferida-para-penitenciaria-em-bh","status":"publish","type":"post","link":"https:\/\/aconteceunovale.com.br\/portal\/?p=105734","title":{"rendered":"Advogada presa como coautora de latroc\u00ednio em Montes Claros \u00e9 transferida para penitenci\u00e1ria em BH"},"content":{"rendered":"<p>A advogada Fabiane Fernandes, apontada pela Pol\u00edcia Civil como coautora em um latroc\u00ednio em Montes Claros, no Norte de Minas, foi transferida nesta quinta-feira (29\/12\/2016) para uma penitenci\u00e1ria feminina em Belo Horizonte. <\/p>\n<p>De acordo com o juiz de Execu\u00e7\u00e3o Penal em Montes Claros, Marcos Ant\u00f4nio Ferreira, a decis\u00e3o de transferir a detenta veio do pr\u00f3prio Estado, pois o Complexo Penitenci\u00e1rio Feminino Estev\u00e3o Pinto possui condi\u00e7\u00f5es para abrigar a advogada.<\/p>\n<p>O juiz Marco Ant\u00f4nio lembrou ainda que nesta quarta-feira (28) ele converteu a pris\u00e3o em flagrante para preventiva. Na decis\u00e3o, ele afirma que h\u00e1, no auto de pris\u00e3o em flagrante, \u201cmaterialidade delitiva e os ind\u00edcios suficientes da autoria\u201d.<\/p>\n<p>\u201c\u00c9 tamb\u00e9m necess\u00e1ria a cust\u00f3dia, para garantir a aplica\u00e7\u00e3o da lei penal, ante a possibilidade concreta de evas\u00e3o da presa, o que impede a aplica\u00e7\u00e3o da necess\u00e1ria reprimenda, como o fizeram seus comparsas\u201d, afirmou o juiz.<\/p>\n<p>Ele autorizou ainda uma per\u00edcia completa no aparelho celular da advogada, apreendido durante o flagrante.<\/p>\n<p><img decoding=\"async\" src=\"http:\/\/aconteceunovale.com.br\/portal\/wp-content\/uploads\/2016\/12\/advogada_presa.jpeg\" alt=\"\" \/><em>Advogada (ao centro da foto) foi presa em Montes Claros (Foto: Reprodu\u00e7\u00e3o\/Inter TV)<\/em><br \/>\n<\/br><\/p>\n<p><strong>Entenda o caso<\/strong><\/p>\n<p>O empres\u00e1rio Fernando da Silva Mendon\u00e7a, de 24 anos, foi morto na noite desta ter\u00e7a-feira (27), no Bairro Jardim Liberdade. Uma testemunha afirmou \u00e0 pol\u00edcia que os criminosos invadiram o im\u00f3vel e a todo momento pediam dinheiro. Momentos depois o empres\u00e1rio chegou \u00e0 casa em uma caminhonete e foi abordado pelos criminosos. Como o empres\u00e1rio afirmou n\u00e3o ter dinheiro com ele, os autores atiraram v\u00e1rias vezes em sua dire\u00e7\u00e3o.<\/p>\n<p>Os criminosos fugiram levando o carro da v\u00edtima. Durante buscas, a testemunha relatou que dois dos criminosos usavam capacetes durante a a\u00e7\u00e3o. O outro autor foi reconhecido como Sandro Felipe Rodrigues; um amigo de Fernando da Silva e que tinha costume de frequentar a casa da v\u00edtima. Diante das informa\u00e7\u00f5es, a pol\u00edcia chegou \u00e0 esposa de Sandro, a advogada, que foi encaminhada \u00e0 Delegacia de Plant\u00e3o e em seguida ao pres\u00eddio em Montes Claros.<\/p>\n<p>No telefone de Fabiane, segundo a pol\u00edcia, foram encontradas mensagens em que ela afirmava que a testemunha tamb\u00e9m deveria ter sido executada.  \u201cE o neguinho cagueta, voc\u00ea devia ter matado o neguinho\u201d, diz uma das mensagens.<\/p>\n<p><strong>VER PRIMEIRO<\/strong><\/p>\n<p><strong>Receba as not\u00edcias do Aconteceu no Vale em primeira m\u00e3o. Clique em curtir no endere\u00e7o <a href=\"https:\/\/www.facebook.com\/aconteceunovale\" target=\"_blank\"><font color=\"red\">www.facebook.com\/aconteceunovale<\/font><\/a> ou no box abaixo:<\/strong><\/p>\n<div class=\"fb-like\" data-href=\"https:\/\/www.facebook.com\/aconteceunovale\" data-width=\"120\" data-layout=\"standard\" data-action=\"like\" data-size=\"small\" data-show-faces=\"true\" data-share=\"true\"><\/div>\n<p><\/br><\/p>\n<p><em>(Fonte: G1 Grande Minas)<\/em><\/p>\n","protected":false},"excerpt":{"rendered":"<p>A advogada Fabiane Fernandes, apontada pela Pol\u00edcia Civil como coautora em um latroc\u00ednio em Montes Claros, no Norte de Minas, foi transferida nesta quinta-feira (29\/12\/2016) para uma penitenci\u00e1ria feminina em Belo Horizonte. De acordo com o juiz de Execu\u00e7\u00e3o Penal em Montes Claros, Marcos Ant\u00f4nio Ferreira, a decis\u00e3o de transferir a detenta veio do pr\u00f3prio [&hellip;]<\/p>\n","protected":false},"author":1,"featured_media":105649,"comment_status":"open","ping_status":"closed","sticky":false,"template":"","format":"standard","meta":{"amp_status":"","footnotes":""},"categories":[1236],"tags":[133077,133200,133394,133073,1018,133074,133079,133201,133202,133071,25220,133392,133072,133393,133076,133075,133080,133082,133081,133078],"class_list":["post-105734","post","type-post","status-publish","format-standard","has-post-thumbnail","hentry","category-norte_de_minas","tag-advogada-do-baile-de-favela","tag-advogada-e-presa-como-coautora-em-latrocinio-em-montes-claros","tag-advogada-presa-como-coautora-de-latrocinio-em-montes-claros-e-transferida-para-penitenciaria-em-bh","tag-comerciante-morto-em-montes-claros","tag-destaque","tag-empresario-morto-em-montes-claros","tag-fabiane-fernandes-martins","tag-fabiane-fernandez","tag-fabiane-fernandez-martins","tag-fernando-silva-mendonca","tag-homicidio-em-montes-claros","tag-juiz-de-execucao-penal-em-montes-claros","tag-latrocinio-em-montes-claros","tag-marcos-antonio-ferreira","tag-marido-da-advogada-do-baile-de-favela","tag-marido-da-dr-fabiane","tag-marido-de-advogada-e-suspeito-de-matar-proprietario-de-lava-jato-em-montes-claros","tag-proprietario-de-lava-jato-e-morto-a-tiros-e-tem-caminhonete-roubada-em-montes-claros","tag-proprietario-de-lava-jato-e-morto-a-tiros-em-montes-claros","tag-sandro-felipe-rodrigues"],"_links":{"self":[{"href":"https:\/\/aconteceunovale.com.br\/portal\/index.php?rest_route=\/wp\/v2\/posts\/105734","targetHints":{"allow":["GET"]}}],"collection":[{"href":"https:\/\/aconteceunovale.com.br\/portal\/index.php?rest_route=\/wp\/v2\/posts"}],"about":[{"href":"https:\/\/aconteceunovale.com.br\/portal\/index.php?rest_route=\/wp\/v2\/types\/post"}],"author":[{"embeddable":true,"href":"https:\/\/aconteceunovale.com.br\/portal\/index.php?rest_route=\/wp\/v2\/users\/1"}],"replies":[{"embeddable":true,"href":"https:\/\/aconteceunovale.com.br\/portal\/index.php?rest_route=%2Fwp%2Fv2%2Fcomments&post=105734"}],"version-history":[{"count":0,"href":"https:\/\/aconteceunovale.com.br\/portal\/index.php?rest_route=\/wp\/v2\/posts\/105734\/revisions"}],"wp:featuredmedia":[{"embeddable":true,"href":"https:\/\/aconteceunovale.com.br\/portal\/index.php?rest_route=\/wp\/v2\/media\/105649"}],"wp:attachment":[{"href":"https:\/\/aconteceunovale.com.br\/portal\/index.php?rest_route=%2Fwp%2Fv2%2Fmedia&parent=105734"}],"wp:term":[{"taxonomy":"category","embeddable":true,"href":"https:\/\/aconteceunovale.com.br\/portal\/index.php?rest_route=%2Fwp%2Fv2%2Fcategories&post=105734"},{"taxonomy":"post_tag","embeddable":true,"href":"https:\/\/aconteceunovale.com.br\/portal\/index.php?rest_route=%2Fwp%2Fv2%2Ftags&post=105734"}],"curies":[{"name":"wp","href":"https:\/\/api.w.org\/{rel}","templated":true}]}}