{"id":105713,"date":"2016-12-29T22:23:59","date_gmt":"2016-12-30T00:23:59","guid":{"rendered":"http:\/\/aconteceunovale.com.br\/portal\/?p=105713"},"modified":"2016-12-29T22:23:59","modified_gmt":"2016-12-30T00:23:59","slug":"policia-do-rj-apura-se-corpo-encontrado-em-carro-carbonizado-e-de-embaixador-da-grecia","status":"publish","type":"post","link":"https:\/\/aconteceunovale.com.br\/portal\/?p=105713","title":{"rendered":"Pol\u00edcia do RJ apura se corpo encontrado em carro carbonizado \u00e9 de embaixador da Gr\u00e9cia"},"content":{"rendered":"<p>A Pol\u00edcia Civil do Rio de Janeiro confirmou que a placa do carro carbonizado, encontrado na tarde de hoje (29\/12\/2016), embaixo de um viaduto do Arco Metropolitano, em Nova Igua\u00e7u, \u00e9 a mesma do ve\u00edculo dirigido pelo embaixador da Gr\u00e9cia no Brasil, Kyriakos Amiridis. Dentro do carro, foi encontrado um corpo carbonizado.<\/p>\n<p>O delegado Evaristo Pontes, da Delegacia de Homic\u00eddios da Baixada Fluminense (DHBF), tamb\u00e9m confirmou que o modelo do ve\u00edculo era o mesmo dirigido pelo diplomata, mas ressaltou que s\u00f3 exames de per\u00edcia poder\u00e3o apontar a identidade do corpo.<\/p>\n<p>\u201cN\u00e3o posso confirmar categoricamente [que era o ve\u00edculo do embaixador], pois o carro estava queimado. Eu posso confirmar que tem as mesmas caracter\u00edsticas, que era o mesmo modelo e ostentava uma placa igual \u00e0 do carro alugado pelo embaixador. Agora, n\u00f3s vamos fazer as per\u00edcias t\u00e9cnicas para saber se o corpo era o do embaixador\u201d, disse Pontes.<\/p>\n<p>O diplomata est\u00e1 desaparecido desde a \u00faltima segunda-feira (26), quando saiu da casa da fam\u00edlia de sua esposa, que \u00e9 brasileira, no munic\u00edpio de Nova Igua\u00e7u. Amiridis mora em Bras\u00edlia e passava f\u00e9rias no Rio de Janeiro, onde foi c\u00f4nsul-geral de 2001 a 2004.<\/p>\n<p>O delegado da DHBF disse que espera chegar a conclus\u00f5es sobre o caso ainda nesta sexta-feira (30): \u201cEu j\u00e1 tenho uma hip\u00f3tese sobre o caso, mas prefiro n\u00e3o falar ainda\u201d.<\/p>\n<p><strong>VER PRIMEIRO<\/strong><\/p>\n<p><strong>Receba as not\u00edcias do Aconteceu no Vale em primeira m\u00e3o. Clique em curtir no endere\u00e7o <a href=\"https:\/\/www.facebook.com\/aconteceunovale\" target=\"_blank\"><font color=\"red\">www.facebook.com\/aconteceunovale<\/font><\/a> ou no box abaixo:<\/strong><\/p>\n<div class=\"fb-like\" data-href=\"https:\/\/www.facebook.com\/aconteceunovale\" data-width=\"120\" data-layout=\"standard\" data-action=\"like\" data-size=\"small\" data-show-faces=\"true\" data-share=\"true\"><\/div>\n<p><\/br><\/p>\n<p><img decoding=\"async\" src=\"http:\/\/aconteceunovale.com.br\/portal\/wp-content\/uploads\/2016\/12\/embaixador_grecia.jpg\" alt=\"\" \/><em>Embaixador grego Kyriakos Amiridis est\u00e1 desaparecido no Rio (Foto: Reprodu\u00e7\u00e3o)<\/em><br \/>\n<\/br><\/p>\n<p><em>(Ag\u00eancia Brasil)<\/em><\/p>\n","protected":false},"excerpt":{"rendered":"<p>A Pol\u00edcia Civil do Rio de Janeiro confirmou que a placa do carro carbonizado, encontrado na tarde de hoje (29\/12\/2016), embaixo de um viaduto do Arco Metropolitano, em Nova Igua\u00e7u, \u00e9 a mesma do ve\u00edculo dirigido pelo embaixador da Gr\u00e9cia no Brasil, Kyriakos Amiridis. Dentro do carro, foi encontrado um corpo carbonizado. O delegado Evaristo [&hellip;]<\/p>\n","protected":false},"author":1,"featured_media":105714,"comment_status":"open","ping_status":"closed","sticky":false,"template":"","format":"standard","meta":{"amp_status":"","footnotes":""},"categories":[6,28848],"tags":[133360,133362,133355,133358,133350,133352,133359,133364,133349,133361,133354,133357,46269,133351,133356,133353,25706,52520,133345,133365,133363,133347,133348,133346],"class_list":["post-105713","post","type-post","status-publish","format-standard","has-post-thumbnail","hentry","category-br","category-mundo","tag-amiridis-mora-em-brasilia-e-passava-ferias-no-rio-de-janeiro","tag-carro-carbonizado","tag-carro-do-embaixador-kyriakos-amiridis","tag-delegacia-de-homicidios-da-baixada-fluminense","tag-desaparecimento-de-embaixador-da-grecia-no-brasil-no-brasil","tag-desaparecimento-kyriakos-amiridis","tag-dhbf","tag-embaixador","tag-embaixador-da-grecia-no-brasil","tag-embaixador-grego-kyriakos-amiridis-esta-desaparecido-no-rio","tag-embaixador-kyriakos-amiridis","tag-evaristo-pontes","tag-grecia","tag-kyriakos-amiridis","tag-kyriakos-amiridis-esta-desaparecido","tag-morte-de-kyriakos-amiridis","tag-nova-iguacu","tag-policia","tag-policia-civil-do-rio-de-janeiro","tag-policia-do-rj-apura-se-corpo-encontrado-em-carro-carbonizado-e-de-embaixador-da-grecia","tag-utilizado","tag-veiculo-dirigido-pelo-embaixador-da-grecia-no-brasil","tag-veiculo-do-embaixador-da-grecia-no-brasil","tag-viaduto-do-arco-metropolitano"],"_links":{"self":[{"href":"https:\/\/aconteceunovale.com.br\/portal\/index.php?rest_route=\/wp\/v2\/posts\/105713","targetHints":{"allow":["GET"]}}],"collection":[{"href":"https:\/\/aconteceunovale.com.br\/portal\/index.php?rest_route=\/wp\/v2\/posts"}],"about":[{"href":"https:\/\/aconteceunovale.com.br\/portal\/index.php?rest_route=\/wp\/v2\/types\/post"}],"author":[{"embeddable":true,"href":"https:\/\/aconteceunovale.com.br\/portal\/index.php?rest_route=\/wp\/v2\/users\/1"}],"replies":[{"embeddable":true,"href":"https:\/\/aconteceunovale.com.br\/portal\/index.php?rest_route=%2Fwp%2Fv2%2Fcomments&post=105713"}],"version-history":[{"count":0,"href":"https:\/\/aconteceunovale.com.br\/portal\/index.php?rest_route=\/wp\/v2\/posts\/105713\/revisions"}],"wp:featuredmedia":[{"embeddable":true,"href":"https:\/\/aconteceunovale.com.br\/portal\/index.php?rest_route=\/wp\/v2\/media\/105714"}],"wp:attachment":[{"href":"https:\/\/aconteceunovale.com.br\/portal\/index.php?rest_route=%2Fwp%2Fv2%2Fmedia&parent=105713"}],"wp:term":[{"taxonomy":"category","embeddable":true,"href":"https:\/\/aconteceunovale.com.br\/portal\/index.php?rest_route=%2Fwp%2Fv2%2Fcategories&post=105713"},{"taxonomy":"post_tag","embeddable":true,"href":"https:\/\/aconteceunovale.com.br\/portal\/index.php?rest_route=%2Fwp%2Fv2%2Ftags&post=105713"}],"curies":[{"name":"wp","href":"https:\/\/api.w.org\/{rel}","templated":true}]}}