{"id":105706,"date":"2016-12-29T22:05:16","date_gmt":"2016-12-30T00:05:16","guid":{"rendered":"http:\/\/aconteceunovale.com.br\/portal\/?p=105706"},"modified":"2016-12-29T22:45:34","modified_gmt":"2016-12-30T00:45:34","slug":"onca-parda-e-resgatada-em-residencia-no-municipio-de-barbacena","status":"publish","type":"post","link":"https:\/\/aconteceunovale.com.br\/portal\/?p=105706","title":{"rendered":"On\u00e7a parda \u00e9 resgatada em resid\u00eancia no munic\u00edpio de Barbacena"},"content":{"rendered":"<p>Uma on\u00e7a parda foi resgatada na manh\u00e3 desta quinta-feira (29\/12\/2016) em uma resid\u00eancia localizada no distrito de Nossa Senhora das Dores, munic\u00edpio de Barbacena, no Campo das Vertentes. O felino estava em cima de uma \u00e1rvore, quando foi avistado pelo morador do local, Daniel Diniz Batista.<\/p>\n<p>Segundo o Corpo de Bombeiros, a corpora\u00e7\u00e3o foi acionada por volta das 9 horas para ajudar veterin\u00e1rios e a Pol\u00edcia Militar de Meio Ambiente na captura da on\u00e7a.<\/p>\n<p>Daniel contou que nos \u00faltimos oito meses vinha percebeu o desaparecimento de galinhas em sua cria\u00e7\u00e3o e alguns animais feridos, como cachorro e gado. Hoje pela manh\u00e3, ele percebeu seus cachorros agitados e deparou com a on\u00e7a j\u00e1 na \u00e1rvore, &#8220;ligando&#8221; os fatos ao sumi\u00e7o das aves e animais feridos. <\/p>\n<p>O animal foi retirado da \u00e1rvore sob o efeito de tranquilizantes e o uso de um camb\u00e3o. J\u00e1 no solo a on\u00e7a foi examinada pelos veterin\u00e1rios e repassada, sem ferimentos, \u00e0 Pol\u00edcia do Meio Ambiente que realizar\u00e1 a entrega na sede do IBAMA em Juiz de Fora, o qual decidir\u00e1 onde ela ser\u00e1 solta.<\/p>\n<p><strong>VER PRIMEIRO<\/strong><\/p>\n<p><strong>Receba as not\u00edcias do Aconteceu no Vale em primeira m\u00e3o. Clique em curtir no endere\u00e7o <a href=\"https:\/\/www.facebook.com\/aconteceunovale\" target=\"_blank\"><font color=\"red\">www.facebook.com\/aconteceunovale<\/font><\/a> ou no box abaixo:<\/strong><\/p>\n<div class=\"fb-like\" data-href=\"https:\/\/www.facebook.com\/aconteceunovale\" data-width=\"120\" data-layout=\"standard\" data-action=\"like\" data-size=\"small\" data-show-faces=\"true\" data-share=\"true\"><\/div>\n<p><\/br><\/p>\n<p><img decoding=\"async\" src=\"http:\/\/aconteceunovale.com.br\/portal\/wp-content\/uploads\/2016\/12\/onca_barbacena_1.jpg\" alt=\"\" \/><em>On\u00e7a parda capturada em Barbacena (Foto: Divulga\u00e7\u00e3o\/Corpo de Bombeiros)<\/em><br \/>\n<\/br><\/p>\n<p><em>(Fonte: Hoje em Dia)<\/em><\/p>\n","protected":false},"excerpt":{"rendered":"<p>Uma on\u00e7a parda foi resgatada na manh\u00e3 desta quinta-feira (29\/12\/2016) em uma resid\u00eancia localizada no distrito de Nossa Senhora das Dores, munic\u00edpio de Barbacena, no Campo das Vertentes. O felino estava em cima de uma \u00e1rvore, quando foi avistado pelo morador do local, Daniel Diniz Batista. Segundo o Corpo de Bombeiros, a corpora\u00e7\u00e3o foi acionada [&hellip;]<\/p>\n","protected":false},"author":1,"featured_media":105708,"comment_status":"open","ping_status":"closed","sticky":false,"template":"","format":"standard","meta":{"amp_status":"","footnotes":""},"categories":[123],"tags":[193,133336,133333,133334,133331,133330,133332,133335,133337],"class_list":["post-105706","post","type-post","status-publish","format-standard","has-post-thumbnail","hentry","category-gerais","tag-barbacena","tag-captura-de-onca-em-barbacena","tag-daniel-diniz-batista","tag-onca-barbacena","tag-onca-capturada-em-barbacena","tag-onca-parda-capturada-em-barbacena","tag-onca-parda-e-resgatada-em-residencia-no-municipio-de-barbacena","tag-onca-resgatada-em-barbacena","tag-resgate-de-onca-em-barbacena"],"_links":{"self":[{"href":"https:\/\/aconteceunovale.com.br\/portal\/index.php?rest_route=\/wp\/v2\/posts\/105706","targetHints":{"allow":["GET"]}}],"collection":[{"href":"https:\/\/aconteceunovale.com.br\/portal\/index.php?rest_route=\/wp\/v2\/posts"}],"about":[{"href":"https:\/\/aconteceunovale.com.br\/portal\/index.php?rest_route=\/wp\/v2\/types\/post"}],"author":[{"embeddable":true,"href":"https:\/\/aconteceunovale.com.br\/portal\/index.php?rest_route=\/wp\/v2\/users\/1"}],"replies":[{"embeddable":true,"href":"https:\/\/aconteceunovale.com.br\/portal\/index.php?rest_route=%2Fwp%2Fv2%2Fcomments&post=105706"}],"version-history":[{"count":0,"href":"https:\/\/aconteceunovale.com.br\/portal\/index.php?rest_route=\/wp\/v2\/posts\/105706\/revisions"}],"wp:featuredmedia":[{"embeddable":true,"href":"https:\/\/aconteceunovale.com.br\/portal\/index.php?rest_route=\/wp\/v2\/media\/105708"}],"wp:attachment":[{"href":"https:\/\/aconteceunovale.com.br\/portal\/index.php?rest_route=%2Fwp%2Fv2%2Fmedia&parent=105706"}],"wp:term":[{"taxonomy":"category","embeddable":true,"href":"https:\/\/aconteceunovale.com.br\/portal\/index.php?rest_route=%2Fwp%2Fv2%2Fcategories&post=105706"},{"taxonomy":"post_tag","embeddable":true,"href":"https:\/\/aconteceunovale.com.br\/portal\/index.php?rest_route=%2Fwp%2Fv2%2Ftags&post=105706"}],"curies":[{"name":"wp","href":"https:\/\/api.w.org\/{rel}","templated":true}]}}