{"id":105701,"date":"2016-12-29T21:45:31","date_gmt":"2016-12-29T23:45:31","guid":{"rendered":"http:\/\/aconteceunovale.com.br\/portal\/?p=105701"},"modified":"2016-12-29T21:45:31","modified_gmt":"2016-12-29T23:45:31","slug":"policia-ambiental-recolhe-urubu-criado-por-aposentada-em-ipatinga","status":"publish","type":"post","link":"https:\/\/aconteceunovale.com.br\/portal\/?p=105701","title":{"rendered":"Pol\u00edcia Ambiental recolhe urubu criado por aposentada em Ipatinga"},"content":{"rendered":"<p>A Pol\u00edcia Militar de Meio Ambiente de Ipatinga cumpriu na manh\u00e3 desta quinta-feira (29\/12\/2016) um mandado de apreens\u00e3o de um urubu criado em cativeiro, sem a licen\u00e7a dos \u00f3rg\u00e3os ambientais, em uma casa no Bairro Esperan\u00e7a. A Justi\u00e7a da comarca de Ipatinga definiu pelo recolhimento do animal para ser readaptado ao habitat natural.<\/p>\n<p>A aposentada L\u00facia de Oliveira criou a ave por dois anos. Em mar\u00e7o de 2015, ela chegou a ser detida pela pol\u00edcia, ap\u00f3s os militares receberem den\u00fancias an\u00f4nimas informando que a mulher estaria criando a ave em casa, mantendo-o preso pela perna nos fundos de um quintal. Na \u00e9poca do crime, um delegado de Ipatinga decidiu que at\u00e9 que a justi\u00e7a definisse o que seria feito com a ave, L\u00facia ficaria como fiel deposit\u00e1ria, ou seja, respons\u00e1vel por cuidar do urubu temporariamente.<\/p>\n<p><img decoding=\"async\" src=\"http:\/\/aconteceunovale.com.br\/portal\/wp-content\/uploads\/2016\/12\/apreensao_zulu_urubu_1.jpg\" alt=\"\" \/><em>Urubu foi levado pela Pol\u00edcia Militar de Meio Ambiente (Foto: Pol\u00edcia Militar\/Divulga\u00e7\u00e3o)<\/em><br \/>\n<\/br><\/p>\n<p><strong>Urubu Zulu<\/strong><\/p>\n<p>Com apenas quatro meses que ela havia resgatado o urubu, L\u00facia deu ao animal o nome de Zulu. O animal foi criado por ela e o filho, e agora a aposentada n\u00e3o sabe como vai fazer sem o urubu.<\/p>\n<p>&#8220;Chorei demais com essa decis\u00e3o da Justi\u00e7a. \u00c9 a mesma coisa de tirar um peda\u00e7o de mim, porque ele se tornou meu filho desde que recuperei ele do lixo. Quero ver como vai ser a rea\u00e7\u00e3o dele, porque o Zulu s\u00f3 come comigo, ele n\u00e3o aceita ser alimentado por outra pessoa&#8221;, disse.<\/p>\n<p>O tenente da Pol\u00edcia de Meio Ambiente, \u00c1tila Porto, acompanhou o caso desde o in\u00edcio e explica que o urubu foi bem domesticado, mas tem chance de conseguir se readaptar \u00e0 natureza.<\/p>\n<p>&#8220;O urubu tem um grau muito grande de domestica\u00e7\u00e3o, mas ele \u00e9 um animal silvestre e tem que ser colocado na natureza. Ela cuidou muito bem dele, e not\u00e1vel o carinho que o bicho tem com ela, mas n\u00e3o tem jeito mesmo, tem que se cumprir a determina\u00e7\u00e3o da Justi\u00e7a, porque se n\u00e3o vira moda e o lugar desse tipo de animal \u00e9 na natureza&#8221;, explica.<\/p>\n<p>L\u00facia ainda pode recorrer da decis\u00e3o, caso queira o Zulu de volta. &#8220;Vou ver qual ser\u00e1 a rea\u00e7\u00e3o dele no zool\u00f3gico, se vai ser adaptar a nova casa. Se o Zulu estiver bem, vou aceitar a decis\u00e3o, se n\u00e3o quero ele de volta&#8221;, finalizou.<\/p>\n<p>Inicialmente, Zulu ser\u00e1 encaminhado para o zool\u00f3gico da Usipa, at\u00e9 que o Instituto Estadual de Florestas defina o seu destino permanente.<\/p>\n<p><img decoding=\"async\" src=\"http:\/\/aconteceunovale.com.br\/portal\/wp-content\/uploads\/2016\/12\/apreensao_zulu_urubu_2.jpg\" alt=\"\" \/><em>Zulu morava com a aposentada h\u00e1 dois anos (Foto: Pol\u00edcia Militar\/Divulga\u00e7\u00e3o)<\/em><br \/>\n<\/br><\/p>\n<p><strong>Modo de vida<\/strong><\/p>\n<p>Zulu \u00e9 um urubu da esp\u00e9cie cabe\u00e7a vermelha (com nome cient\u00edfico Cathartes aura). Ele pode atingir 76 cent\u00edmetros e pesar at\u00e9 dois quilos. Pertence \u00e0 fam\u00edlia Cathartidae e se destaca pela colora\u00e7\u00e3o avermelhada da cabe\u00e7a. O restante do corpo apresenta uma plumagem predominantemente preta. A envergadura chega a 180 cent\u00edmetros. As asas abertas formam um \u201cV\u201d.<\/p>\n<p>Alimenta-se de carni\u00e7a que encontra rente ao solo, rodovias, \u00e1reas campestres e praianas. Tem olfato muito desenvolvido, que permite localizar pequenas carca\u00e7as a dist\u00e2ncia, quando esta planando no ar.<\/p>\n<p><strong>VER PRIMEIRO<\/strong><\/p>\n<p><strong>Receba as not\u00edcias do Aconteceu no Vale em primeira m\u00e3o. Clique em curtir no endere\u00e7o <a href=\"https:\/\/www.facebook.com\/aconteceunovale\" target=\"_blank\"><font color=\"red\">www.facebook.com\/aconteceunovale<\/font><\/a> ou no box abaixo:<\/strong><\/p>\n<div class=\"fb-like\" data-href=\"https:\/\/www.facebook.com\/aconteceunovale\" data-width=\"120\" data-layout=\"standard\" data-action=\"like\" data-size=\"small\" data-show-faces=\"true\" data-share=\"true\"><\/div>\n<p><\/br><\/p>\n<p><em>(Fonte: G1 Vales de Minas\/Patr\u00edcia Belo)<\/em><\/p>\n","protected":false},"excerpt":{"rendered":"<p>A Pol\u00edcia Militar de Meio Ambiente de Ipatinga cumpriu na manh\u00e3 desta quinta-feira (29\/12\/2016) um mandado de apreens\u00e3o de um urubu criado em cativeiro, sem a licen\u00e7a dos \u00f3rg\u00e3os ambientais, em uma casa no Bairro Esperan\u00e7a. A Justi\u00e7a da comarca de Ipatinga definiu pelo recolhimento do animal para ser readaptado ao habitat natural. A aposentada [&hellip;]<\/p>\n","protected":false},"author":1,"featured_media":105703,"comment_status":"open","ping_status":"closed","sticky":false,"template":"","format":"standard","meta":{"amp_status":"","footnotes":""},"categories":[121],"tags":[133320,133321,39348,133328,133327,1018,201,133318,133329,133322,133325,133319,37444,133324,133323,133326],"class_list":["post-105701","post","type-post","status-publish","format-standard","has-post-thumbnail","hentry","category-leste","tag-apreensao-de-urubu-ipatinga","tag-apreensao-do-urubu-zulu","tag-atila-porto","tag-cathartes-aura","tag-cathartidae","tag-destaque","tag-ipatinga","tag-lucia-de-oliveira","tag-policia-ambiental-recolhe-urubu-criado-por-aposentada-em-ipatinga","tag-resgate-do-urubu-zulu","tag-tenente-da-policia-de-meio-ambiente","tag-urubu-apreendido-em-ipatinga","tag-urubu-zulu","tag-urubu-zulu-de-ipatinga","tag-urubu-zulu-e-apreendido","tag-zoologico-da-usipa"],"_links":{"self":[{"href":"https:\/\/aconteceunovale.com.br\/portal\/index.php?rest_route=\/wp\/v2\/posts\/105701","targetHints":{"allow":["GET"]}}],"collection":[{"href":"https:\/\/aconteceunovale.com.br\/portal\/index.php?rest_route=\/wp\/v2\/posts"}],"about":[{"href":"https:\/\/aconteceunovale.com.br\/portal\/index.php?rest_route=\/wp\/v2\/types\/post"}],"author":[{"embeddable":true,"href":"https:\/\/aconteceunovale.com.br\/portal\/index.php?rest_route=\/wp\/v2\/users\/1"}],"replies":[{"embeddable":true,"href":"https:\/\/aconteceunovale.com.br\/portal\/index.php?rest_route=%2Fwp%2Fv2%2Fcomments&post=105701"}],"version-history":[{"count":0,"href":"https:\/\/aconteceunovale.com.br\/portal\/index.php?rest_route=\/wp\/v2\/posts\/105701\/revisions"}],"wp:featuredmedia":[{"embeddable":true,"href":"https:\/\/aconteceunovale.com.br\/portal\/index.php?rest_route=\/wp\/v2\/media\/105703"}],"wp:attachment":[{"href":"https:\/\/aconteceunovale.com.br\/portal\/index.php?rest_route=%2Fwp%2Fv2%2Fmedia&parent=105701"}],"wp:term":[{"taxonomy":"category","embeddable":true,"href":"https:\/\/aconteceunovale.com.br\/portal\/index.php?rest_route=%2Fwp%2Fv2%2Fcategories&post=105701"},{"taxonomy":"post_tag","embeddable":true,"href":"https:\/\/aconteceunovale.com.br\/portal\/index.php?rest_route=%2Fwp%2Fv2%2Ftags&post=105701"}],"curies":[{"name":"wp","href":"https:\/\/api.w.org\/{rel}","templated":true}]}}