{"id":105698,"date":"2016-12-29T21:22:55","date_gmt":"2016-12-29T23:22:55","guid":{"rendered":"http:\/\/aconteceunovale.com.br\/portal\/?p=105698"},"modified":"2016-12-29T21:22:55","modified_gmt":"2016-12-29T23:22:55","slug":"sete-brasileiros-detidos-nas-bahamas-retornam-ao-brasil","status":"publish","type":"post","link":"https:\/\/aconteceunovale.com.br\/portal\/?p=105698","title":{"rendered":"Sete brasileiros detidos nas Bahamas retornam ao Brasil"},"content":{"rendered":"<p>Sete dos 12 brasileiros que foram detidos nas Bahamas no \u00faltimo dia 19 por tentativa de imigra\u00e7\u00e3o irregular j\u00e1 retornaram ao Brasil. Segundo informa\u00e7\u00f5es do Minist\u00e9rio das Rela\u00e7\u00f5es Exteriores, os demais devem voltar ao pa\u00eds at\u00e9 o fim da semana.<\/p>\n<p>Outros 14 brasileiros est\u00e3o presos na Fl\u00f3rida, Estados Unidos, aguardando a deporta\u00e7\u00e3o. De 2011 a 2015, 278 brasileiros foram presos nas Bahamas. Segundo o Itamaraty, a grande maioria dos casos se deve \u00e0 expira\u00e7\u00e3o do prazo do visto de perman\u00eancia e de tentativa de imigra\u00e7\u00e3o ilegal para os Estados Unidos.<\/p>\n<p>Os dados de 2016 ainda n\u00e3o foram compilados, mas, segundo informa\u00e7\u00f5es da Embaixada do Brasil em Nassau, o n\u00famero de brasileiros presos aumentou significativamente depois que Donald Trump foi eleito presidente dos Estados Unidos. Uma das promessas de Trump durante a corrida eleitoral foi aumentar a restri\u00e7\u00e3o de entrada de migrantes em territ\u00f3rio norte-americano.<\/p>\n<p><strong>Desaparecidos<\/strong><\/p>\n<p>O governo brasileiro informou que segue na busca por um grupo que est\u00e1 desaparecido na regi\u00e3o de Bahamas desde 6 de novembro. Hoje (29), a representa\u00e7\u00e3o brasileira em Nassau se reuniu com integrantes do governo de Bahamas na tentativa de firmar oficialmente um apoio para as investiga\u00e7\u00f5es.<\/p>\n<p><strong>VER PRIMEIRO<\/strong><\/p>\n<p><strong>Receba as not\u00edcias do Aconteceu no Vale em primeira m\u00e3o. Clique em curtir no endere\u00e7o <a href=\"https:\/\/www.facebook.com\/aconteceunovale\" target=\"_blank\"><font color=\"red\">www.facebook.com\/aconteceunovale<\/font><\/a> ou no box abaixo:<\/strong><\/p>\n<div class=\"fb-like\" data-href=\"https:\/\/www.facebook.com\/aconteceunovale\" data-width=\"120\" data-layout=\"standard\" data-action=\"like\" data-size=\"small\" data-show-faces=\"true\" data-share=\"true\"><\/div>\n<p><\/br><\/p>\n<p><em>(Ag\u00eancia Brasil)<\/em><\/p>\n","protected":false},"excerpt":{"rendered":"<p>Sete dos 12 brasileiros que foram detidos nas Bahamas no \u00faltimo dia 19 por tentativa de imigra\u00e7\u00e3o irregular j\u00e1 retornaram ao Brasil. Segundo informa\u00e7\u00f5es do Minist\u00e9rio das Rela\u00e7\u00f5es Exteriores, os demais devem voltar ao pa\u00eds at\u00e9 o fim da semana. Outros 14 brasileiros est\u00e3o presos na Fl\u00f3rida, Estados Unidos, aguardando a deporta\u00e7\u00e3o. De 2011 a [&hellip;]<\/p>\n","protected":false},"author":1,"featured_media":105699,"comment_status":"open","ping_status":"closed","sticky":false,"template":"","format":"standard","meta":{"amp_status":"","footnotes":""},"categories":[6,28848],"tags":[133314,132377,20327,133313,133311,133312,105387,133310,133308,79020,15469,16542,23670,133317,133315,43552,132261,133309,133316,95908],"class_list":["post-105698","post","type-post","status-publish","format-standard","has-post-thumbnail","hentry","category-br","category-mundo","tag-278-brasileiros-foram-presos-nas-bahamas","tag-bahamas","tag-brasileiros","tag-brasileiros-deportados-das-bahamas","tag-brasileiros-desaparecidos-nas-bahamas","tag-brasileiros-presos-nas-bahamas","tag-deportacao","tag-deportados-das-bahamas","tag-desaparecidos-nas-bahamas","tag-donald-trump","tag-estados-unidos","tag-florida","tag-imigracao","tag-imigracao-ilegal-bahamas-estados-unidos","tag-imigracao-ilegal-para-os-estados-unidos","tag-itamaraty","tag-nassau","tag-presos-nas-bahamas","tag-sete-brasileiros-detidos-nas-bahamas-retornam-ao-brasil","tag-trump"],"_links":{"self":[{"href":"https:\/\/aconteceunovale.com.br\/portal\/index.php?rest_route=\/wp\/v2\/posts\/105698","targetHints":{"allow":["GET"]}}],"collection":[{"href":"https:\/\/aconteceunovale.com.br\/portal\/index.php?rest_route=\/wp\/v2\/posts"}],"about":[{"href":"https:\/\/aconteceunovale.com.br\/portal\/index.php?rest_route=\/wp\/v2\/types\/post"}],"author":[{"embeddable":true,"href":"https:\/\/aconteceunovale.com.br\/portal\/index.php?rest_route=\/wp\/v2\/users\/1"}],"replies":[{"embeddable":true,"href":"https:\/\/aconteceunovale.com.br\/portal\/index.php?rest_route=%2Fwp%2Fv2%2Fcomments&post=105698"}],"version-history":[{"count":0,"href":"https:\/\/aconteceunovale.com.br\/portal\/index.php?rest_route=\/wp\/v2\/posts\/105698\/revisions"}],"wp:featuredmedia":[{"embeddable":true,"href":"https:\/\/aconteceunovale.com.br\/portal\/index.php?rest_route=\/wp\/v2\/media\/105699"}],"wp:attachment":[{"href":"https:\/\/aconteceunovale.com.br\/portal\/index.php?rest_route=%2Fwp%2Fv2%2Fmedia&parent=105698"}],"wp:term":[{"taxonomy":"category","embeddable":true,"href":"https:\/\/aconteceunovale.com.br\/portal\/index.php?rest_route=%2Fwp%2Fv2%2Fcategories&post=105698"},{"taxonomy":"post_tag","embeddable":true,"href":"https:\/\/aconteceunovale.com.br\/portal\/index.php?rest_route=%2Fwp%2Fv2%2Ftags&post=105698"}],"curies":[{"name":"wp","href":"https:\/\/api.w.org\/{rel}","templated":true}]}}