{"id":105691,"date":"2016-12-29T21:12:33","date_gmt":"2016-12-29T23:12:33","guid":{"rendered":"http:\/\/aconteceunovale.com.br\/portal\/?p=105691"},"modified":"2016-12-29T21:12:33","modified_gmt":"2016-12-29T23:12:33","slug":"acidente-com-onibus-de-turismo-mata-sete-pessoas-na-br-116-no-centro-sul-da-bahia","status":"publish","type":"post","link":"https:\/\/aconteceunovale.com.br\/portal\/?p=105691","title":{"rendered":"Acidente com \u00f4nibus de turismo mata sete pessoas na BR-116, no Centro-Sul da Bahia"},"content":{"rendered":"<p>Sete pessoas morreram em um acidente com um \u00f4nibus de turismo na BR-116, no munic\u00edpio de Po\u00e7\u00f5es, na regi\u00e3o Centro-Sul da Bahia, na manh\u00e3 desta quinta-feira (29\/12\/2016). A concession\u00e1ria que administra o trecho da rodovia informou que uma crian\u00e7a e cinco adultos est\u00e3o entre os mortos. A s\u00e9tima v\u00edtima em \u00f3bito foi confirmada pelo Hospital de Base de Vit\u00f3ria da Conquista, para onde parte dos feridos foi levada. Conforme a unidade de sa\u00fade, uma mulher, que foi levada pelo SAMU, j\u00e1 chegou ao local sem sinais vitais.<\/p>\n<p>De acordo com a Pol\u00edcia Rodovi\u00e1ria Federal (PRF), 50 pessoas estavam no \u00f4nibus, sendo que 48 passageiros e dois motoristas. A maioria dos passageiros teve les\u00f5es leves ou n\u00e3o teve ferimentos e n\u00e3o precisou de atendimento em uma unidade m\u00e9dica, informou a pol\u00edcia.<\/p>\n<p><img decoding=\"async\" src=\"http:\/\/aconteceunovale.com.br\/portal\/wp-content\/uploads\/2016\/12\/acidente_bus_arcoverde_1.jpg\" alt=\"\" \/><em>Acidente aconteceu no KM 748,9 da BR-116 (Foto: Edson Nunes\/TV Sudoeste)<\/em><br \/>\n<\/br><\/p>\n<p>Os feridos foram socorridos por equipes de resgate dos bombeiros, Samu e Via Bahia para hospitais da regi\u00e3o. As v\u00edtimas em estado mais grave foram levadas para o Hospital de Base e para a Unidade de Pronto-Atendimento (UPA) de Vit\u00f3ria da Conquista. As demais foram encaminhadas para a UPA e para o Hospital S\u00e3o Lucas, ambos em Po\u00e7\u00f5es. N\u00e3o h\u00e1 informa\u00e7\u00f5es sobre o estado de sa\u00fade deles.<\/p>\n<p>Segundo a PRF, o \u00f4nibus saiu da cidade de Arcoverde (PE) com destino a S\u00e3o Paulo, capital. A pol\u00edcia informou que as apura\u00e7\u00f5es iniciais s\u00e3o de que o \u00f4nibus saiu da pista e capotou em uma ribanceira \u00e0s margens da rodovia, na altura do KM 748,9. Ainda n\u00e3o h\u00e1 detalhes do que provocou o acidente.<\/p>\n<p>Os corpos das v\u00edtimas que morreram no local do acidente foram removidos ap\u00f3s as 12h e levados para o Instituto M\u00e9dico Legal (IML) de Vit\u00f3ria da Conquista. A identifica\u00e7\u00e3o dos sete mortos ainda n\u00e3o foi divulgada.<\/p>\n<p><strong>VER PRIMEIRO<\/strong><\/p>\n<p><strong>Receba as not\u00edcias do Aconteceu no Vale em primeira m\u00e3o. Clique em curtir no endere\u00e7o <a href=\"https:\/\/www.facebook.com\/aconteceunovale\" target=\"_blank\"><font color=\"red\">www.facebook.com\/aconteceunovale<\/font><\/a> ou no box abaixo:<\/strong><\/p>\n<div class=\"fb-like\" data-href=\"https:\/\/www.facebook.com\/aconteceunovale\" data-width=\"120\" data-layout=\"standard\" data-action=\"like\" data-size=\"small\" data-show-faces=\"true\" data-share=\"true\"><\/div>\n<p><\/br><\/p>\n<p><img decoding=\"async\" src=\"http:\/\/aconteceunovale.com.br\/portal\/wp-content\/uploads\/2016\/12\/acidente_bus_arcoverde_2.jpg\" alt=\"\" \/><em>Acidente aconteceu no KM 748,9 da BR-116 (Foto: Corpo de Bombeiros\/Divulga\u00e7\u00e3o))<\/em><br \/>\n<\/br><\/p>\n<p><img decoding=\"async\" src=\"http:\/\/aconteceunovale.com.br\/portal\/wp-content\/uploads\/2016\/12\/acidente_bus_arcoverde_3.jpg\" alt=\"\" \/><em>Acidente aconteceu no KM 748,9 da BR-116 (Foto: Corpo de Bombeiros\/Divulga\u00e7\u00e3o))<\/em><br \/>\n<\/br><\/p>\n<p><em>(Fonte: G1 BA\/Rede Bahia)<\/em><\/p>\n","protected":false},"excerpt":{"rendered":"<p>Sete pessoas morreram em um acidente com um \u00f4nibus de turismo na BR-116, no munic\u00edpio de Po\u00e7\u00f5es, na regi\u00e3o Centro-Sul da Bahia, na manh\u00e3 desta quinta-feira (29\/12\/2016). A concession\u00e1ria que administra o trecho da rodovia informou que uma crian\u00e7a e cinco adultos est\u00e3o entre os mortos. A s\u00e9tima v\u00edtima em \u00f3bito foi confirmada pelo Hospital [&hellip;]<\/p>\n","protected":false},"author":1,"featured_media":105692,"comment_status":"open","ping_status":"closed","sticky":false,"template":"","format":"standard","meta":{"amp_status":"","footnotes":""},"categories":[6],"tags":[133299,133289,133294,133295,133296,133302,133297,133292,22238,133293,133287,133288,133291,133300,106413,133286,133298,133303,133290,1442,2382,133301,2842],"class_list":["post-105691","post","type-post","status-publish","format-standard","has-post-thumbnail","hentry","category-br","tag-acidente-cida-transportes","tag-acidente-com-onibus-de-arcoverde","tag-acidente-com-onibus-de-turismo-mata-sete-pessoas-na-br-116","tag-acidente-com-onibus-de-turismo-mata-sete-pessoas-na-br-116-em-pocoes","tag-acidente-com-onibus-de-turismo-mata-sete-pessoas-na-br-116-na-bahia","tag-acidente-com-onibus-de-turismo-mata-sete-pessoas-na-br-116-no-centro-sul-da-bahia","tag-acidente-com-onibus-de-turismo-mata-sete-pessoas-na-br-116-no-sudoeste-da-bahia","tag-acidente-com-onibus-em-pocoes","tag-acidente-com-onibus-na-bahia","tag-acidente-com-onibus-na-br-116","tag-acidente-com-onibus-que-seguia-de-arcoverde-para-sao-paulo","tag-acidente-com-onibus-que-viajava-de-arcoverde-para-sao-paulo","tag-acidente-em-pocoes","tag-acidente-onibus-cida-transportes","tag-arcoverde","tag-arcoverde-para-sao-paulo","tag-cida-transportes","tag-mortos-em-acidente-com-onibus-na-bahia","tag-onibus-de-arcoverde","tag-pocoes","tag-sao-paulo","tag-tragedia-onibus-cida-transportes","tag-vitoria-da-conquista"],"_links":{"self":[{"href":"https:\/\/aconteceunovale.com.br\/portal\/index.php?rest_route=\/wp\/v2\/posts\/105691","targetHints":{"allow":["GET"]}}],"collection":[{"href":"https:\/\/aconteceunovale.com.br\/portal\/index.php?rest_route=\/wp\/v2\/posts"}],"about":[{"href":"https:\/\/aconteceunovale.com.br\/portal\/index.php?rest_route=\/wp\/v2\/types\/post"}],"author":[{"embeddable":true,"href":"https:\/\/aconteceunovale.com.br\/portal\/index.php?rest_route=\/wp\/v2\/users\/1"}],"replies":[{"embeddable":true,"href":"https:\/\/aconteceunovale.com.br\/portal\/index.php?rest_route=%2Fwp%2Fv2%2Fcomments&post=105691"}],"version-history":[{"count":0,"href":"https:\/\/aconteceunovale.com.br\/portal\/index.php?rest_route=\/wp\/v2\/posts\/105691\/revisions"}],"wp:featuredmedia":[{"embeddable":true,"href":"https:\/\/aconteceunovale.com.br\/portal\/index.php?rest_route=\/wp\/v2\/media\/105692"}],"wp:attachment":[{"href":"https:\/\/aconteceunovale.com.br\/portal\/index.php?rest_route=%2Fwp%2Fv2%2Fmedia&parent=105691"}],"wp:term":[{"taxonomy":"category","embeddable":true,"href":"https:\/\/aconteceunovale.com.br\/portal\/index.php?rest_route=%2Fwp%2Fv2%2Fcategories&post=105691"},{"taxonomy":"post_tag","embeddable":true,"href":"https:\/\/aconteceunovale.com.br\/portal\/index.php?rest_route=%2Fwp%2Fv2%2Ftags&post=105691"}],"curies":[{"name":"wp","href":"https:\/\/api.w.org\/{rel}","templated":true}]}}