{"id":105688,"date":"2016-12-29T20:49:43","date_gmt":"2016-12-29T22:49:43","guid":{"rendered":"http:\/\/aconteceunovale.com.br\/portal\/?p=105688"},"modified":"2016-12-29T20:49:43","modified_gmt":"2016-12-29T22:49:43","slug":"ministerio-da-saude-diminui-numero-minimo-de-medicos-por-upa","status":"publish","type":"post","link":"https:\/\/aconteceunovale.com.br\/portal\/?p=105688","title":{"rendered":"Minist\u00e9rio da Sa\u00fade diminui n\u00famero m\u00ednimo de m\u00e9dicos por UPA"},"content":{"rendered":"<p>O Minist\u00e9rio da Sa\u00fade anunciou hoje (29\/12\/2016) que ir\u00e1 flexibilizar regras para o funcionamento das Unidades de Pronto Atendimento (UPAs). Com as novas regras, cada unidade poder\u00e1 ter no m\u00ednimo dois m\u00e9dicos. Antes, era exigido o n\u00famero m\u00ednimo de quatro m\u00e9dicos por unidade.<\/p>\n<p>Caber\u00e1 ao gestor municipal definir o n\u00famero de profissionais na equipe. A partir do tamanho da equipe m\u00e9dica, ser\u00e1 estabelecido o valor de custeio que ser\u00e1 repassado ao munic\u00edpio.<\/p>\n<p>Uma UPA com dois profissionais, por exemplo, receber\u00e1 um incentivo financeiro para custeio de R$ 50 mil enquanto uma com nove profissionais receber\u00e1 R$ 250 mil. \u00a0&#8220;\u00c9 melhor dois [m\u00e9dicos] do que nenhum. O Brasil precisa cair na real. N\u00e3o temos mais capacidade de contratar pessoal&#8221;, disse o ministro da Sa\u00fade, Ricardo Barros, ao anunciar as novas regras. &#8220;\u00c9 melhor essa UPA funcionando com um m\u00e9dico de dia e um de noite do que ela fechada&#8221;, completou.<\/p>\n<p>De acordo com o minist\u00e9rio, tamb\u00e9m est\u00e1 previsto o compartilhamento de equipamentos entre as UPAs, no intuito de otimizar a estrutura dispon\u00edvel no munic\u00edpio.<\/p>\n<p>Para Barros, as novas regras devem incentivar a conclus\u00e3o de UPAs em todo o pa\u00eds. Dados da pasta apontam que, atualmente, 275 unidades est\u00e3o em obras, enquanto 165 j\u00e1 foram conclu\u00eddas, mas n\u00e3o foram abertas.<\/p>\n<p>Muitos prefeitos, segundo o ministro, evitam entregar o certificado de conclus\u00e3o de obra da UPA por causa da exig\u00eancia de um prazo m\u00e1ximo de 90 dias para que a unidade comece a atender.<\/p>\n<p>&#8220;As UPAs est\u00e3o fechadas. Estamos colocando em atendimento e abrindo para a popula\u00e7\u00e3o&#8221;, disse. &#8220;\u00c9 simples o racioc\u00ednio. \u00c9 senso pr\u00e1tico&#8221;, acrescentou.<\/p>\n<p>A expectativa do governo federal \u00e9 que a capacidade de atendimento das atuais 520 UPAs praticamente dobre em todo o pa\u00eds, chegando a 960 unidades em funcionamento.<\/p>\n<p>&#8220;Estou absolutamente seguro de que estamos fazendo o melhor para a sa\u00fade&#8221;, afirmou Barros, ao destacar que as mudan\u00e7as foram aprovadas na comiss\u00e3o tripartite, que inclui representantes das secretarias estaduais e municipais de Sa\u00fade. A portaria deve ser publicada amanh\u00e3 (30) no\u00a0<em>Di\u00e1rio Oficial da Uni\u00e3o<\/em>.<\/p>\n<p><strong>VER PRIMEIRO<\/strong><\/p>\n<p><strong>Receba as not\u00edcias do Aconteceu no Vale em primeira m\u00e3o. Clique em curtir no endere\u00e7o <a href=\"https:\/\/www.facebook.com\/aconteceunovale\" target=\"_blank\"><font color=\"red\">www.facebook.com\/aconteceunovale<\/font><\/a> ou no box abaixo:<\/strong><\/p>\n<div class=\"fb-like\" data-href=\"https:\/\/www.facebook.com\/aconteceunovale\" data-width=\"120\" data-layout=\"standard\" data-action=\"like\" data-size=\"small\" data-show-faces=\"true\" data-share=\"true\"><\/div>\n<p><\/br><\/p>\n<p><em>(Ag\u00eancia Brasil)<\/em><\/p>\n","protected":false},"excerpt":{"rendered":"<p>O Minist\u00e9rio da Sa\u00fade anunciou hoje (29\/12\/2016) que ir\u00e1 flexibilizar regras para o funcionamento das Unidades de Pronto Atendimento (UPAs). Com as novas regras, cada unidade poder\u00e1 ter no m\u00ednimo dois m\u00e9dicos. Antes, era exigido o n\u00famero m\u00ednimo de quatro m\u00e9dicos por unidade. Caber\u00e1 ao gestor municipal definir o n\u00famero de profissionais na equipe. A [&hellip;]<\/p>\n","protected":false},"author":1,"featured_media":105689,"comment_status":"open","ping_status":"closed","sticky":false,"template":"","format":"standard","meta":{"amp_status":"","footnotes":""},"categories":[6,40242],"tags":[28478,133285,133283,133284,133280,133278,133281,19152,133277,133282,133279],"class_list":["post-105688","post","type-post","status-publish","format-standard","has-post-thumbnail","hentry","category-br","category-saude-2","tag-medicos","tag-ministerio-da-saude-diminui-numero-minimo-de-medicos-por-upa","tag-mudancas-nas-upas","tag-mudancas-upas","tag-numero-de-medicos-em-upas","tag-numero-minimo-de-medicos-em-unidades-de-pronto-atendimento","tag-numero-minimo-de-medicos-em-upas","tag-saude","tag-unidades-de-pronto-atendimento","tag-upa","tag-upas"],"_links":{"self":[{"href":"https:\/\/aconteceunovale.com.br\/portal\/index.php?rest_route=\/wp\/v2\/posts\/105688","targetHints":{"allow":["GET"]}}],"collection":[{"href":"https:\/\/aconteceunovale.com.br\/portal\/index.php?rest_route=\/wp\/v2\/posts"}],"about":[{"href":"https:\/\/aconteceunovale.com.br\/portal\/index.php?rest_route=\/wp\/v2\/types\/post"}],"author":[{"embeddable":true,"href":"https:\/\/aconteceunovale.com.br\/portal\/index.php?rest_route=\/wp\/v2\/users\/1"}],"replies":[{"embeddable":true,"href":"https:\/\/aconteceunovale.com.br\/portal\/index.php?rest_route=%2Fwp%2Fv2%2Fcomments&post=105688"}],"version-history":[{"count":0,"href":"https:\/\/aconteceunovale.com.br\/portal\/index.php?rest_route=\/wp\/v2\/posts\/105688\/revisions"}],"wp:featuredmedia":[{"embeddable":true,"href":"https:\/\/aconteceunovale.com.br\/portal\/index.php?rest_route=\/wp\/v2\/media\/105689"}],"wp:attachment":[{"href":"https:\/\/aconteceunovale.com.br\/portal\/index.php?rest_route=%2Fwp%2Fv2%2Fmedia&parent=105688"}],"wp:term":[{"taxonomy":"category","embeddable":true,"href":"https:\/\/aconteceunovale.com.br\/portal\/index.php?rest_route=%2Fwp%2Fv2%2Fcategories&post=105688"},{"taxonomy":"post_tag","embeddable":true,"href":"https:\/\/aconteceunovale.com.br\/portal\/index.php?rest_route=%2Fwp%2Fv2%2Ftags&post=105688"}],"curies":[{"name":"wp","href":"https:\/\/api.w.org\/{rel}","templated":true}]}}