{"id":105686,"date":"2016-12-29T20:43:48","date_gmt":"2016-12-29T22:43:48","guid":{"rendered":"http:\/\/aconteceunovale.com.br\/portal\/?p=105686"},"modified":"2016-12-29T20:43:48","modified_gmt":"2016-12-29T22:43:48","slug":"enviados-ao-stf-recursos-de-candidatos-a-prefeito-de-ipatinga-e-timoteo","status":"publish","type":"post","link":"https:\/\/aconteceunovale.com.br\/portal\/?p=105686","title":{"rendered":"Enviados ao STF recursos de candidatos a prefeito de Ipatinga e Tim\u00f3teo"},"content":{"rendered":"<p>O presidente do Tribunal Superior Eleitoral (TSE), ministro Gilmar Mendes, deferiu liminar para suspender os efeitos de tr\u00eas recursos em que os candidatos a prefeito das cidades de Ipatinga (MG), Tim\u00f3teo (MG) e Tiangu\u00e1 (CE) tiveram indeferidos seus registros de candidatura pelo TSE. Nos tr\u00eas casos, os candidatos recorreram ao presidente da Corte Eleitoral, em sede de recurso extraordin\u00e1rio, para que o assunto seja resolvido pelo Supremo Tribunal Federal (STF).<\/p>\n<p>Os candidatos foram condenados, na origem, em A\u00e7\u00e3o de Investiga\u00e7\u00e3o Judicial Eleitoral (AIJE), em data anterior \u00e0 vig\u00eancia da Lei da Ficha Limpa (Lei Complementar n\u00ba 135\/2010), quando a condena\u00e7\u00e3o desse tipo implicava inelegibilidade pelo prazo de tr\u00eas anos. Dessa forma, segundo os candidatos, estender o prazo de inelegibilidade para oito anos, imposto pela lei de 2010, violaria o princ\u00edpio da coisa julgada. No entanto, nas elei\u00e7\u00f5es de 2016, os ministros entenderam ser poss\u00edvel, seguindo a jurisprud\u00eancia da Corte, sem ofensa \u00e0 coisa julgada, aplicar o prazo de oito anos de inelegibilidade.<\/p>\n<p>Nos tr\u00eas casos, os candidatos sustentam viola\u00e7\u00e3o ao artigo 16 da Constitui\u00e7\u00e3o Federal, pois teria ocorrido \u201cguinada jurisprudencial\u201d sobre o marco final para o afastamento de inelegibilidade. Afirmam ainda que sua inelegibilidade, caso existente, se encerraria antes da diploma\u00e7\u00e3o dos eleitos, cujo prazo terminou no dia 19 deste m\u00eas.<\/p>\n<p>Ao decidir, o presidente do TSE relembrou que foi voto vencido no julgamento do tema, quando o Tribunal decidiu pela retroatividade do per\u00edodo de inelegibilidade imposto pela Lei da Ficha Limpa a partir de 2010.  \u201cA presente tutela de urg\u00eancia transcende as partes do processo, mas revela-se uma decis\u00e3o institucional do pr\u00f3prio TSE. Portanto, considerada a exist\u00eancia de votos de ministros do Supremo Tribunal Federal favor\u00e1veis \u00e0 tese do candidato, nada h\u00e1 de incoer\u00eancia no deferimento do pedido, mormente quando o tema j\u00e1 est\u00e1 com repercuss\u00e3o geral reconhecida pela Suprema Corte\u201d.<\/p>\n<p>Por fim, o ministro Gilmar Mendes considerou que, caso o Supremo decida contra a tese dos candidatos, os procedimentos para a realiza\u00e7\u00e3o de novas elei\u00e7\u00f5es ser\u00e3o providenciados pelos \u00f3rg\u00e3os da Justi\u00e7a Eleitoral. O presidente do TSE enviou os recursos extraordin\u00e1rios ao STF, \u201cconsiderando a necess\u00e1ria conclus\u00e3o do julgamento do recurso extraordin\u00e1rio com repercuss\u00e3o geral reconhecida sobre o tema pelo STF, bem como a imperiosa necessidade de se evitar gastos de recursos p\u00fablicos com a realiza\u00e7\u00e3o de elei\u00e7\u00f5es suplementares possivelmente in\u00fateis, caso prevale\u00e7a a tese dos candidatos eleitos\u201d.<\/p>\n<p>Os pedidos s\u00e3o dos candidatos a prefeito Sebasti\u00e3o de Barros Quint\u00e3o, de Ipatinga (MG), de Luiz Meneses de Lima, de Tiangu\u00e1 (CE), e de Geraldo Hil\u00e1rio Torres, de Tim\u00f3teo (MG).<\/p>\n<p><strong>VER PRIMEIRO<\/strong><\/p>\n<p><strong>Receba as not\u00edcias do Aconteceu no Vale em primeira m\u00e3o. Clique em curtir no endere\u00e7o <a href=\"https:\/\/www.facebook.com\/aconteceunovale\" target=\"_blank\"><font color=\"red\">www.facebook.com\/aconteceunovale<\/font><\/a> ou no box abaixo:<\/strong><\/p>\n<div class=\"fb-like\" data-href=\"https:\/\/www.facebook.com\/aconteceunovale\" data-width=\"120\" data-layout=\"standard\" data-action=\"like\" data-size=\"small\" data-show-faces=\"true\" data-share=\"true\"><\/div>\n<p><\/br><\/p>\n<p><img decoding=\"async\" src=\"http:\/\/aconteceunovale.com.br\/portal\/wp-content\/uploads\/2016\/12\/quintao_hilario.jpg\" alt=\"\" \/><em>Sebasti\u00e3o Quint\u00e3o e Geraldo Hil\u00e1rio (Reprodu\u00e7\u00e3o)<\/em><br \/>\n<\/br><\/p>\n<p><em>(Fonte: TSE)<\/em><\/p>\n","protected":false},"excerpt":{"rendered":"<p>O presidente do Tribunal Superior Eleitoral (TSE), ministro Gilmar Mendes, deferiu liminar para suspender os efeitos de tr\u00eas recursos em que os candidatos a prefeito das cidades de Ipatinga (MG), Tim\u00f3teo (MG) e Tiangu\u00e1 (CE) tiveram indeferidos seus registros de candidatura pelo TSE. Nos tr\u00eas casos, os candidatos recorreram ao presidente da Corte Eleitoral, em [&hellip;]<\/p>\n","protected":false},"author":1,"featured_media":105002,"comment_status":"open","ping_status":"closed","sticky":false,"template":"","format":"standard","meta":{"amp_status":"","footnotes":""},"categories":[79927,121,40240],"tags":[133274,133275,133270,41059,47612,201,48441,133276,47611,118983,133273,119009,133271,120131,133272,1105,94060,267],"class_list":["post-105686","post","type-post","status-publish","format-standard","has-post-thumbnail","hentry","category-eleicoes-2016-2","category-leste","category-politica-2","tag-acao-de-investigacao-judicial-eleitoral","tag-aije","tag-enviados-ao-stf-recursos-de-candidatos-a-prefeito-de-ipatinga-e-timoteo","tag-geraldo-hilario-torres","tag-gilmar-mendes","tag-ipatinga","tag-lei-da-ficha-limpa","tag-luiz-meneses-de-lima","tag-ministro-gilmar-mendes","tag-prefeito-eleito-em-ipatinga","tag-prefeito-eleito-em-tiangua","tag-prefeito-eleito-em-timoteo","tag-presidente-do-tribunal-superior-eleitoral","tag-sebastiao-de-barros-quintao","tag-tiangua","tag-timoteo","tag-tribunal-superior-eleitoral","tag-tse"],"_links":{"self":[{"href":"https:\/\/aconteceunovale.com.br\/portal\/index.php?rest_route=\/wp\/v2\/posts\/105686","targetHints":{"allow":["GET"]}}],"collection":[{"href":"https:\/\/aconteceunovale.com.br\/portal\/index.php?rest_route=\/wp\/v2\/posts"}],"about":[{"href":"https:\/\/aconteceunovale.com.br\/portal\/index.php?rest_route=\/wp\/v2\/types\/post"}],"author":[{"embeddable":true,"href":"https:\/\/aconteceunovale.com.br\/portal\/index.php?rest_route=\/wp\/v2\/users\/1"}],"replies":[{"embeddable":true,"href":"https:\/\/aconteceunovale.com.br\/portal\/index.php?rest_route=%2Fwp%2Fv2%2Fcomments&post=105686"}],"version-history":[{"count":0,"href":"https:\/\/aconteceunovale.com.br\/portal\/index.php?rest_route=\/wp\/v2\/posts\/105686\/revisions"}],"wp:featuredmedia":[{"embeddable":true,"href":"https:\/\/aconteceunovale.com.br\/portal\/index.php?rest_route=\/wp\/v2\/media\/105002"}],"wp:attachment":[{"href":"https:\/\/aconteceunovale.com.br\/portal\/index.php?rest_route=%2Fwp%2Fv2%2Fmedia&parent=105686"}],"wp:term":[{"taxonomy":"category","embeddable":true,"href":"https:\/\/aconteceunovale.com.br\/portal\/index.php?rest_route=%2Fwp%2Fv2%2Fcategories&post=105686"},{"taxonomy":"post_tag","embeddable":true,"href":"https:\/\/aconteceunovale.com.br\/portal\/index.php?rest_route=%2Fwp%2Fv2%2Ftags&post=105686"}],"curies":[{"name":"wp","href":"https:\/\/api.w.org\/{rel}","templated":true}]}}