{"id":105682,"date":"2016-12-29T20:30:28","date_gmt":"2016-12-29T22:30:28","guid":{"rendered":"http:\/\/aconteceunovale.com.br\/portal\/?p=105682"},"modified":"2016-12-29T20:30:28","modified_gmt":"2016-12-29T22:30:28","slug":"produtores-de-montes-claros-recebem-apoio-para-revitalizar-feira-livre","status":"publish","type":"post","link":"https:\/\/aconteceunovale.com.br\/portal\/?p=105682","title":{"rendered":"Produtores de Montes Claros recebem apoio para revitalizar feira livre"},"content":{"rendered":"<p>A Emater-MG e a prefeitura de Montes Claros entregaram materiais e equipamentos para a revitaliza\u00e7\u00e3o da feira livre da Associa\u00e7\u00e3o Artesanal e Social do Norte de Minas (Aasnorte). Durante a cerim\u00f4nia, que aconteceu nesta quarta-feira (28\/12\/2016), foi repassado aos produtores um kit de feira livre contendo 10 barracas, 50 caixas pl\u00e1sticas e 20 jalecos.<\/p>\n<p>A gerente regional da Emater-MG, Maria de Lourdes Vieira, ressaltou a import\u00e2ncia da iniciativa. \u201cCom a aquisi\u00e7\u00e3o dos kits, os feirantes ter\u00e3o uma melhor estrutura para comercializar seus produtos com mais qualidade, al\u00e9m de trabalhar com sanidade, boa apresenta\u00e7\u00e3o e, principalmente, com seguran\u00e7a alimentar&#8221;, afirmou.<\/p>\n<p>A feira livre da Aasnorte acontece h\u00e1 quase 10 anos. A iniciativa de melhorar a estrutura da feira foi da agricultora familiar Vilma Pereira Santos, que buscou ajuda no escrit\u00f3rio da Emater-MG. \u201cEstamos finalizando o ano com chave de ouro. Agrade\u00e7o muito \u00e0 Emater por colaborar com a realiza\u00e7\u00e3o deste sonho. A nossa expectativa agora \u00e9 aumentar as vendas, abastecendo o com\u00e9rcio local e regional\u201d, disse.<\/p>\n<p><img decoding=\"async\" src=\"http:\/\/aconteceunovale.com.br\/portal\/wp-content\/uploads\/2016\/12\/Feira_Livre_AASNORTE_Montes_Claros_3.jpg\" alt=\"\" \/><em>Feira livre funciona no bairro Jos\u00e9 Carlos de Lima (Foto: Divulga\u00e7\u00e3o\/Emater-MG)<\/em><br \/>\n<\/br><\/p>\n<p>Respons\u00e1vel por acompanhar o trabalho na feira da Aasnorte, o t\u00e9cnico extensionista da Emater-MG, Ricardo Froes, destaca os benef\u00edcios para a popula\u00e7\u00e3o. &#8220;A feira Livre \u00e9 o espa\u00e7o onde acontece o encontro das pessoas, a troca de conhecimento e demonstra\u00e7\u00e3o da cultura local. Tamb\u00e9m \u00e9 uma forma de lazer para a popula\u00e7\u00e3o, possibilitando maiores vendas aos produtores&#8221;, destacou.<\/p>\n<p>\u201cGostaria de parabenizar a equipe da Emater pelo trabalho que desempenha no munic\u00edpio. A revitaliza\u00e7\u00e3o dessa feira livre foi mais um resultado da nossa parceria. Desejo muito sucesso na continuidade deste trabalho\u201d, destaca o prefeito em exerc\u00edcio de Montes Claros, Jos\u00e9 Vicente Medeiros.<\/p>\n<p>A feira livre da Aasnorte funciona aos domingos, das 7h \u00e0s 12h, em frente \u00e1 sede da associa\u00e7\u00e3o, na Av. Beir\u00e3o de Jesus, n\u00ba 3.55, bairro Jos\u00e9 Carlos de Lima. Dentre os produtos comercializados est\u00e3o frutas, verduras, hortali\u00e7as, doces, frango, pe\u00e7as de artesanato e bordados.<\/p>\n<p><strong>VER PRIMEIRO<\/strong><\/p>\n<p><strong>Receba as not\u00edcias do Aconteceu no Vale em primeira m\u00e3o. Clique em curtir no endere\u00e7o <a href=\"https:\/\/www.facebook.com\/aconteceunovale\" target=\"_blank\"><font color=\"red\">www.facebook.com\/aconteceunovale<\/font><\/a> ou no box abaixo:<\/strong><\/p>\n<div class=\"fb-like\" data-href=\"https:\/\/www.facebook.com\/aconteceunovale\" data-width=\"120\" data-layout=\"standard\" data-action=\"like\" data-size=\"small\" data-show-faces=\"true\" data-share=\"true\"><\/div>\n<p><\/br><\/p>\n<p><img decoding=\"async\" src=\"http:\/\/aconteceunovale.com.br\/portal\/wp-content\/uploads\/2016\/12\/feira_livre_moc.jpg\" alt=\"\" \/><em>Feira livre funciona no bairro Jos\u00e9 Carlos de Lima (Foto: Divulga\u00e7\u00e3o\/Emater-MG)<\/em><br \/>\n<\/br><\/p>\n<p><em>(Ag\u00eancia Minas)<\/em><\/p>\n","protected":false},"excerpt":{"rendered":"<p>A Emater-MG e a prefeitura de Montes Claros entregaram materiais e equipamentos para a revitaliza\u00e7\u00e3o da feira livre da Associa\u00e7\u00e3o Artesanal e Social do Norte de Minas (Aasnorte). Durante a cerim\u00f4nia, que aconteceu nesta quarta-feira (28\/12\/2016), foi repassado aos produtores um kit de feira livre contendo 10 barracas, 50 caixas pl\u00e1sticas e 20 jalecos. A [&hellip;]<\/p>\n","protected":false},"author":1,"featured_media":105683,"comment_status":"open","ping_status":"closed","sticky":false,"template":"","format":"standard","meta":{"amp_status":"","footnotes":""},"categories":[1236],"tags":[133263,133262,25775,133264,133261,133265,41691,133266,210,30996,133269,133268,133267],"class_list":["post-105682","post","type-post","status-publish","format-standard","has-post-thumbnail","hentry","category-norte_de_minas","tag-aasnorte","tag-associacao-artesanal-e-social-do-norte-de-minas","tag-emater-mg","tag-feira-livre-da-aasnorte","tag-feira-livre-da-associacao-artesanal-e-social-do-norte-de-minas","tag-feira-livre-em-montes-claros","tag-gerente-regional-da-emater-mg","tag-maria-de-lourdes-vieira","tag-montes-claros","tag-prefeitura-de-montes-claros","tag-produtores-de-montes-claros-recebem-apoio-para-revitalizar-feira-livre","tag-ricardo-froes","tag-vilma-pereira-santos"],"_links":{"self":[{"href":"https:\/\/aconteceunovale.com.br\/portal\/index.php?rest_route=\/wp\/v2\/posts\/105682","targetHints":{"allow":["GET"]}}],"collection":[{"href":"https:\/\/aconteceunovale.com.br\/portal\/index.php?rest_route=\/wp\/v2\/posts"}],"about":[{"href":"https:\/\/aconteceunovale.com.br\/portal\/index.php?rest_route=\/wp\/v2\/types\/post"}],"author":[{"embeddable":true,"href":"https:\/\/aconteceunovale.com.br\/portal\/index.php?rest_route=\/wp\/v2\/users\/1"}],"replies":[{"embeddable":true,"href":"https:\/\/aconteceunovale.com.br\/portal\/index.php?rest_route=%2Fwp%2Fv2%2Fcomments&post=105682"}],"version-history":[{"count":0,"href":"https:\/\/aconteceunovale.com.br\/portal\/index.php?rest_route=\/wp\/v2\/posts\/105682\/revisions"}],"wp:featuredmedia":[{"embeddable":true,"href":"https:\/\/aconteceunovale.com.br\/portal\/index.php?rest_route=\/wp\/v2\/media\/105683"}],"wp:attachment":[{"href":"https:\/\/aconteceunovale.com.br\/portal\/index.php?rest_route=%2Fwp%2Fv2%2Fmedia&parent=105682"}],"wp:term":[{"taxonomy":"category","embeddable":true,"href":"https:\/\/aconteceunovale.com.br\/portal\/index.php?rest_route=%2Fwp%2Fv2%2Fcategories&post=105682"},{"taxonomy":"post_tag","embeddable":true,"href":"https:\/\/aconteceunovale.com.br\/portal\/index.php?rest_route=%2Fwp%2Fv2%2Ftags&post=105682"}],"curies":[{"name":"wp","href":"https:\/\/api.w.org\/{rel}","templated":true}]}}