{"id":105678,"date":"2016-12-29T14:47:30","date_gmt":"2016-12-29T16:47:30","guid":{"rendered":"http:\/\/aconteceunovale.com.br\/portal\/?p=105678"},"modified":"2016-12-29T14:47:41","modified_gmt":"2016-12-29T16:47:41","slug":"garantia-safra-2016-2017-deve-pagar-cerca-de-r-42-milhoes-a-50-mil-familias-mineiras","status":"publish","type":"post","link":"https:\/\/aconteceunovale.com.br\/portal\/?p=105678","title":{"rendered":"Garantia Safra 2016-2017 deve pagar cerca de R$ 42 milh\u00f5es a 50 mil fam\u00edlias mineiras"},"content":{"rendered":"<p>Cento e seis munic\u00edpios do semi\u00e1rido mineiro fizeram a ades\u00e3o ao programa Garantia Safra 2016-2017. Os extratos assinados pelo governador\u00a0Fernando Pimentel\u00a0foram publicados neste m\u00eas no Minas Gerais,\u00a0Di\u00e1rio oficial do Estado. Nesta safra, a expectativa \u00e9 que cerca de 50 mil fam\u00edlias fa\u00e7am a ades\u00e3o ao seguro e os recursos liberados podem alcan\u00e7ar cerca de R$ 42 milh\u00f5es. O Garantia Safra \u00e9 um seguro em forma de benef\u00edcio para quem tem a perda de mais de 50% da sua produ\u00e7\u00e3o por aus\u00eancia de chuvas ou outras intemperes.<\/p>\n<p>\u201c\u00c9 importante ressaltar que este \u00e9 um dos programas com o maior n\u00famero de atendimentos diretos do Governo de Minas Gerais\u201d, destaca o secret\u00e1rio de Estado de\u00a0Desenvolvimento Agr\u00e1rio, Professor Neivaldo.<\/p>\n<p>Segundo a respons\u00e1vel pela coordena\u00e7\u00e3o do Garantia Safra na\u00a0Empresa de Assist\u00eancia T\u00e9cnica e Extens\u00e3o Rural do Estado de Minas Gerais (Emater-MG), Eunice Ferreira Santos, a pr\u00f3xima etapa do programa ser\u00e1 a solicita\u00e7\u00e3o de vistoria t\u00e9cnica, cujo prazo de t\u00e9rmino ser\u00e1 em mar\u00e7o do pr\u00f3ximo ano.<\/p>\n<p>\u201cOs munic\u00edpios que apresentaram perda de safra igual ou superior a 50%, devem solicitar uma vistoria e indicar um t\u00e9cnico vistoriador nas lavouras dos agricultores. Se o munic\u00edpio perder o prazo, consequentemente poder\u00e1 perder a ades\u00e3o ao programa\u201d, explica.<\/p>\n<p>Na safra 2015\/2016, o valor do Garantia-Safra foi de R$ 850 por agricultor, divididos em cinco parcelas de R$ 170. O benef\u00edcio \u00e9 pago com recursos do Fundo Garantia-Safra, composto por contribui\u00e7\u00f5es do agricultor, do munic\u00edpio, do Estado e da Uni\u00e3o. Na safra 2015\/2016, segundo a Emater-MG, a ades\u00e3o chegou a 43.875 agricultores em 106 munic\u00edpios.<\/p>\n<p><strong>Capacita\u00e7\u00e3o<\/strong><\/p>\n<p>Em 2016, os munic\u00edpios de Ara\u00e7ua\u00ed, Montes Claros e Janu\u00e1ria tiveram capacita\u00e7\u00e3o t\u00e9cnica de agentes do programa. O objetivo da a\u00e7\u00e3o \u00e9 dialogar com t\u00e9cnicos de assist\u00eancia t\u00e9cnica e extens\u00e3o rural, servidores p\u00fablicos municipais e representantes dos Conselhos Municipais de Desenvolvimento Rural Sustent\u00e1vel (CMDRS) sobre o funcionamento do Garantia Safra 2016\/2017.<\/p>\n<p>Em Minas Gerais, o Garantia-Safra \u00e9 operacionalizado pela Seda em parceria com a Emater-MG, por meio de v\u00e1rias a\u00e7\u00f5es. Entre elas est\u00e3o o recebimento de inscri\u00e7\u00f5es, a emiss\u00e3o da Declara\u00e7\u00e3o de Aptid\u00e3o ao Pronaf (DAP) e a emiss\u00e3o dos laudos t\u00e9cnicos de verifica\u00e7\u00e3o do plantio e de casos onde h\u00e1 perdas.<\/p>\n<p><strong>VER PRIMEIRO<\/strong><\/p>\n<p><strong>Receba as not\u00edcias do Aconteceu no Vale em primeira m\u00e3o. Clique em curtir no endere\u00e7o <a href=\"https:\/\/www.facebook.com\/aconteceunovale\" target=\"_blank\"><font color=\"red\">www.facebook.com\/aconteceunovale<\/font><\/a> ou no box abaixo:<\/strong><\/p>\n<div class=\"fb-like\" data-href=\"https:\/\/www.facebook.com\/aconteceunovale\" data-width=\"120\" data-layout=\"standard\" data-action=\"like\" data-size=\"small\" data-show-faces=\"true\" data-share=\"true\"><\/div>\n<p><\/br><\/p>\n<p><img decoding=\"async\" src=\"http:\/\/aconteceunovale.com.br\/portal\/wp-content\/uploads\/2016\/12\/garantia_safra.jpg\" alt=\"\" \/><em>Garantia Safra \u00e9 um seguro em forma de benef\u00edcio (Manoel Marques\/Imprensa MG)<\/em><br \/>\n<\/br><\/p>\n<p><em>(Ag\u00eancia Minas)<\/em><\/p>\n","protected":false},"excerpt":{"rendered":"<p>Cento e seis munic\u00edpios do semi\u00e1rido mineiro fizeram a ades\u00e3o ao programa Garantia Safra 2016-2017. Os extratos assinados pelo governador\u00a0Fernando Pimentel\u00a0foram publicados neste m\u00eas no Minas Gerais,\u00a0Di\u00e1rio oficial do Estado. Nesta safra, a expectativa \u00e9 que cerca de 50 mil fam\u00edlias fa\u00e7am a ades\u00e3o ao seguro e os recursos liberados podem alcan\u00e7ar cerca de R$ [&hellip;]<\/p>\n","protected":false},"author":1,"featured_media":105679,"comment_status":"open","ping_status":"closed","sticky":false,"template":"","format":"standard","meta":{"amp_status":"","footnotes":""},"categories":[123],"tags":[186,25775,28452,133259,12826,5294,133257,133260,133258,120209,29798,205,210,93855,57149,51855],"class_list":["post-105678","post","type-post","status-publish","format-standard","has-post-thumbnail","hentry","category-gerais","tag-aracuai","tag-emater-mg","tag-empresa-de-assistencia-tecnica-e-extensao-rural-do-estado-de-minas-gerais","tag-eunice-ferreira-santos","tag-fernando-pimentel","tag-garantia-safra","tag-garantia-safra-2016-2017","tag-garantia-safra-2016-2017-deve-pagar-cerca-de-r-42-milhoes-a-50-mil-familias-mineiras","tag-garantia-safra-2016-2017-em-minas-gerais","tag-garantia-safra-em-minas-gerais","tag-governador-fernando-pimentel","tag-januaria","tag-montes-claros","tag-professor-neivaldo","tag-secretario-de-estado-de-desenvolvimento-agrario","tag-valor-do-garantia-safra"],"_links":{"self":[{"href":"https:\/\/aconteceunovale.com.br\/portal\/index.php?rest_route=\/wp\/v2\/posts\/105678","targetHints":{"allow":["GET"]}}],"collection":[{"href":"https:\/\/aconteceunovale.com.br\/portal\/index.php?rest_route=\/wp\/v2\/posts"}],"about":[{"href":"https:\/\/aconteceunovale.com.br\/portal\/index.php?rest_route=\/wp\/v2\/types\/post"}],"author":[{"embeddable":true,"href":"https:\/\/aconteceunovale.com.br\/portal\/index.php?rest_route=\/wp\/v2\/users\/1"}],"replies":[{"embeddable":true,"href":"https:\/\/aconteceunovale.com.br\/portal\/index.php?rest_route=%2Fwp%2Fv2%2Fcomments&post=105678"}],"version-history":[{"count":0,"href":"https:\/\/aconteceunovale.com.br\/portal\/index.php?rest_route=\/wp\/v2\/posts\/105678\/revisions"}],"wp:featuredmedia":[{"embeddable":true,"href":"https:\/\/aconteceunovale.com.br\/portal\/index.php?rest_route=\/wp\/v2\/media\/105679"}],"wp:attachment":[{"href":"https:\/\/aconteceunovale.com.br\/portal\/index.php?rest_route=%2Fwp%2Fv2%2Fmedia&parent=105678"}],"wp:term":[{"taxonomy":"category","embeddable":true,"href":"https:\/\/aconteceunovale.com.br\/portal\/index.php?rest_route=%2Fwp%2Fv2%2Fcategories&post=105678"},{"taxonomy":"post_tag","embeddable":true,"href":"https:\/\/aconteceunovale.com.br\/portal\/index.php?rest_route=%2Fwp%2Fv2%2Ftags&post=105678"}],"curies":[{"name":"wp","href":"https:\/\/api.w.org\/{rel}","templated":true}]}}