{"id":105675,"date":"2016-12-29T14:38:54","date_gmt":"2016-12-29T16:38:54","guid":{"rendered":"http:\/\/aconteceunovale.com.br\/portal\/?p=105675"},"modified":"2016-12-29T14:38:54","modified_gmt":"2016-12-29T16:38:54","slug":"folias-de-reis-encerra-o-natal-minas-gerais-2016","status":"publish","type":"post","link":"https:\/\/aconteceunovale.com.br\/portal\/?p=105675","title":{"rendered":"Folias de Reis encerra o Natal Minas Gerais 2016"},"content":{"rendered":"<p>Dentro da programa\u00e7\u00e3o do Natal Minas Gerais 2016 do\u00a0Instituto Estadual do Patrim\u00f4nio Hist\u00f3rico e Art\u00edstico de Minas Gerais (Iepha-MG)\u00a0e\u00a0Circuito Liberdade, cerca de\u00a0 200 integrantes de grupos de Folias de Reis se re\u00fanem\u00a0para uma grande festa de celebra\u00e7\u00e3o da cultura popular mineira, com m\u00fasica\u00a0e dan\u00e7a, no dia 6 de janeiro.<\/p>\n<p>A concentra\u00e7\u00e3o, na data em que se comemora o Dia de Reis, ser\u00e1 no Museu Mineiro, a partir das 18h. Em seguida, o cortejo sair\u00e1 em visita aos espa\u00e7os do Circuito Liberdade que participam do Circuito de Pres\u00e9pios e Lapinhas.\u00a0A data marca tamb\u00e9m a reuni\u00e3o do Conselho Estadual de Patrim\u00f4nio de Minas Gerais (Conep), ocasi\u00e3o na qual ir\u00e1 analisar o dossi\u00ea de registro das Folias de Minas e deliberar sobre o seu reconhecimento como Patrim\u00f4nio Imaterial do Estado.<\/p>\n<p>O Iepha-MG\u00a0 apresentar\u00e1 ao Conep os resultados de um ano de pesquisas, que revelaram mais de 50 tipos de devo\u00e7\u00e3o e uma grande diversidade de folias em Minas Gerias. Toda a documenta\u00e7\u00e3o est\u00e1 sendo finalizada e ir\u00e1 para a avalia\u00e7\u00e3o dos membros do conselho, formado por 20 integrantes da sociedade civil e de institui\u00e7\u00f5es p\u00fablicas.<\/p>\n<p>A realiza\u00e7\u00e3o do Circuito de Pres\u00e9pios e Lapinhas neste Natal se constitui como uma a\u00e7\u00e3o de salvaguarda das Folias de Minas. Para fortalecer a iniciativa, al\u00e9m dos espa\u00e7os culturais do Circuito Liberdade, cerca de 250 pres\u00e9pios \u2013 residenciais e comunit\u00e1rios \u2013 foram montados para visita\u00e7\u00e3o em cerca de 150 cidades mineiras.<\/p>\n<p><strong>Tr\u00eas s\u00e9culos de Folias de Minas<\/strong><\/p>\n<p>As folias possuem mais de tr\u00eas s\u00e9culos de pr\u00e1tica e forte representatividade na religiosidade e cultura mineira. Em geral, s\u00e3o organizadas por um grupo de devotos, saindo na chamada jornada\u00a0ou giro, que passa pelas casas da comunidade, cantando e festejando para o santo de devo\u00e7\u00e3o do grupo.<\/p>\n<p>Estas manifesta\u00e7\u00f5es culturais acontecem em todo o territ\u00f3rio mineiro e se revelam de diferentes formas e com v\u00e1rias nomea\u00e7\u00f5es. Chamadas tamb\u00e9m de terno, charola\u00a0e companhia, os grupos se organizam para homenagear diversos santos, e n\u00e3o apenas os Reis Magos, como acontece nas Folias de Reis.<\/p>\n<p>O processo de reconhecer uma manifesta\u00e7\u00e3o t\u00e3o significativa em um patrim\u00f4nio imaterial \u00e9 de extrema import\u00e2ncia. Quando um bem \u00e9 reconhecido, al\u00e9m de ganhar visibilidade, tornando-se mais conhecido, faz om que o\u00a0poder p\u00fablico torne-se respons\u00e1vel pelo estabelecimento de medidas de salvaguarda, capazes de incentivar a perpetua\u00e7\u00e3o da manifesta\u00e7\u00e3o cultural.<\/p>\n<p>A expectativa \u00e9 que, depois do reconhecimento, o di\u00e1logo com os grupos seja ampliado, criando um canal de comunica\u00e7\u00e3o para trocas de ideias permanentes.<\/p>\n<p>O fundador da Folia de Santos Reis da Par\u00f3quia S\u00e3o Jo\u00e3o Evangelista de Belo Horizonte, Jo\u00e3o Ferreira Lopes &#8211; mais conhecido como Jo\u00e3o da Folia &#8211; fala com orgulho sobre a import\u00e2ncia dessa tradi\u00e7\u00e3o. \u201cQuando eu fundei o grupo, h\u00e1 25 anos, n\u00f3s n\u00e3o t\u00ednhamos nada, nem roupas nem instrumentos. Mas crescemos e hoje fazemos um trabalho mais rico. A nossa folia \u00e9 daquela bem tradicional e, enquanto eu estiver vivo, vamos continuar realizando o cortejo\u201d, diz ele, que aos 66 anos mant\u00e9m toda a disposi\u00e7\u00e3o para a folia.<\/p>\n<p>Jo\u00e3o da Folia destaca ainda a import\u00e2ncia da reuni\u00e3o de diversos grupos, como a que vai acontecer na Pra\u00e7a da Liberdade no dia 6 de janeiro. \u201c\u00c9 legal j\u00e1 que cada folia tem suas diferen\u00e7as, \u00e9 bom, porque assim, o povo pode conhecer mais essa cultura\u201d, diz.<\/p>\n<p><strong>VER PRIMEIRO<\/strong><\/p>\n<p><strong>Receba as not\u00edcias do Aconteceu no Vale em primeira m\u00e3o. Clique em curtir no endere\u00e7o <a href=\"https:\/\/www.facebook.com\/aconteceunovale\" target=\"_blank\"><font color=\"red\">www.facebook.com\/aconteceunovale<\/font><\/a> ou no box abaixo:<\/strong><\/p>\n<div class=\"fb-like\" data-href=\"https:\/\/www.facebook.com\/aconteceunovale\" data-width=\"120\" data-layout=\"standard\" data-action=\"like\" data-size=\"small\" data-show-faces=\"true\" data-share=\"true\"><\/div>\n<p><\/br><\/p>\n<p><img decoding=\"async\" src=\"http:\/\/aconteceunovale.com.br\/portal\/wp-content\/uploads\/2016\/12\/folia_de_reis_contagem.jpg\" alt=\"\" \/><em>O cortejo sair\u00e1 em visita aos espa\u00e7os do Circuito Liberdade (Iepha-MG\/Divulga\u00e7\u00e3o)<\/em><br \/>\n<\/br><\/p>\n<p><em>(Ag\u00eancia Minas)<\/em><\/p>\n","protected":false},"excerpt":{"rendered":"<p>Dentro da programa\u00e7\u00e3o do Natal Minas Gerais 2016 do\u00a0Instituto Estadual do Patrim\u00f4nio Hist\u00f3rico e Art\u00edstico de Minas Gerais (Iepha-MG)\u00a0e\u00a0Circuito Liberdade, cerca de\u00a0 200 integrantes de grupos de Folias de Reis se re\u00fanem\u00a0para uma grande festa de celebra\u00e7\u00e3o da cultura popular mineira, com m\u00fasica\u00a0e dan\u00e7a, no dia 6 de janeiro. A concentra\u00e7\u00e3o, na data em que [&hellip;]<\/p>\n","protected":false},"author":1,"featured_media":105676,"comment_status":"open","ping_status":"closed","sticky":false,"template":"","format":"standard","meta":{"amp_status":"","footnotes":""},"categories":[125,123],"tags":[133248,70127,133251,64705,133249,133254,133252,133246,133247,133256,76057,133255,133250,133244,133245,133243,133253],"class_list":["post-105675","post","type-post","status-publish","format-standard","has-post-thumbnail","hentry","category-noticias","category-gerais","tag-celebracao-da-cultura-popular-mineira","tag-circuito-liberdade","tag-conselho-estadual-de-patrimonio-de-minas-gerais","tag-cultura-popular-mineira","tag-dia-de-reis","tag-folia-de-santos-reis-da-paroquia-sao-joao-evangelista-de-belo-horizonte","tag-folias-de-minas","tag-folias-de-reis","tag-folias-de-reis-em-minas-gerais","tag-folias-de-reis-encerra-o-natal-minas-gerais-2016","tag-iepha-mg","tag-joao-ferreira-lopes","tag-museu-mineiro","tag-natal-minas-gerais-2016","tag-natal-minas-gerais-2016-do-iepha","tag-natal-minas-gerais-2016-do-instituto-estadual-do-patrimonio-historico-e-artistico-de-minas-gerais","tag-tres-seculos-de-folias-de-minas"],"_links":{"self":[{"href":"https:\/\/aconteceunovale.com.br\/portal\/index.php?rest_route=\/wp\/v2\/posts\/105675","targetHints":{"allow":["GET"]}}],"collection":[{"href":"https:\/\/aconteceunovale.com.br\/portal\/index.php?rest_route=\/wp\/v2\/posts"}],"about":[{"href":"https:\/\/aconteceunovale.com.br\/portal\/index.php?rest_route=\/wp\/v2\/types\/post"}],"author":[{"embeddable":true,"href":"https:\/\/aconteceunovale.com.br\/portal\/index.php?rest_route=\/wp\/v2\/users\/1"}],"replies":[{"embeddable":true,"href":"https:\/\/aconteceunovale.com.br\/portal\/index.php?rest_route=%2Fwp%2Fv2%2Fcomments&post=105675"}],"version-history":[{"count":0,"href":"https:\/\/aconteceunovale.com.br\/portal\/index.php?rest_route=\/wp\/v2\/posts\/105675\/revisions"}],"wp:featuredmedia":[{"embeddable":true,"href":"https:\/\/aconteceunovale.com.br\/portal\/index.php?rest_route=\/wp\/v2\/media\/105676"}],"wp:attachment":[{"href":"https:\/\/aconteceunovale.com.br\/portal\/index.php?rest_route=%2Fwp%2Fv2%2Fmedia&parent=105675"}],"wp:term":[{"taxonomy":"category","embeddable":true,"href":"https:\/\/aconteceunovale.com.br\/portal\/index.php?rest_route=%2Fwp%2Fv2%2Fcategories&post=105675"},{"taxonomy":"post_tag","embeddable":true,"href":"https:\/\/aconteceunovale.com.br\/portal\/index.php?rest_route=%2Fwp%2Fv2%2Ftags&post=105675"}],"curies":[{"name":"wp","href":"https:\/\/api.w.org\/{rel}","templated":true}]}}