{"id":105611,"date":"2016-12-28T17:15:31","date_gmt":"2016-12-28T19:15:31","guid":{"rendered":"http:\/\/aconteceunovale.com.br\/portal\/?p=105611"},"modified":"2016-12-28T17:18:05","modified_gmt":"2016-12-28T19:18:05","slug":"municipios-do-alto-jequitinhonha-recebem-maquinas-de-pavimentacao-asfaltica","status":"publish","type":"post","link":"https:\/\/aconteceunovale.com.br\/portal\/?p=105611","title":{"rendered":"Munic\u00edpios do Alto Jequitinhonha recebem m\u00e1quinas de pavimenta\u00e7\u00e3o asf\u00e1ltica"},"content":{"rendered":"<p>O Governo de Minas Gerais entregou nesta quarta-feira (28\/12\/2016) em Diamantina, no Territ\u00f3rio de Desenvolvimento Alto Jequitinhonha, m\u00e1quinas de pavimenta\u00e7\u00e3o asf\u00e1ltica para o Cons\u00f3rcio Intermunicipal de Infraestrutura dos Munic\u00edpios da Amaje (CIIAmaje), beneficiando 16 munic\u00edpios do Territ\u00f3rio. A a\u00e7\u00e3o \u00e9 desdobramento de uma das principais demandas dos F\u00f3runs Regionais de Governo na regi\u00e3o.<\/p>\n<p>O secret\u00e1rio de Estado de Governo, Odair Cunha, representou o governador Fernando Pimentel na cerim\u00f4nia e destacou o papel do Estado na iniciativa de estimular a forma\u00e7\u00e3o de cons\u00f3rcios entre munic\u00edpios. \u201cO que queremos fazer a partir do cons\u00f3rcio do Alto Jequitinhonha \u00e9 incentivar a experi\u00eancia da gest\u00e3o integrada com o governo do Estado. Isso significa maior qualidade de vida para a popula\u00e7\u00e3o, significa fazer mais com menos. J\u00e1 existem as experi\u00eancias das associa\u00e7\u00f5es de munic\u00edpios, mas de maneira pulverizada. Com o cons\u00f3rcio, que \u00e9 uma organiza\u00e7\u00e3o de direito p\u00fablico, teremos uma maior organiza\u00e7\u00e3o e melhor viabilidade para estabelecer uma rela\u00e7\u00e3o republicana e democr\u00e1tica com os munic\u00edpios\u201d, explicou.<\/p>\n<p>O evento realizado em Diamantina comp\u00f5e o programa \u201cMais Munic\u00edpios\u201d e a compra do maquin\u00e1rio foi feita a partir de recursos financeiros previstos em conv\u00eanio celebrado entre a MGI, a Secretaria de Estado de Governo (Segov) e o CIIAmaje, com investimentos da ordem de R$ 2,05 milh\u00f5es. O objetivo do programa \u00e9 a aquisi\u00e7\u00e3o de equipamentos e ve\u00edculos para compor a patrulha motomecanizada do cons\u00f3rcio, para uso na execu\u00e7\u00e3o de obras de pavimenta\u00e7\u00e3o asf\u00e1ltica, contemplando a popula\u00e7\u00e3o dos munic\u00edpios consorciados.<\/p>\n<p>O \u201cMais Munic\u00edpios\u201d tem como objetivo desenvolver a mobilidade urbana e rural a partir da forma\u00e7\u00e3o de redes efetivas de munic\u00edpios em parcerias para reduzir custos, maximizar recursos e dividir gastos de opera\u00e7\u00e3o e manuten\u00e7\u00e3o.<\/p>\n<p>De acordo com Cunha, a execu\u00e7\u00e3o de obras de pavimenta\u00e7\u00e3o asf\u00e1ltica por meio de cons\u00f3rcios vai gerar uma economia significativa de recursos se comparada ao atual modelo, no qual os munic\u00edpios realizam isoladamente suas licita\u00e7\u00f5es, em fun\u00e7\u00e3o da utiliza\u00e7\u00e3o compartilhada de equipamentos. \u201cSignifica mais investimentos e mais melhorias, aplicando-se melhor os recursos p\u00fablicos\u201d, explicou Odair Cunha.<\/p>\n<p>O presidente do CIIAmaje e prefeito do munic\u00edpio de Carbonita, Marcos Joseraldo Lemos, agradeceu a entrega dos equipamentos e a confian\u00e7a do governo em estimular a cria\u00e7\u00e3o do cons\u00f3rcio entre os 16 munic\u00edpios da regi\u00e3o. \u201cFica aqui o agradecimento ao governador Fernando Pimentel, que acreditou na nossa regi\u00e3o para ser o projeto-piloto do programa Mais Munic\u00edpios. Por meio desse cons\u00f3rcio, muita coisa j\u00e1 aconteceu, principalmente o resgate do esp\u00edrito de ativismo, participa\u00e7\u00e3o e di\u00e1logo entre os munic\u00edpios\u201d, afirmou, lembrando que \u201cpela primeira vez em mais de 20 anos a Amaje recebe um volume grande de equipamentos novos e modernos, j\u00e1 ficando em definitivo no patrim\u00f4nio da nossa associa\u00e7\u00e3o. Isso mostra que, mesmo com dificuldades, as coisas t\u00eam acontecido no nosso estado\u201d.<\/p>\n<p><img decoding=\"async\" src=\"http:\/\/aconteceunovale.com.br\/portal\/wp-content\/uploads\/2016\/12\/maquinas_asfalto_amaje_1.jpg\" alt=\"\" \/><em>Equipamentos foram entregues em Diamantina (Foto: Wellington Pedro\/Imprensa MG)<\/em><br \/>\n<\/br><\/p>\n<p><strong>Prioridades<\/strong><\/p>\n<p>O secret\u00e1rio Odair Cunha destacou ainda que o governo mineiro vem trabalhando para melhorar a situa\u00e7\u00e3o econ\u00f4mica do estado, que passa por viabilizar a repactua\u00e7\u00e3o da d\u00edvida dos Estados com a Uni\u00e3o. \u201cO governador Fernando Pimentel est\u00e1 reunido com nossa equipe da Fazenda estadual e em di\u00e1logo permanente com os governadores de estados que passam por dificuldades financeiras para garantir que haja uma solu\u00e7\u00e3o para esta quest\u00e3o\u201d, afirmou.<\/p>\n<p>O secret\u00e1rio destacou ainda que, diante do quadro de dificuldades financeiras, o governo tem priorizado as a\u00e7\u00f5es mais importantes. \u201cQuando se decreta calamidade financeira, como aconteceu em Minas Gerais, n\u00e3o significa que o governo esteja parado. Pelo contr\u00e1rio. Significa trabalho, dedica\u00e7\u00e3o e prioriza\u00e7\u00e3o. Priorizar a\u00e7\u00f5es na sa\u00fade, na parceria com os munic\u00edpios, na educa\u00e7\u00e3o. \u00c9 bom lembrar que Minas Gerais garantiu aumento real para os professores e para as professoras do nosso estado em 8%. Fomos o \u00fanico estado da federa\u00e7\u00e3o que garantiu ganho real para esses profissionais t\u00e3o fundamentais e importantes para Minas Gerais e sua gente. Tenho certeza que os prefeitos que ter\u00e3o o mandato renovado e os que v\u00e3o assumir a partir de 1\u00ba de janeiro de 2017 ter\u00e3o, da parte do governador Fernando Pimentel, toda a dedica\u00e7\u00e3o para fazer mais e melhor com os recursos p\u00fablicos, aplicando bem cada centavo. Tenho certeza que de, do cons\u00f3rcio do Alto do Jequitinhonha, teremos um grande exemplo para toda Minas Gerais e todo o Brasil\u201d, encerrou.<\/p>\n<p><strong>Novos equipamentos<\/strong><\/p>\n<p>O cons\u00f3rcio formado pelos 16 munic\u00edpios do Alto Jequitinhonha, recebeu 11 equipamentos na ocasi\u00e3o: um caminh\u00e3o pipa, um caminh\u00e3o basculante com capacidade de 6 metros c\u00fabicos, um caminh\u00e3o basculante com capacidade de 12 metros c\u00fabicos, uma grade aradora, um trator agr\u00edcola tra\u00e7ado 4&#215;4, um rolo compactador vibrat\u00f3rio, um distribuidor de agregados, um caminh\u00e3o com tanque espargidor de 6.000 litros, uma extrusora, uma betoneira de 600 litros com motor diesel, um ve\u00edculo motor 1.0 e um ve\u00edculo tipo picape com cabine dupla 4&#215;4 e motor diesel.<\/p>\n<p>As cidades beneficiadas s\u00e3o Alvorada de Minas, Angel\u00e2ndia, Aricanduva, Capelinha, Carbonita, Couto de Magalh\u00e3es de Minas, Datas, Fel\u00edcio dos Santos, Itamarandiba, Leme do Prado, Minas Novas, Presidente Kubitschek, S\u00e3o Gon\u00e7alo do Rio Preto, Senador Modestino Gon\u00e7alves, Serro e Turmalina.<\/p>\n<p><strong>VER PRIMEIRO<\/strong><\/p>\n<p><strong>Receba as not\u00edcias do Aconteceu no Vale em primeira m\u00e3o. Clique em curtir no endere\u00e7o <a href=\"https:\/\/www.facebook.com\/aconteceunovale\" target=\"_blank\"><font color=\"red\">www.facebook.com\/aconteceunovale<\/font><\/a> ou no box abaixo:<\/strong><\/p>\n<div class=\"fb-like\" data-href=\"https:\/\/www.facebook.com\/aconteceunovale\" data-width=\"120\" data-layout=\"standard\" data-action=\"like\" data-size=\"small\" data-show-faces=\"true\" data-share=\"true\"><\/div>\n<p><\/br><\/p>\n<p><img decoding=\"async\" src=\"http:\/\/aconteceunovale.com.br\/portal\/wp-content\/uploads\/2016\/12\/maquinas_asfalto_amaje_2.jpg\" alt=\"\" \/><em>Equipamentos foram entregues em Diamantina (Foto: Wellington Pedro\/Imprensa MG)<\/em><br \/>\n<\/br><\/p>\n<p><img decoding=\"async\" src=\"http:\/\/aconteceunovale.com.br\/portal\/wp-content\/uploads\/2016\/12\/maquinas_asfalto_amaje_3.jpg\" alt=\"\" \/><em>Equipamentos foram entregues em Diamantina (Foto: Wellington Pedro\/Imprensa MG)<\/em><br \/>\n<\/br><\/p>\n<p><img decoding=\"async\" src=\"http:\/\/aconteceunovale.com.br\/portal\/wp-content\/uploads\/2016\/12\/maquinas_asfalto_amaje_4.jpg\" alt=\"\" \/><em>Equipamentos foram entregues em Diamantina (Foto: Veronica Manevy\/Imprensa MG)<\/em><br \/>\n<\/br><\/p>\n<p><img decoding=\"async\" src=\"http:\/\/aconteceunovale.com.br\/portal\/wp-content\/uploads\/2016\/12\/maquinas_asfalto_amaje_5.jpg\" alt=\"\" \/><em>Equipamentos foram entregues em Diamantina (Foto: Veronica Manevy\/Imprensa MG)<\/em><br \/>\n<\/br><\/p>\n<p><img decoding=\"async\" src=\"http:\/\/aconteceunovale.com.br\/portal\/wp-content\/uploads\/2016\/12\/maquinas_asfalto_amaje_6.jpg\" alt=\"\" \/><em>Equipamentos foram entregues em Diamantina (Foto: Veronica Manevy\/Imprensa MG)<\/em><br \/>\n<\/br><\/p>\n<p><em>(Ag\u00eancia Minas)<\/em><\/p>\n","protected":false},"excerpt":{"rendered":"<p>O Governo de Minas Gerais entregou nesta quarta-feira (28\/12\/2016) em Diamantina, no Territ\u00f3rio de Desenvolvimento Alto Jequitinhonha, m\u00e1quinas de pavimenta\u00e7\u00e3o asf\u00e1ltica para o Cons\u00f3rcio Intermunicipal de Infraestrutura dos Munic\u00edpios da Amaje (CIIAmaje), beneficiando 16 munic\u00edpios do Territ\u00f3rio. A a\u00e7\u00e3o \u00e9 desdobramento de uma das principais demandas dos F\u00f3runs Regionais de Governo na regi\u00e3o. O secret\u00e1rio [&hellip;]<\/p>\n","protected":false},"author":1,"featured_media":105612,"comment_status":"open","ping_status":"closed","sticky":false,"template":"","format":"standard","meta":{"amp_status":"","footnotes":""},"categories":[120],"tags":[972,467,657,551,132,557,132827,4115,3279,1018,198,133139,133140,879,51191,149,480,133142,133144,133141,133143,23697,137,133147,17354,133145,6762,93970,783,133146,439,154,178],"class_list":["post-105611","post","type-post","status-publish","format-standard","has-post-thumbnail","hentry","category-jequi","tag-alvorada-de-minas","tag-amaje","tag-angelandia","tag-aricanduva","tag-capelinha","tag-carbonita","tag-ciiamaje","tag-couto-de-magalhaes-de-minas","tag-datas","tag-destaque","tag-diamantina","tag-entrega-de-maquinas-em-diamantina","tag-entrega-de-maquinas-para-o-vale-do-jequitinhonha","tag-felicio-dos-santos","tag-governo-de-minas-gerais","tag-itamarandiba","tag-leme-do-prado","tag-maquinas-de-pavimentacao-asfaltica","tag-maquinas-de-pavimentacao-asfaltica-para-a-amaje","tag-maquinas-de-pavimentacao-asfaltica-para-o-consorcio-intermunicipal-de-infraestrutura-dos-municipios-da-amaje","tag-maquinas-de-pavimentacao-asfaltica-para-o-jequitinhonha","tag-marcos-joseraldo-lemos","tag-minas-novas","tag-municipios-do-alto-jequitinhonha-recebem-maquinas-de-pavimentacao-asfaltica","tag-odair-cunha","tag-presidente-do-ciiamaje-e-prefeito-do-municipio-de-carbonita","tag-presidente-kubitscheck","tag-programa-mais-municipios","tag-sao-goncalo-do-rio-preto","tag-secretario-odair-cunha","tag-senador-modestino-goncalves","tag-serro","tag-turmalina"],"_links":{"self":[{"href":"https:\/\/aconteceunovale.com.br\/portal\/index.php?rest_route=\/wp\/v2\/posts\/105611","targetHints":{"allow":["GET"]}}],"collection":[{"href":"https:\/\/aconteceunovale.com.br\/portal\/index.php?rest_route=\/wp\/v2\/posts"}],"about":[{"href":"https:\/\/aconteceunovale.com.br\/portal\/index.php?rest_route=\/wp\/v2\/types\/post"}],"author":[{"embeddable":true,"href":"https:\/\/aconteceunovale.com.br\/portal\/index.php?rest_route=\/wp\/v2\/users\/1"}],"replies":[{"embeddable":true,"href":"https:\/\/aconteceunovale.com.br\/portal\/index.php?rest_route=%2Fwp%2Fv2%2Fcomments&post=105611"}],"version-history":[{"count":0,"href":"https:\/\/aconteceunovale.com.br\/portal\/index.php?rest_route=\/wp\/v2\/posts\/105611\/revisions"}],"wp:featuredmedia":[{"embeddable":true,"href":"https:\/\/aconteceunovale.com.br\/portal\/index.php?rest_route=\/wp\/v2\/media\/105612"}],"wp:attachment":[{"href":"https:\/\/aconteceunovale.com.br\/portal\/index.php?rest_route=%2Fwp%2Fv2%2Fmedia&parent=105611"}],"wp:term":[{"taxonomy":"category","embeddable":true,"href":"https:\/\/aconteceunovale.com.br\/portal\/index.php?rest_route=%2Fwp%2Fv2%2Fcategories&post=105611"},{"taxonomy":"post_tag","embeddable":true,"href":"https:\/\/aconteceunovale.com.br\/portal\/index.php?rest_route=%2Fwp%2Fv2%2Ftags&post=105611"}],"curies":[{"name":"wp","href":"https:\/\/api.w.org\/{rel}","templated":true}]}}