{"id":105560,"date":"2016-12-28T12:14:35","date_gmt":"2016-12-28T14:14:35","guid":{"rendered":"http:\/\/aconteceunovale.com.br\/portal\/?p=105560"},"modified":"2016-12-28T12:14:35","modified_gmt":"2016-12-28T14:14:35","slug":"unimontes-assina-ordens-de-servico-para-retomar-obras-em-seis-municipios","status":"publish","type":"post","link":"https:\/\/aconteceunovale.com.br\/portal\/?p=105560","title":{"rendered":"Unimontes assina ordens de servi\u00e7o para retomar obras em seis munic\u00edpios"},"content":{"rendered":"<p>As ordens de servi\u00e7o para a retomada das obras em seis escolas do programa Brasil Profissionalizado foram assinadas nesta ter\u00e7a-feira (27\/12\/2016). As obras foram divididas em tr\u00eas lotes: Joa\u00edma e Taiobeiras, Gr\u00e3o Mogol e Jana\u00faba, Monte Azul e Espinosa. O ato aconteceu na Universidade Estadual de Montes Claros (Unimontes), respons\u00e1vel pela execu\u00e7\u00e3o do projeto que dever\u00e1 se estender at\u00e9 2018.<\/p>\n<p>A sequ\u00eancia do cumprimento do organograma de obras foi poss\u00edvel mediante a contrapartida no valor de R$ 34 milh\u00f5es do Governo de Minas Gerais a partir do or\u00e7amento da Secretaria de Estado de Educa\u00e7\u00e3o. Deste montante, segundo a Unimontes, R$ 17 milh\u00f5es j\u00e1 foram aplicados nas obras e outros R$ 12 milh\u00f5es foram suplementados ao or\u00e7amento para libera\u00e7\u00e3o em 2017. As negocia\u00e7\u00f5es envolveram a Secretaria de Estado de Desenvolvimento Econ\u00f4mico, Ci\u00eancia, Tecnologia e Ensino Superior (Sedectes).<\/p>\n<p>Iniciado em 2010 e or\u00e7ado em R$ 96 milh\u00f5es, o Programa Brasil Profissionalizado \u00e9 financiado com recursos do Fundo Nacional do Desenvolvimento da Educa\u00e7\u00e3o (FNDE), com a contrapartida do governo estadual. Os munic\u00edpios s\u00e3o respons\u00e1veis pela doa\u00e7\u00e3o e terraplenagem do terreno para a obra e estrutura\u00e7\u00e3o da rede de esgoto, energia el\u00e9trica e acesso.<\/p>\n<p>As obras destas seis unidades ficaram temporariamente paralisadas, uma vez que a empresa vencedora da licita\u00e7\u00e3o abandonou as constru\u00e7\u00f5es na fase inicial, em 2013. Diante do tempo de paralisa\u00e7\u00e3o, algumas destas escolas tiveram os canteiros de obras depredados.<\/p>\n<p>No total, o programa contempla 13 munic\u00edpios mineiros e as outras sete unidades (Lagoa Santa, Ibirit\u00e9, Pomp\u00e9u, Una\u00ed, Manga, Bocaiuva e Bras\u00edlia de Minas) est\u00e3o na fase final de constru\u00e7\u00e3o dos pr\u00e9dios.<\/p>\n<p><strong>Projeto transformador<\/strong><\/p>\n<p>Para o reitor da Unimontes, professor Jo\u00e3o dos Reis Canela, este \u00e9 um momento de grande significado. &#8220;Este ato de assinatura garante a sustenta\u00e7\u00e3o de um projeto transformador para estes munic\u00edpios&#8221;, destaca. &#8220;Ao reconhecer o empenho do Governo de Minas Gerais e todos os seus pares na retomada das obras, salientamos, ainda, a participa\u00e7\u00e3o important\u00edssima da bancada do Norte de Minas na Assembleia Legislativa, que sempre se mostrou sol\u00edcita e empenhada nas causas apresentadas pela universidade\u201d, acrescenta o reitor.<\/p>\n<p>Por sua vez, o prefeito eleito de Joa\u00edma, Dauro Barreto Filho, acredita que a cidade de 15 mil habitantes se tornar\u00e1 um polo regional no Vale do Jequitinhonha na forma\u00e7\u00e3o de m\u00e3o de obra qualificada. \u201cAguardamos por dois anos para a retomada das obras e acreditamos na transforma\u00e7\u00e3o de nossa cidade a partir do funcionamento da escola&#8221;, salienta o prefeito.<\/p>\n<p>A ideia \u00e9 compartilhada por Milton Barbosa Lima, que assumir\u00e1 a prefeitura de Espinosa em 1\u00ba de janeiro. A obra em sua cidade est\u00e1 apenas na funda\u00e7\u00e3o, mas ele acredita que a retomada do projeto, a partir da assinatura da ordem de servi\u00e7o, ser\u00e1 definitiva para a conclus\u00e3o da escola. \u201cAcreditamos que, em um ano e meio, haver\u00e1 condi\u00e7\u00f5es de entregar o pr\u00e9dio \u00e0 comunidade\u201d, diz, ao destacar que a ideia \u00e9 levar para a cidade de 32 mil habitantes a oferta dos cursos agrot\u00e9cnicos e t\u00e9cnico em t\u00eaxtil.<\/p>\n<p><strong>Futuro dos jovens<\/strong><\/p>\n<p>O vice-reitor da Unimontes, professor Antonio Alvimar Souza, considera o programa Brasil Profissionalizado determinante para a fixa\u00e7\u00e3o dos jovens em suas cidades de origem. \u201cAtualmente, muitos adolescentes saem de suas casas por falta de oportunidade no acesso ao ensino profissionalizante ou superior. E quando alcan\u00e7am os estudos e se tornam profissionais, seguem outros caminhos e n\u00e3o retornam \u00e0s cidades de origem. Trata-se de um grande desafio\u201d, enfatiza.<\/p>\n<p>Para o deputado estadual Paulo Guedes, as escolas s\u00e3o fundamentais para o desenvolvimento da regi\u00e3o. &#8220;Devemos enaltecer a soma de esfor\u00e7os, desde a equipe t\u00e9cnica da Unimontes, das secretarias de Educa\u00e7\u00e3o, Desenvolvimento Econ\u00f4mico e de Ensino Superior, como parte do Governo do Estado, para a complementa\u00e7\u00e3o dos recursos. Os desafios s\u00e3o maiores ainda e precisaremos da mesma soma de esfor\u00e7os para o funcionamento das estruturas dos pr\u00e9dios\u201d, pontua o deputado.<\/p>\n<p><strong>VER PRIMEIRO<\/strong><\/p>\n<p><strong>Receba as not\u00edcias do Aconteceu no Vale em primeira m\u00e3o. Acesse <a href=\"https:\/\/www.facebook.com\/aconteceunovale\" target=\"_blank\"><font color=\"red\">www.facebook.com\/aconteceunovale<\/font><\/a> e clique em curtir.<\/strong><\/center><\/p>\n<p><img decoding=\"async\" src=\"http:\/\/aconteceunovale.com.br\/portal\/wp-content\/uploads\/2016\/12\/assinatura_unimontes.jpg\" alt=\"\" \/><em>Foram assinadas as ordens de servi\u00e7o para a retomada das obras em seis escolas do programa Brasil Profissionalizado (Foto: Divulga\u00e7\u00e3o \/ Unimontes \/ Reprodu\u00e7\u00e3o Ag\u00eancia Minas)<\/em><br \/>\n<\/br><\/p>\n<p><em>(Ag\u00eancia Minas)<\/em><\/p>\n","protected":false},"excerpt":{"rendered":"<p>As ordens de servi\u00e7o para a retomada das obras em seis escolas do programa Brasil Profissionalizado foram assinadas nesta ter\u00e7a-feira (27\/12\/2016). As obras foram divididas em tr\u00eas lotes: Joa\u00edma e Taiobeiras, Gr\u00e3o Mogol e Jana\u00faba, Monte Azul e Espinosa. O ato aconteceu na Universidade Estadual de Montes Claros (Unimontes), respons\u00e1vel pela execu\u00e7\u00e3o do projeto que [&hellip;]<\/p>\n","protected":false},"author":1,"featured_media":105562,"comment_status":"open","ping_status":"closed","sticky":false,"template":"","format":"standard","meta":{"amp_status":"","footnotes":""},"categories":[40238,1236,120],"tags":[645,195,133056,1278,1153,1494,204,611,10160,1356,1277,25032,89291,419,222,763,133055,133051,133052,133053,133054,133050,133049,18174],"class_list":["post-105560","post","type-post","status-publish","format-standard","has-post-thumbnail","hentry","category-educacao-2","category-norte_de_minas","category-jequi","tag-bocaiuva","tag-brasilia-de-minas","tag-escolas-do-programa-brasil-profissionalizado","tag-espinosa","tag-grao-mogol","tag-ibirite","tag-janauba","tag-joaima","tag-lagoa-santa","tag-manga","tag-monte-azul","tag-pompeu","tag-programa-brasil-profissionalizado","tag-taiobeiras","tag-unai","tag-unimontes","tag-unimontes-assina-ordens-de-servico-para-retomar-obras-em-escola-de-espinosa","tag-unimontes-assina-ordens-de-servico-para-retomar-obras-em-escola-de-grao-mogol","tag-unimontes-assina-ordens-de-servico-para-retomar-obras-em-escola-de-janauba","tag-unimontes-assina-ordens-de-servico-para-retomar-obras-em-escola-de-joaima","tag-unimontes-assina-ordens-de-servico-para-retomar-obras-em-escola-de-monte-azul","tag-unimontes-assina-ordens-de-servico-para-retomar-obras-em-escola-de-taiobeiras","tag-unimontes-assina-ordens-de-servico-para-retomar-obras-em-seis-municipios","tag-universidade-estadual-de-montes-claros"],"_links":{"self":[{"href":"https:\/\/aconteceunovale.com.br\/portal\/index.php?rest_route=\/wp\/v2\/posts\/105560","targetHints":{"allow":["GET"]}}],"collection":[{"href":"https:\/\/aconteceunovale.com.br\/portal\/index.php?rest_route=\/wp\/v2\/posts"}],"about":[{"href":"https:\/\/aconteceunovale.com.br\/portal\/index.php?rest_route=\/wp\/v2\/types\/post"}],"author":[{"embeddable":true,"href":"https:\/\/aconteceunovale.com.br\/portal\/index.php?rest_route=\/wp\/v2\/users\/1"}],"replies":[{"embeddable":true,"href":"https:\/\/aconteceunovale.com.br\/portal\/index.php?rest_route=%2Fwp%2Fv2%2Fcomments&post=105560"}],"version-history":[{"count":0,"href":"https:\/\/aconteceunovale.com.br\/portal\/index.php?rest_route=\/wp\/v2\/posts\/105560\/revisions"}],"wp:featuredmedia":[{"embeddable":true,"href":"https:\/\/aconteceunovale.com.br\/portal\/index.php?rest_route=\/wp\/v2\/media\/105562"}],"wp:attachment":[{"href":"https:\/\/aconteceunovale.com.br\/portal\/index.php?rest_route=%2Fwp%2Fv2%2Fmedia&parent=105560"}],"wp:term":[{"taxonomy":"category","embeddable":true,"href":"https:\/\/aconteceunovale.com.br\/portal\/index.php?rest_route=%2Fwp%2Fv2%2Fcategories&post=105560"},{"taxonomy":"post_tag","embeddable":true,"href":"https:\/\/aconteceunovale.com.br\/portal\/index.php?rest_route=%2Fwp%2Fv2%2Ftags&post=105560"}],"curies":[{"name":"wp","href":"https:\/\/api.w.org\/{rel}","templated":true}]}}