{"id":105479,"date":"2016-12-28T00:55:44","date_gmt":"2016-12-28T02:55:44","guid":{"rendered":"http:\/\/aconteceunovale.com.br\/portal\/?p=105479"},"modified":"2016-12-28T11:03:52","modified_gmt":"2016-12-28T13:03:52","slug":"idoso-que-viajava-de-bh-para-valadares-em-veiculo-de-transporte-clandestino-morre-em-acidente-na-br-381","status":"publish","type":"post","link":"https:\/\/aconteceunovale.com.br\/portal\/?p=105479","title":{"rendered":"Idoso que viajava de BH para Valadares em ve\u00edculo de transporte clandestino morre em acidente na BR-381"},"content":{"rendered":"<p>Um idoso morreu e outras quatro pessoas ficaram feridas em um acidente na BR-381, em Nova Era, regi\u00e3o Central de Minas, na tarde desta ter\u00e7a-feira (27\/12\/2016). Conforme a Pol\u00edcia Rodovi\u00e1ria Federal (PRF), Jos\u00e9 Louren\u00e7o C\u00e2ndido da Rocha, de 81 anos, era um dos passageiros do Renault Logan prata, com placa de Belo Horizonte, que fazia transporte clandestino.<\/p>\n<p>Ao sair de uma curva no quil\u00f4metro 321, o motorista foi surpreendido \u00e0 frente por um caminh\u00e3o carregado de cimento, que trafegava em baixa velocidade. Com o impacto, o idoso, que viajava no banco do carona, teve morte instant\u00e2nea. A neta dela, de 2 anos, e a nora, que viajam no banco de tr\u00e1s, sofreram ferimentos leves e foram levadas para o Hospital Margarida, em Jo\u00e3o Monlevade, na mesma regi\u00e3o.<\/p>\n<p>O motorista, de 43 anos, tamb\u00e9m se feriu sem gravidade. Ainda de acordo com a PRF, ele teria cobrado R$ 300 pelo transporte de Belo Horizonte para o distrito de Vila Nova Floresta (Paca), em Governador Valadares, na regi\u00e3o Rio Doce. Esse foi o segundo fretamento que ele fez para essa mesma fam\u00edlia.<\/p>\n<p>O suspeito foi encaminhado para a Delegacia de Pol\u00edcia Civil de Jo\u00e3o Monlevade. <\/p>\n<p><img decoding=\"async\" src=\"http:\/\/aconteceunovale.com.br\/portal\/wp-content\/uploads\/2016\/12\/acidente_clandestino_1.jpg\" alt=\"\" \/><em>Acidente aconteceu no KM 321, na tarde desta ter\u00e7a-feira (Foto: Divulga\u00e7\u00e3o\/PRF)<\/em><br \/>\n<\/br><\/p>\n<p><img decoding=\"async\" src=\"http:\/\/aconteceunovale.com.br\/portal\/wp-content\/uploads\/2016\/12\/acidente_clandestino_2.jpg\" alt=\"\" \/><em>Acidente aconteceu no KM 321, na tarde desta ter\u00e7a-feira (Foto: Divulga\u00e7\u00e3o\/PRF)<\/em><br \/>\n<\/br><\/p>\n<p><center><\/p>\n<h4>VER PRIMEIRO<\/h4>\n<p><strong>Receba as not\u00edcias do Aconteceu no Vale em primeira m\u00e3o. Acesse <a href=\"https:\/\/www.facebook.com\/aconteceunovale\" target=\"_blank\"><font color=\"red\">www.facebook.com\/aconteceunovale<\/font><\/a> e clique em curtir.<\/strong><\/center><\/p>\n<p><em>(Fonte: O Tempo \/ Gustavo Lameira)<\/em><\/p>\n","protected":false},"excerpt":{"rendered":"<p>Um idoso morreu e outras quatro pessoas ficaram feridas em um acidente na BR-381, em Nova Era, regi\u00e3o Central de Minas, na tarde desta ter\u00e7a-feira (27\/12\/2016). Conforme a Pol\u00edcia Rodovi\u00e1ria Federal (PRF), Jos\u00e9 Louren\u00e7o C\u00e2ndido da Rocha, de 81 anos, era um dos passageiros do Renault Logan prata, com placa de Belo Horizonte, que fazia [&hellip;]<\/p>\n","protected":false},"author":1,"featured_media":105480,"comment_status":"open","ping_status":"closed","sticky":false,"template":"","format":"standard","meta":{"amp_status":"","footnotes":""},"categories":[123],"tags":[133014,133016,20919,194,247,133013,1102,133015,1103],"class_list":["post-105479","post","type-post","status-publish","format-standard","has-post-thumbnail","hentry","category-gerais","tag-acidente-com-familia-que-seguia-para-governador-valadares","tag-acidente-com-familia-que-viajava-de-belo-horizonte-para-governador-valadares","tag-acidente-em-nova-era","tag-belo-horizonte","tag-governador-valadares","tag-idoso-que-viajava-de-bh-para-valadares-em-veiculo-de-transporte-clandestino-morre-em-acidente-na-br-381","tag-joao-monlevade","tag-jose-lourenco-candido-da-rocha","tag-nova-era"],"_links":{"self":[{"href":"https:\/\/aconteceunovale.com.br\/portal\/index.php?rest_route=\/wp\/v2\/posts\/105479","targetHints":{"allow":["GET"]}}],"collection":[{"href":"https:\/\/aconteceunovale.com.br\/portal\/index.php?rest_route=\/wp\/v2\/posts"}],"about":[{"href":"https:\/\/aconteceunovale.com.br\/portal\/index.php?rest_route=\/wp\/v2\/types\/post"}],"author":[{"embeddable":true,"href":"https:\/\/aconteceunovale.com.br\/portal\/index.php?rest_route=\/wp\/v2\/users\/1"}],"replies":[{"embeddable":true,"href":"https:\/\/aconteceunovale.com.br\/portal\/index.php?rest_route=%2Fwp%2Fv2%2Fcomments&post=105479"}],"version-history":[{"count":0,"href":"https:\/\/aconteceunovale.com.br\/portal\/index.php?rest_route=\/wp\/v2\/posts\/105479\/revisions"}],"wp:featuredmedia":[{"embeddable":true,"href":"https:\/\/aconteceunovale.com.br\/portal\/index.php?rest_route=\/wp\/v2\/media\/105480"}],"wp:attachment":[{"href":"https:\/\/aconteceunovale.com.br\/portal\/index.php?rest_route=%2Fwp%2Fv2%2Fmedia&parent=105479"}],"wp:term":[{"taxonomy":"category","embeddable":true,"href":"https:\/\/aconteceunovale.com.br\/portal\/index.php?rest_route=%2Fwp%2Fv2%2Fcategories&post=105479"},{"taxonomy":"post_tag","embeddable":true,"href":"https:\/\/aconteceunovale.com.br\/portal\/index.php?rest_route=%2Fwp%2Fv2%2Ftags&post=105479"}],"curies":[{"name":"wp","href":"https:\/\/api.w.org\/{rel}","templated":true}]}}