{"id":105464,"date":"2016-12-28T00:05:39","date_gmt":"2016-12-28T02:05:39","guid":{"rendered":"http:\/\/aconteceunovale.com.br\/portal\/?p=105464"},"modified":"2016-12-28T11:04:43","modified_gmt":"2016-12-28T13:04:43","slug":"motociclista-tem-cabeca-e-membros-arrancados-em-acidente-no-norte-de-minas","status":"publish","type":"post","link":"https:\/\/aconteceunovale.com.br\/portal\/?p=105464","title":{"rendered":"Motociclista tem cabe\u00e7a e membros arrancados em acidente no Norte de Minas"},"content":{"rendered":"<p>Um acidente entre um carro e uma motocicleta deixou um homem morto na manh\u00e3 desta ter\u00e7a-feira (27\/12\/2016), na altura do quil\u00f4metro 15 da MG-401, entre Matias Cardoso e Ja\u00edba, na regi\u00e3o Norte de Minas Gerais. Segundo a Pol\u00edcia Rodovi\u00e1ria Estadual (PRE), o carro seguia sentido Ja\u00edba e bateu de frente com a motocicleta Honda Bros, placa HNV-8727.<\/p>\n<p>Com o impacto da batida, os dois ve\u00edculos pegaram fogo e foram consumidos pelas chamas. O motociclista, de 38 anos, morreu na hora. Ele teve todos os membros e cabe\u00e7a amputados. O motorista do carro, de 22 anos, foi socorrido em estado de choque e n\u00e3o conseguiu explicar detalhes do acidente \u00e0 pol\u00edcia. Inicialmente ele foi levado ao hospital de Matias Cardoso, mas precisou ser transferido ao hospital de Ja\u00edba.<\/p>\n<p>Ainda de acordo com PRE, o local onde o acidente ocorreu \u00e9 um trecho de pista plana e de boas condi\u00e7\u00f5es de tr\u00e1fego, mas a princ\u00edpio n\u00e3o foi poss\u00edvel identificar o que motivou o acidente. A per\u00edcia esteve no local e liberou o corpo para o servi\u00e7o funer\u00e1rio. A pista ficou parcialmente interditada, mas foi totalmente liberada ainda pela manh\u00e3.<\/p>\n<p><img decoding=\"async\" src=\"http:\/\/aconteceunovale.com.br\/portal\/wp-content\/uploads\/2016\/12\/jaiba_acidente_1.jpg\" alt=\"\" \/><em>Ve\u00edculos foram consumidos pelas chamas ap\u00f3s a batida (Foto: PM\/Divulga\u00e7\u00e3o)<\/em><br \/>\n<\/br><\/p>\n<p><center><\/p>\n<h4>VER PRIMEIRO<\/h4>\n<p><strong>Receba as not\u00edcias do Aconteceu no Vale em primeira m\u00e3o. Acesse <a href=\"https:\/\/www.facebook.com\/aconteceunovale\" target=\"_blank\"><font color=\"red\">www.facebook.com\/aconteceunovale<\/font><\/a> e clique em curtir.<\/strong><\/center><\/p>\n<p><img decoding=\"async\" src=\"http:\/\/aconteceunovale.com.br\/portal\/wp-content\/uploads\/2016\/12\/jaiba_acidente_2.jpg\" alt=\"\" \/><em>Ve\u00edculos foram consumidos pelas chamas ap\u00f3s a batida (Foto: PM\/Divulga\u00e7\u00e3o)<\/em><br \/>\n<\/br><\/p>\n<p><img decoding=\"async\" src=\"http:\/\/aconteceunovale.com.br\/portal\/wp-content\/uploads\/2016\/12\/jaiba_acidente_3.jpg\" alt=\"\" \/><em>Ve\u00edculos foram consumidos pelas chamas ap\u00f3s a batida (Foto: PM\/Divulga\u00e7\u00e3o)<\/em><br \/>\n<\/br><\/p>\n<p><em>(Com informa\u00e7\u00f5es do G1 Grande Minas)<\/em><\/p>\n","protected":false},"excerpt":{"rendered":"<p>Um acidente entre um carro e uma motocicleta deixou um homem morto na manh\u00e3 desta ter\u00e7a-feira (27\/12\/2016), na altura do quil\u00f4metro 15 da MG-401, entre Matias Cardoso e Ja\u00edba, na regi\u00e3o Norte de Minas Gerais. Segundo a Pol\u00edcia Rodovi\u00e1ria Estadual (PRE), o carro seguia sentido Ja\u00edba e bateu de frente com a motocicleta Honda Bros, [&hellip;]<\/p>\n","protected":false},"author":1,"featured_media":105466,"comment_status":"open","ping_status":"closed","sticky":false,"template":"","format":"standard","meta":{"amp_status":"","footnotes":""},"categories":[1236],"tags":[133000,133001,132998,133002,132999,127961,1058,1708,114664,132997,132996],"class_list":["post-105464","post","type-post","status-publish","format-standard","has-post-thumbnail","hentry","category-norte_de_minas","tag-acidente-com-moto-de-jaiba","tag-acidente-com-motociclista-de-jaiba","tag-acidente-entre-jaiba-e-matias-cardoso","tag-acidente-entre-mg-401","tag-acidente-jaiba","tag-acidente-matias-cardoso","tag-jaiba","tag-matias-cardoso","tag-mg-401","tag-motociclista-tem-cabeca-e-membros-arrancados-em-acidente-entre-jaiba-e-matias-cardoso","tag-motociclista-tem-cabeca-e-membros-arrancados-em-acidente-no-norte-de-minas"],"_links":{"self":[{"href":"https:\/\/aconteceunovale.com.br\/portal\/index.php?rest_route=\/wp\/v2\/posts\/105464","targetHints":{"allow":["GET"]}}],"collection":[{"href":"https:\/\/aconteceunovale.com.br\/portal\/index.php?rest_route=\/wp\/v2\/posts"}],"about":[{"href":"https:\/\/aconteceunovale.com.br\/portal\/index.php?rest_route=\/wp\/v2\/types\/post"}],"author":[{"embeddable":true,"href":"https:\/\/aconteceunovale.com.br\/portal\/index.php?rest_route=\/wp\/v2\/users\/1"}],"replies":[{"embeddable":true,"href":"https:\/\/aconteceunovale.com.br\/portal\/index.php?rest_route=%2Fwp%2Fv2%2Fcomments&post=105464"}],"version-history":[{"count":0,"href":"https:\/\/aconteceunovale.com.br\/portal\/index.php?rest_route=\/wp\/v2\/posts\/105464\/revisions"}],"wp:featuredmedia":[{"embeddable":true,"href":"https:\/\/aconteceunovale.com.br\/portal\/index.php?rest_route=\/wp\/v2\/media\/105466"}],"wp:attachment":[{"href":"https:\/\/aconteceunovale.com.br\/portal\/index.php?rest_route=%2Fwp%2Fv2%2Fmedia&parent=105464"}],"wp:term":[{"taxonomy":"category","embeddable":true,"href":"https:\/\/aconteceunovale.com.br\/portal\/index.php?rest_route=%2Fwp%2Fv2%2Fcategories&post=105464"},{"taxonomy":"post_tag","embeddable":true,"href":"https:\/\/aconteceunovale.com.br\/portal\/index.php?rest_route=%2Fwp%2Fv2%2Ftags&post=105464"}],"curies":[{"name":"wp","href":"https:\/\/api.w.org\/{rel}","templated":true}]}}