{"id":105458,"date":"2016-12-27T23:56:09","date_gmt":"2016-12-28T01:56:09","guid":{"rendered":"http:\/\/aconteceunovale.com.br\/portal\/?p=105458"},"modified":"2016-12-28T11:04:49","modified_gmt":"2016-12-28T13:04:49","slug":"apos-acidente-condutor-inabilitado-coloca-fogo-em-carro-em-montes-claros","status":"publish","type":"post","link":"https:\/\/aconteceunovale.com.br\/portal\/?p=105458","title":{"rendered":"Ap\u00f3s acidente, condutor inabilitado coloca fogo em carro em Montes Claros"},"content":{"rendered":"<p>Um rapaz foi preso na tarde desta ter\u00e7a-feira (27\/12\/2016) ap\u00f3s se envolver em um acidente em Montes Claros, no Norte de Minas. O capotamento foi Bairro Distrito Industrial e, segundo o Corpo de Bombeiros, testemunhas relataram que dois jovens, que estavam no ve\u00edculo, provocaram um inc\u00eandio ap\u00f3s a ocorr\u00eancia. Ningu\u00e9m ficou ferido.<\/p>\n<p>Ainda segundo os bombeiros, os dois ocupantes do carro foram localizados momentos depois pela Pol\u00edcia Militar. A PM afirmou que o condutor foi preso por n\u00e3o possuir CNH e por provocar danos em via p\u00fablica. Com o rapaz foi apreendido ainda um fac\u00e3o. Ele foi levado para a Delegacia de Plant\u00e3o.<\/p>\n<p><img decoding=\"async\" src=\"http:\/\/aconteceunovale.com.br\/portal\/wp-content\/uploads\/2016\/12\/moc_incendiocarro_1.jpg\" alt=\"\" \/><\/p>\n<p><center><\/p>\n<h4>VER PRIMEIRO<\/h4>\n<p><strong>Receba as not\u00edcias do Aconteceu no Vale em primeira m\u00e3o. Acesse <a href=\"https:\/\/www.facebook.com\/aconteceunovale\" target=\"_blank\"><font color=\"red\">www.facebook.com\/aconteceunovale<\/font><\/a> e clique em curtir.<\/strong><\/center><\/p>\n<p><img decoding=\"async\" src=\"http:\/\/aconteceunovale.com.br\/portal\/wp-content\/uploads\/2016\/12\/moc_incendiocarro_2.jpg\" alt=\"\" \/><\/p>\n<p><img decoding=\"async\" src=\"http:\/\/aconteceunovale.com.br\/portal\/wp-content\/uploads\/2016\/12\/moc_incendiocarro_3.jpg\" alt=\"\" \/><\/p>\n<p><img decoding=\"async\" src=\"http:\/\/aconteceunovale.com.br\/portal\/wp-content\/uploads\/2016\/12\/moc_incendiocarro_4.jpg\" alt=\"\" \/><\/p>\n<p><em>(Informa\u00e7\u00f5es: G1 Grande Minas \/ Fotos: Reprodu\u00e7\u00e3o Moc Alerta)<\/em><\/p>\n","protected":false},"excerpt":{"rendered":"<p>Um rapaz foi preso na tarde desta ter\u00e7a-feira (27\/12\/2016) ap\u00f3s se envolver em um acidente em Montes Claros, no Norte de Minas. O capotamento foi Bairro Distrito Industrial e, segundo o Corpo de Bombeiros, testemunhas relataram que dois jovens, que estavam no ve\u00edculo, provocaram um inc\u00eandio ap\u00f3s a ocorr\u00eancia. Ningu\u00e9m ficou ferido. Ainda segundo os [&hellip;]<\/p>\n","protected":false},"author":1,"featured_media":105459,"comment_status":"open","ping_status":"closed","sticky":false,"template":"","format":"standard","meta":{"amp_status":"","footnotes":""},"categories":[1236],"tags":[16673,132993,67073,132995,132994,210],"class_list":["post-105458","post","type-post","status-publish","format-standard","has-post-thumbnail","hentry","category-norte_de_minas","tag-acidente-em-montes-claros","tag-apos-acidente","tag-capotamento-em-montes-claros","tag-coloca-fogo-em-carro-em-montes-claros","tag-condutor-inabilitado-coloca-fogo-em-carro-em-montes-claros","tag-montes-claros"],"_links":{"self":[{"href":"https:\/\/aconteceunovale.com.br\/portal\/index.php?rest_route=\/wp\/v2\/posts\/105458","targetHints":{"allow":["GET"]}}],"collection":[{"href":"https:\/\/aconteceunovale.com.br\/portal\/index.php?rest_route=\/wp\/v2\/posts"}],"about":[{"href":"https:\/\/aconteceunovale.com.br\/portal\/index.php?rest_route=\/wp\/v2\/types\/post"}],"author":[{"embeddable":true,"href":"https:\/\/aconteceunovale.com.br\/portal\/index.php?rest_route=\/wp\/v2\/users\/1"}],"replies":[{"embeddable":true,"href":"https:\/\/aconteceunovale.com.br\/portal\/index.php?rest_route=%2Fwp%2Fv2%2Fcomments&post=105458"}],"version-history":[{"count":0,"href":"https:\/\/aconteceunovale.com.br\/portal\/index.php?rest_route=\/wp\/v2\/posts\/105458\/revisions"}],"wp:featuredmedia":[{"embeddable":true,"href":"https:\/\/aconteceunovale.com.br\/portal\/index.php?rest_route=\/wp\/v2\/media\/105459"}],"wp:attachment":[{"href":"https:\/\/aconteceunovale.com.br\/portal\/index.php?rest_route=%2Fwp%2Fv2%2Fmedia&parent=105458"}],"wp:term":[{"taxonomy":"category","embeddable":true,"href":"https:\/\/aconteceunovale.com.br\/portal\/index.php?rest_route=%2Fwp%2Fv2%2Fcategories&post=105458"},{"taxonomy":"post_tag","embeddable":true,"href":"https:\/\/aconteceunovale.com.br\/portal\/index.php?rest_route=%2Fwp%2Fv2%2Ftags&post=105458"}],"curies":[{"name":"wp","href":"https:\/\/api.w.org\/{rel}","templated":true}]}}