{"id":105455,"date":"2016-12-27T23:44:51","date_gmt":"2016-12-28T01:44:51","guid":{"rendered":"http:\/\/aconteceunovale.com.br\/portal\/?p=105455"},"modified":"2016-12-28T11:05:07","modified_gmt":"2016-12-28T13:05:07","slug":"america-de-teofilo-otoni-apresenta-quatro-novos-reforcos-para-a-disputa-do-campeonato-mineiro","status":"publish","type":"post","link":"https:\/\/aconteceunovale.com.br\/portal\/?p=105455","title":{"rendered":"Am\u00e9rica de Te\u00f3filo Otoni apresenta quatro novos refor\u00e7os para a disputa do Campeonato Mineiro"},"content":{"rendered":"<p>O Am\u00e9rica de Te\u00f3filo Otoni apresentou oficialmente \u00e0 imprensa, nesta ter\u00e7a-feira, 27 de dezembro de 2016, os quatro novos contratados para a disputa da primeira divis\u00e3o do Campeonato Mineiro de 2017. Dois meias-atacantes, um zagueiro e um atacante far\u00e3o o refor\u00e7o do elenco para a disputa da competi\u00e7\u00e3o estadual.<\/p>\n<p>De acordo com o clube, o zagueiro Emerson Souza da Silva, de 28 anos, e o meia-atacante Deyvison Fernandes, de 25 anos, foram contratados a pedido do t\u00e9cnico Marcelo Buarque. Emerson \u00e9 da capital do estado do Rio de Janeiro e atuava no Americano (RJ). J\u00e1 o meia-atacante Deyvison, vem de S\u00e3o Luiz (MA); o atleta, que \u00e9 canhoto, jogava pelo Gr\u00eamio An\u00e1polis, em Goi\u00e1s. <\/p>\n<p>Os outros dois atletas que chegam ao elenco do Drag\u00e3o s\u00e3o Rodrigo Gomes Santos, de 23 anos, e Vinicius Souza Costa, de 18. Rodrigo \u00e9 atacante e vem de Padre Para\u00edso (MG). Vinicius \u00e9 meia-atacante e \u00e9 natural de Te\u00f3filo Otoni; os dois atletas foram aprovados por Marcelo Buarque durante as peneiras do clube, no est\u00e1dio La\u00e9rcio Costa, o Campo do Conc\u00f3rdia. Todos os refor\u00e7os tem contrato at\u00e9 o fim do M\u00f3dulo I de 2017.<\/p>\n<p>Emerson, Deyvison, Vinicius e Rodrigo j\u00e1 treinam em Te\u00f3filo Otoni com o restante do elenco. O Am\u00e9rica-TO informou que os atletas ter\u00e3o recesso para a virada do ano, a partir da sexta-feira, 30, e voltam a se apresentar no dia 3 de janeiro.<\/p>\n<p>O Am\u00e9rica estreia no Campeonato Mineiro 2017 contra o Atl\u00e9tico Mineiro, no dia 29 de janeiro, fora de casa, no Est\u00e1dio Independ\u00eancia. <\/p>\n<p><img decoding=\"async\" src=\"http:\/\/aconteceunovale.com.br\/portal\/wp-content\/uploads\/2016\/12\/atletas_dragao.jpeg\" alt=\"\" \/><em>Drag\u00e3o apresenta quatro novos refor\u00e7os (Foto: Am\u00e9rica-TO\/Divulga\u00e7\u00e3o)<\/em><br \/>\n<\/br><\/p>\n<p><center><\/p>\n<h4>VER PRIMEIRO<\/h4>\n<p><strong>Receba as not\u00edcias do Aconteceu no Vale em primeira m\u00e3o. Acesse <a href=\"https:\/\/www.facebook.com\/aconteceunovale\" target=\"_blank\"><font color=\"red\">www.facebook.com\/aconteceunovale<\/font><\/a> e clique em curtir.<\/strong><\/center><\/p>\n<p><em>(Fonte: Globo Esporte \/ S\u00e1vio Scarabelli)<\/em><\/p>\n","protected":false},"excerpt":{"rendered":"<p>O Am\u00e9rica de Te\u00f3filo Otoni apresentou oficialmente \u00e0 imprensa, nesta ter\u00e7a-feira, 27 de dezembro de 2016, os quatro novos contratados para a disputa da primeira divis\u00e3o do Campeonato Mineiro de 2017. Dois meias-atacantes, um zagueiro e um atacante far\u00e3o o refor\u00e7o do elenco para a disputa da competi\u00e7\u00e3o estadual. De acordo com o clube, o [&hellip;]<\/p>\n","protected":false},"author":1,"featured_media":105456,"comment_status":"open","ping_status":"closed","sticky":false,"template":"","format":"standard","meta":{"amp_status":"","footnotes":""},"categories":[59,122],"tags":[2064,132992,2065,4404,130282,1018,132990,132105,132989,132991,132103,132986,132988,572,132985,132987,132101,164,132102],"class_list":["post-105455","post","type-post","status-publish","format-standard","has-post-thumbnail","hentry","category-sports","category-mucuri","tag-america-de-teofilo-otoni","tag-america-de-teofilo-otoni-apresenta-quatro-novos-reforcos-para-a-disputa-do-campeonato-mineiro","tag-america-to","tag-campeonato-mineiro","tag-campeonato-mineiro-2017","tag-destaque","tag-deyvison","tag-deyvison-fernandes","tag-emerson-souza-da-silva","tag-gremio-anapolis","tag-marcelo-buarque","tag-novos-atletas-do-america-de-teofilo-otoni","tag-novos-atletas-do-america-to","tag-padre-paraiso","tag-reforcos-america-de-teofilo-otoni","tag-reforcos-america-to","tag-rodrigo-gomes-santos","tag-teofilo-otoni","tag-vinicius-souza-costa"],"_links":{"self":[{"href":"https:\/\/aconteceunovale.com.br\/portal\/index.php?rest_route=\/wp\/v2\/posts\/105455","targetHints":{"allow":["GET"]}}],"collection":[{"href":"https:\/\/aconteceunovale.com.br\/portal\/index.php?rest_route=\/wp\/v2\/posts"}],"about":[{"href":"https:\/\/aconteceunovale.com.br\/portal\/index.php?rest_route=\/wp\/v2\/types\/post"}],"author":[{"embeddable":true,"href":"https:\/\/aconteceunovale.com.br\/portal\/index.php?rest_route=\/wp\/v2\/users\/1"}],"replies":[{"embeddable":true,"href":"https:\/\/aconteceunovale.com.br\/portal\/index.php?rest_route=%2Fwp%2Fv2%2Fcomments&post=105455"}],"version-history":[{"count":0,"href":"https:\/\/aconteceunovale.com.br\/portal\/index.php?rest_route=\/wp\/v2\/posts\/105455\/revisions"}],"wp:featuredmedia":[{"embeddable":true,"href":"https:\/\/aconteceunovale.com.br\/portal\/index.php?rest_route=\/wp\/v2\/media\/105456"}],"wp:attachment":[{"href":"https:\/\/aconteceunovale.com.br\/portal\/index.php?rest_route=%2Fwp%2Fv2%2Fmedia&parent=105455"}],"wp:term":[{"taxonomy":"category","embeddable":true,"href":"https:\/\/aconteceunovale.com.br\/portal\/index.php?rest_route=%2Fwp%2Fv2%2Fcategories&post=105455"},{"taxonomy":"post_tag","embeddable":true,"href":"https:\/\/aconteceunovale.com.br\/portal\/index.php?rest_route=%2Fwp%2Fv2%2Ftags&post=105455"}],"curies":[{"name":"wp","href":"https:\/\/api.w.org\/{rel}","templated":true}]}}