{"id":105438,"date":"2016-12-27T22:39:09","date_gmt":"2016-12-28T00:39:09","guid":{"rendered":"http:\/\/aconteceunovale.com.br\/portal\/?p=105438"},"modified":"2016-12-28T11:05:48","modified_gmt":"2016-12-28T13:05:48","slug":"tres-pessoas-morrem-em-dois-acidentes-na-br-262-na-zona-da-mata-mineira","status":"publish","type":"post","link":"https:\/\/aconteceunovale.com.br\/portal\/?p=105438","title":{"rendered":"Tr\u00eas pessoas morrem em dois acidentes na BR-262, na Zona da Mata Mineira"},"content":{"rendered":"<p>O motorista Waldemar Muratori, de 84 anos, de Matip\u00f3, morreu em um grave acidente entre dois caminh\u00f5es e uma picape no km 87 da BR-262, em Abre Campo, na tarde de ontem (26 de dezembro de 2016). A colis\u00e3o envolveu uma Strada e um caminh\u00e3o. Na sequ\u00eancia da primeira batida, outro ve\u00edculo de carga foi atingido.<\/p>\n<p>Com o impacto do acidente, o condutor da picape morreu no local. Um ajudante de um dos caminh\u00f5es ficou preso \u00e0s ferragens da cabine e foi socorrido pelo Corpo de Bombeiros.<\/p>\n<p>O Sargento Gilberto, do Corpo de Bombeiros de Manhua\u00e7u, explicou que \u201cfoi preciso cortar a lataria e usar o desencarcerador para retirar a v\u00edtima preso no caminh\u00e3o. Um m\u00e9dico do SAMU que estava de folga e passava pelo local, avaliou a v\u00edtima e auxiliou na libera\u00e7\u00e3o. Em seguida, encaminhamos para o servi\u00e7o de sa\u00fade. Outras pessoas tiveram escoria\u00e7\u00f5es e ferimentos leves\u201d. A Pol\u00edcia Rodovi\u00e1ria Federal registrou a ocorr\u00eancia.<\/p>\n<p><img decoding=\"async\" src=\"http:\/\/aconteceunovale.com.br\/portal\/wp-content\/uploads\/2016\/12\/262_acidentes_1.jpg\" alt=\"\" \/><em>Acidente aconteceu no km 84 da BR-262 (Foto: Reprodu\u00e7\u00e3o\/Portal Capara\u00f3)<\/em><br \/>\n<\/br><\/p>\n<p><img decoding=\"async\" src=\"http:\/\/aconteceunovale.com.br\/portal\/wp-content\/uploads\/2016\/12\/262_acidentes_2.jpg\" alt=\"\" \/><em>Acidente aconteceu no km 84 da BR-262 (Foto: Reprodu\u00e7\u00e3o\/Portal Capara\u00f3)<\/em><br \/>\n<\/br><\/p>\n<p><img decoding=\"async\" src=\"http:\/\/aconteceunovale.com.br\/portal\/wp-content\/uploads\/2016\/12\/262_acidentes_3.jpg\" alt=\"\" \/><em>Acidente aconteceu no km 84 da BR-262 (Foto: Reprodu\u00e7\u00e3o\/Portal Capara\u00f3)<\/em><br \/>\n<\/br><\/p>\n<p><strong>Dois morrem em acidente entre Realeza e Matip\u00f3<\/strong><\/p>\n<p>Dois homens morreram em um grave acidente no in\u00edcio da noite de hoje (27 de dezembro de 2016), na BR-262, pr\u00f3ximo ao trevo de Santa Margarida, entre Realeza e Matip\u00f3. Uma picape F-350, carregada com abacaxis, rodou na pista, bateu de frente em um caminh\u00e3o ba\u00fa 1317, e logo em seguida capotou. <\/p>\n<p>O motorista da caminhonete foi arremessado para fora do ve\u00edculo, indo direto para baixo do eixo traseiro de uma carreta tanque, ele teve morte instant\u00e2nea. J\u00e1 o motorista do caminh\u00e3o ba\u00fa, morreu preso \u00e0s ferragens.<\/p>\n<p>Um terceiro homem que estava na F-350 sofreu ferimentos leves na cabe\u00e7a e bra\u00e7os. Equipes do Corpo de Bombeiros Militar, PRF e Per\u00edcia T\u00e9cnica foram acionadas e atenderam a ocorr\u00eancia.<\/p>\n<p><img decoding=\"async\" src=\"http:\/\/aconteceunovale.com.br\/portal\/wp-content\/uploads\/2016\/12\/262_acidentes_4.jpg\" alt=\"\" \/><em>Duas pessoas morreram no acidente (Foto: Reprodu\u00e7\u00e3o\/WhatsApp)<\/em><br \/>\n<\/br><\/p>\n<p><center><\/p>\n<h4>VER PRIMEIRO<\/h4>\n<p><strong>Receba as not\u00edcias do Aconteceu no Vale em primeira m\u00e3o. Acesse <a href=\"https:\/\/www.facebook.com\/aconteceunovale\" target=\"_blank\"><font color=\"red\">www.facebook.com\/aconteceunovale<\/font><\/a> e clique em curtir.<\/strong><\/center><\/p>\n<p><em>(Com informa\u00e7\u00f5es do Portal Capara\u00f3 e Pol\u00edcia 24h Leste Minas)<\/em><\/p>\n","protected":false},"excerpt":{"rendered":"<p>O motorista Waldemar Muratori, de 84 anos, de Matip\u00f3, morreu em um grave acidente entre dois caminh\u00f5es e uma picape no km 87 da BR-262, em Abre Campo, na tarde de ontem (26 de dezembro de 2016). A colis\u00e3o envolveu uma Strada e um caminh\u00e3o. Na sequ\u00eancia da primeira batida, outro ve\u00edculo de carga foi [&hellip;]<\/p>\n","protected":false},"author":1,"featured_media":105439,"comment_status":"open","ping_status":"closed","sticky":false,"template":"","format":"standard","meta":{"amp_status":"","footnotes":""},"categories":[123],"tags":[62653,132961,132968,132959,132964,132962,132965,132966,132960,49986,132963,132967,3691,4288,1719,132969,132958],"class_list":["post-105438","post","type-post","status-publish","format-standard","has-post-thumbnail","hentry","category-gerais","tag-abre-campo","tag-acidente-caminhao-da-massas-amalia","tag-acidente-com-f-350-carregada-com-abacaxis","tag-acidente-em-abre-campo","tag-acidente-entre-realeza-e-matipo","tag-acidente-massas-amalia","tag-acidente-perto-do-trevo-de-santa-margarida","tag-acidente-santa-margarida","tag-acidentes-na-br-262","tag-br-262","tag-dois-morrem-em-acidente-entre-realeza-e-matipo","tag-f-350-carregada-com-abacaxis","tag-matipo","tag-realeza","tag-santa-margarida","tag-tres-pessoas-morrem-em-dois-acidentes-na-br-262","tag-waldemar-muratori"],"_links":{"self":[{"href":"https:\/\/aconteceunovale.com.br\/portal\/index.php?rest_route=\/wp\/v2\/posts\/105438","targetHints":{"allow":["GET"]}}],"collection":[{"href":"https:\/\/aconteceunovale.com.br\/portal\/index.php?rest_route=\/wp\/v2\/posts"}],"about":[{"href":"https:\/\/aconteceunovale.com.br\/portal\/index.php?rest_route=\/wp\/v2\/types\/post"}],"author":[{"embeddable":true,"href":"https:\/\/aconteceunovale.com.br\/portal\/index.php?rest_route=\/wp\/v2\/users\/1"}],"replies":[{"embeddable":true,"href":"https:\/\/aconteceunovale.com.br\/portal\/index.php?rest_route=%2Fwp%2Fv2%2Fcomments&post=105438"}],"version-history":[{"count":0,"href":"https:\/\/aconteceunovale.com.br\/portal\/index.php?rest_route=\/wp\/v2\/posts\/105438\/revisions"}],"wp:featuredmedia":[{"embeddable":true,"href":"https:\/\/aconteceunovale.com.br\/portal\/index.php?rest_route=\/wp\/v2\/media\/105439"}],"wp:attachment":[{"href":"https:\/\/aconteceunovale.com.br\/portal\/index.php?rest_route=%2Fwp%2Fv2%2Fmedia&parent=105438"}],"wp:term":[{"taxonomy":"category","embeddable":true,"href":"https:\/\/aconteceunovale.com.br\/portal\/index.php?rest_route=%2Fwp%2Fv2%2Fcategories&post=105438"},{"taxonomy":"post_tag","embeddable":true,"href":"https:\/\/aconteceunovale.com.br\/portal\/index.php?rest_route=%2Fwp%2Fv2%2Ftags&post=105438"}],"curies":[{"name":"wp","href":"https:\/\/api.w.org\/{rel}","templated":true}]}}