{"id":105435,"date":"2016-12-27T22:25:14","date_gmt":"2016-12-28T00:25:14","guid":{"rendered":"http:\/\/aconteceunovale.com.br\/portal\/?p=105435"},"modified":"2016-12-28T13:01:22","modified_gmt":"2016-12-28T15:01:22","slug":"aviao-da-azul-sofre-pane-eletrica-apos-decolar-do-aeroporto-de-montes-claros","status":"publish","type":"post","link":"https:\/\/aconteceunovale.com.br\/portal\/?p=105435","title":{"rendered":"Avi\u00e3o da Azul sofre pane el\u00e9trica ap\u00f3s decolar do Aeroporto de Montes Claros"},"content":{"rendered":"<p>Uma aeronave ATR 72-600 da Azul Linhas A\u00e9reas Brasileiras, prefixo PR-TKJ, que decolou do Aeroporto de Montes Claros\/M\u00e1rio Ribeiro (SBMK) na tarde desta ter\u00e7a-feira (27\/12\/2016), com destino a Confins, precisou retornar ap\u00f3s o piloto detectar uma pane el\u00e9trica. <\/p>\n<p>Segundo informa\u00e7\u00f5es, o avi\u00e3o j\u00e1 estava a cerca de dez mil p\u00e9s de altitude, pr\u00f3ximo a Bocaiuva. Diante das circunst\u00e2ncias, o piloto solicitou ao controle de tr\u00e1fego a\u00e9reo em Montes Claros para retornar ao aeroporto de origem. <\/p>\n<p>Ap\u00f3s realizar tr\u00eas \u00f3rbitas pr\u00f3ximas ao Parque Estadual da Lapa Grande, regi\u00e3o Oeste da cidade, a aeronave pousou em seguran\u00e7a.<\/p>\n<p><img decoding=\"async\" src=\"http:\/\/aconteceunovale.com.br\/portal\/wp-content\/uploads\/2016\/12\/aviao_azul.jpg\" alt=\"\" \/><em>Avi\u00e3o seguia para Confins (Foto: George Lucas\/Aeroporto de MOC ao Vivo)<\/em><br \/>\n<\/br><\/p>\n<p><strong>Nota da Azul<\/strong><\/p>\n<p>Em resposta ao Aconteceu no Vale, a Azul informou que o avi\u00e3o teve de retornar devido a uma manuten\u00e7\u00e3o n\u00e3o programada e que os passageiros seguiram para Belo Horizonte via terrestre. <em>\u201cA Azul Linhas A\u00e9reas Brasileiras informa que o voo 5081, que partiu de Montes Claros com destino a Belo Horizonte nesta ter\u00e7a-feira (27\/12), teve de retornar ao aeroporto de origem devido a uma manuten\u00e7\u00e3o n\u00e3o programada na aeronave. O pouso ocorreu normalmente e os clientes receberam toda a assist\u00eancia necess\u00e1ria de acordo com a Resolu\u00e7\u00e3o 141 da Ag\u00eancia Nacional de Avia\u00e7\u00e3o Civil (Anac), seguindo para a capital mineira via terrestre. A Azul lamenta eventuais transtornos ocorridos e ressalta que medidas como essas s\u00e3o necess\u00e1rias para conferir a seguran\u00e7a de suas opera\u00e7\u00f5es.\u201d<\/em><\/p>\n<p><img decoding=\"async\" src=\"http:\/\/aconteceunovale.com.br\/portal\/wp-content\/uploads\/2016\/12\/aviao_moc_1.jpg\" alt=\"\" \/><em>Radar mostra rota do ART 72-600 da Azul (Foto: Reprodu\u00e7\u00e3o\/Flight Radar 24)<\/em><br \/>\n<\/br><\/p>\n<p><strong>VER PRIMEIRO<\/strong><\/p>\n<p><strong>Receba as not\u00edcias do Aconteceu no Vale em primeira m\u00e3o. Clique em curtir no endere\u00e7o <a href=\"https:\/\/www.facebook.com\/aconteceunovale\" target=\"_blank\"><font color=\"red\">www.facebook.com\/aconteceunovale<\/font><\/a> ou no box abaixo:<\/strong><\/p>\n<div class=\"fb-like\" data-href=\"https:\/\/www.facebook.com\/aconteceunovale\" data-width=\"120\" data-layout=\"standard\" data-action=\"like\" data-size=\"small\" data-show-faces=\"true\" data-share=\"true\"><\/div>\n<p><\/br><\/p>\n","protected":false},"excerpt":{"rendered":"<p>Uma aeronave ATR 72-600 da Azul Linhas A\u00e9reas Brasileiras, prefixo PR-TKJ, que decolou do Aeroporto de Montes Claros\/M\u00e1rio Ribeiro (SBMK) na tarde desta ter\u00e7a-feira (27\/12\/2016), com destino a Confins, precisou retornar ap\u00f3s o piloto detectar uma pane el\u00e9trica. Segundo informa\u00e7\u00f5es, o avi\u00e3o j\u00e1 estava a cerca de dez mil p\u00e9s de altitude, pr\u00f3ximo a Bocaiuva. [&hellip;]<\/p>\n","protected":false},"author":1,"featured_media":105436,"comment_status":"open","ping_status":"closed","sticky":false,"template":"","format":"standard","meta":{"amp_status":"","footnotes":""},"categories":[1236],"tags":[25099,31461,132955,132947,38681,22090,1018,132948,132949,132950,132951,132956,132957,132952,132954,132953],"class_list":["post-105435","post","type-post","status-publish","format-standard","has-post-thumbnail","hentry","category-norte_de_minas","tag-aeroporto-de-montes-claros","tag-aeroporto-mario-ribeiro","tag-atr-72","tag-atr-72-600","tag-azul-linhas-aereas-brasileiras","tag-confins","tag-destaque","tag-moc-ao-vivo","tag-noticias-2","tag-noticias-da-aviacao","tag-noticias-de-montes-claros","tag-pane-eletrica-em-atr-72-da-azul","tag-pane-eletrica-em-aviao-da-azul","tag-pane-em-aeronave","tag-pr-tkj","tag-sbmk"],"_links":{"self":[{"href":"https:\/\/aconteceunovale.com.br\/portal\/index.php?rest_route=\/wp\/v2\/posts\/105435","targetHints":{"allow":["GET"]}}],"collection":[{"href":"https:\/\/aconteceunovale.com.br\/portal\/index.php?rest_route=\/wp\/v2\/posts"}],"about":[{"href":"https:\/\/aconteceunovale.com.br\/portal\/index.php?rest_route=\/wp\/v2\/types\/post"}],"author":[{"embeddable":true,"href":"https:\/\/aconteceunovale.com.br\/portal\/index.php?rest_route=\/wp\/v2\/users\/1"}],"replies":[{"embeddable":true,"href":"https:\/\/aconteceunovale.com.br\/portal\/index.php?rest_route=%2Fwp%2Fv2%2Fcomments&post=105435"}],"version-history":[{"count":0,"href":"https:\/\/aconteceunovale.com.br\/portal\/index.php?rest_route=\/wp\/v2\/posts\/105435\/revisions"}],"wp:featuredmedia":[{"embeddable":true,"href":"https:\/\/aconteceunovale.com.br\/portal\/index.php?rest_route=\/wp\/v2\/media\/105436"}],"wp:attachment":[{"href":"https:\/\/aconteceunovale.com.br\/portal\/index.php?rest_route=%2Fwp%2Fv2%2Fmedia&parent=105435"}],"wp:term":[{"taxonomy":"category","embeddable":true,"href":"https:\/\/aconteceunovale.com.br\/portal\/index.php?rest_route=%2Fwp%2Fv2%2Fcategories&post=105435"},{"taxonomy":"post_tag","embeddable":true,"href":"https:\/\/aconteceunovale.com.br\/portal\/index.php?rest_route=%2Fwp%2Fv2%2Ftags&post=105435"}],"curies":[{"name":"wp","href":"https:\/\/api.w.org\/{rel}","templated":true}]}}