{"id":105433,"date":"2016-12-27T22:06:04","date_gmt":"2016-12-28T00:06:04","guid":{"rendered":"http:\/\/aconteceunovale.com.br\/portal\/?p=105433"},"modified":"2016-12-28T11:06:29","modified_gmt":"2016-12-28T13:06:29","slug":"acidentes-deixam-ao-menos-oito-feridos-em-rodovias-do-leste-de-minas-2","status":"publish","type":"post","link":"https:\/\/aconteceunovale.com.br\/portal\/?p=105433","title":{"rendered":"Acidentes deixam ao menos oito feridos em rodovias do Leste de Minas"},"content":{"rendered":"<p>Duas pessoas ficaram feridas em um acidente na BR-116, no per\u00edmetro urbano de Ubaporanga (MG), na noite dessa segunda-feira (26\/12\/2016). Segundo informa\u00e7\u00f5es do Corpo de Bombeiros de Caratinga, o motorista de uma caminhonete D10 seguia pela rodovia, quando um caminh\u00e3o invadiu a contram\u00e3o de dire\u00e7\u00e3o e os ve\u00edculos colidiram frontalmente.<\/p>\n<p>Ap\u00f3s bater no carro, o ve\u00edculo de carga saiu da pista e caiu em uma ribanceira. O motorista do caminh\u00e3o, Eduardo Alvarez Trindade Santos, de 45 anos, e outro ocupante ficaram feridos e foram encaminhados para hospitais da regi\u00e3o. O estado de sa\u00fade deles n\u00e3o foi divulgado. O motorista do carro n\u00e3o teve ferimentos.<\/p>\n<p>O caminh\u00e3o seguia para Governador Valadares transportando produtos farmac\u00eauticos.<\/p>\n<p><img decoding=\"async\" src=\"http:\/\/aconteceunovale.com.br\/portal\/wp-content\/uploads\/2016\/12\/acidente_ubaporanga_1.jpg\" alt=\"\" \/><em>Caminh\u00e3o colidiu contra caminhonete em Ubaporanga (Foto: Reprodu\u00e7\u00e3o\/WhatsApp)<\/em><br \/>\n<\/br><\/p>\n<p><img decoding=\"async\" src=\"http:\/\/aconteceunovale.com.br\/portal\/wp-content\/uploads\/2016\/12\/acidente_ubaporanga_2.jpg\" alt=\"\" \/><em>Caminh\u00e3o colidiu contra caminhonete em Ubaporanga (Foto: Reprodu\u00e7\u00e3o\/WhatsApp)<\/em><br \/>\n<\/br><\/p>\n<h4><strong>Colis\u00e3o entre tr\u00eas ve\u00edculos em Ipatinga<\/strong><\/h4>\n<p>Dois carros e uma moto se envolveram em um acidente na tarde desta ter\u00e7a-feira (27 de dezembro) na BR-458, na sa\u00edda de Ipatinga para Caratinga. Duas pessoas ficaram feridas e foram encaminhadas ao Hospital M\u00e1rcio Cunha. A colis\u00e3o entre os ve\u00edculos causou lentid\u00e3o no local.<\/p>\n<p><img decoding=\"async\" src=\"http:\/\/aconteceunovale.com.br\/portal\/wp-content\/uploads\/2016\/12\/ipatinga_acidente27dez_1.jpg\" alt=\"\" \/><em>Acidente aconteceu na sa\u00edda de Ipatinga para Caratinga (Foto: Reprodu\u00e7\u00e3o\/WhatsApp)<\/em><br \/>\n<\/br><\/p>\n<p><img decoding=\"async\" src=\"http:\/\/aconteceunovale.com.br\/portal\/wp-content\/uploads\/2016\/12\/ipatinga_acidente27dez_2.jpg\" alt=\"\" \/><em>Acidente aconteceu na sa\u00edda de Ipatinga para Caratinga (Foto: Reprodu\u00e7\u00e3o\/WhatsApp)<\/em><br \/>\n<\/br><\/p>\n<p><img decoding=\"async\" src=\"http:\/\/aconteceunovale.com.br\/portal\/wp-content\/uploads\/2016\/12\/ipatinga_acidente27dez_3.jpg\" alt=\"\" \/><em>Acidente aconteceu na sa\u00edda de Ipatinga para Caratinga (Foto: Reprodu\u00e7\u00e3o\/WhatsApp)<\/em><br \/>\n<\/br><\/p>\n<p><img decoding=\"async\" src=\"http:\/\/aconteceunovale.com.br\/portal\/wp-content\/uploads\/2016\/12\/ipatinga_acidente27dez_4.jpg\" alt=\"\" \/><em>Acidente aconteceu na sa\u00edda de Ipatinga para Caratinga (Foto: Reprodu\u00e7\u00e3o\/WhatsApp)<\/em><br \/>\n<\/br><\/p>\n<h4><strong>Atropelamento em Ubaporanga<\/strong><\/h4>\n<p>Um homem sofreu ferimentos na cabe\u00e7a, bra\u00e7o, perna e p\u00e9 ap\u00f3s ser atropelado por uma moto na BR-116, no per\u00edmetro urbano de Ubaporanga. Segundo informa\u00e7\u00f5es, o homem tentava atravessar a rodovia, quando foi atingido por uma Honda Bros 150, conduzida por Rafael Pardim Santiago Modesto. O motociclista sofreu um ferimento leve no bra\u00e7o, mas recusou atendimento m\u00e9dico. O pedestre foi socorrido por uma equipe do Corpo de Bombeiros Comunit\u00e1rio de Ubaporanga e encaminhado ao Pronto Atendimento de Caratinga.<\/p>\n<h4><strong>Capotamento em Ubaporanga<\/strong><\/h4>\n<p>Jos\u00e9 Umbelino Ferreira, de 76 anos, sofreu um corte no cr\u00e2nio e escoria\u00e7\u00f5es no rosto ap\u00f3s o capotamento de um Chevrolet Spin, com placas de Itatiba (SP), na tarde dessa segunda-feira (26) na BR-116, em frente ao Neneco Pneus, em Ubaporanga. A v\u00edtima foi encaminhada ao Pronto Atendimento de Caratinga. Os outros ocupantes do carro n\u00e3o se feriram.<\/p>\n<p><img decoding=\"async\" src=\"http:\/\/aconteceunovale.com.br\/portal\/wp-content\/uploads\/2016\/12\/capotamento_ubaporanga_1.jpg\" alt=\"\" \/><em>Ve\u00edculo capotou no per\u00edmetro urbano de Ubaporanga (Foto: Reprodu\u00e7\u00e3o\/WhatsApp)<\/em><br \/>\n<\/br><\/p>\n<p><img decoding=\"async\" src=\"http:\/\/aconteceunovale.com.br\/portal\/wp-content\/uploads\/2016\/12\/capotamento_ubaporanga_2.jpg\" alt=\"\" \/><em>Ve\u00edculo capotou no per\u00edmetro urbano de Ubaporanga (Foto: Reprodu\u00e7\u00e3o\/WhatsApp)<\/em><br \/>\n<\/br><\/p>\n<h4><strong>Caminh\u00e3o capota em Santa Rita de Minas<\/strong><\/h4>\n<p>Um caminh\u00e3o da Tambasa Atacadista capotou na tarde dessa segunda-feira (26) na BR-116, pr\u00f3ximo a Santa Rita de Minas. O condutor Luiz Carlos Firmino, de 54 anos, relatou que um problema no motor fez com que ele perdesse o controle da dire\u00e7\u00e3o. O ve\u00edculo saiu da pista e capotou em uma ribanceira, ficando preso entre duas \u00e1rvores. O motorista sofreu apenas um ferimento leve no p\u00e9.<\/p>\n<p><img decoding=\"async\" src=\"http:\/\/aconteceunovale.com.br\/portal\/wp-content\/uploads\/2016\/12\/acidente_srm.jpg\" alt=\"\" \/><em>Caminh\u00e3o capotou na BR-116, em Santa Rita de Minas (Foto: Reprodu\u00e7\u00e3o\/WhatsApp)<\/em><br \/>\n<\/br><\/p>\n<h4><strong>Colis\u00e3o entre ve\u00edculos em Ubaporanga<\/strong><\/h4>\n<p>Na noite de segunda-feira (26), um VW\/Gol licenciado em Caratinga colidiu contra a traseira de uma van, com placas de Santa B\u00e1rbara do Leste, na BR-116, em Ubaporanga. O acidente aconteceu pr\u00f3ximo ao local onde ocorreu uma colis\u00e3o frontal entre uma caminhonete e um caminh\u00e3o.<\/p>\n<p>A passageira Angelina da Silva Alves, que estava no banco traseiro do gol, sofreu uma fratura em um dos bra\u00e7os e foi encaminhada ao Pronto Atendimento de Caratinga.<\/p>\n<p><img decoding=\"async\" src=\"http:\/\/aconteceunovale.com.br\/portal\/wp-content\/uploads\/2016\/12\/ubaporanga_acidentefiorino_1.jpg\" alt=\"\" \/><em>Gol colidiu contra traseira de van (Foto: Reprodu\u00e7\u00e3o\/WhatsApp)<\/em><br \/>\n<\/br><\/p>\n<p><img decoding=\"async\" src=\"http:\/\/aconteceunovale.com.br\/portal\/wp-content\/uploads\/2016\/12\/ubaporanga_acidentefiorino_2.jpg\" alt=\"\" \/><em>Gol colidiu contra traseira de van (Foto: Reprodu\u00e7\u00e3o\/WhatsApp)<\/em><br \/>\n<\/br><\/p>\n<p><center><\/p>\n<h4>VER PRIMEIRO<\/h4>\n<p><strong>Receba as not\u00edcias do Aconteceu no Vale em primeira m\u00e3o. Acesse <a href=\"https:\/\/www.facebook.com\/aconteceunovale\" target=\"_blank\"><font color=\"red\">www.facebook.com\/aconteceunovale<\/font><\/a> e clique em curtir.<\/strong><\/center><\/p>\n","protected":false},"excerpt":{"rendered":"<p>Duas pessoas ficaram feridas em um acidente na BR-116, no per\u00edmetro urbano de Ubaporanga (MG), na noite dessa segunda-feira (26\/12\/2016). Segundo informa\u00e7\u00f5es do Corpo de Bombeiros de Caratinga, o motorista de uma caminhonete D10 seguia pela rodovia, quando um caminh\u00e3o invadiu a contram\u00e3o de dire\u00e7\u00e3o e os ve\u00edculos colidiram frontalmente. Ap\u00f3s bater no carro, o [&hellip;]<\/p>\n","protected":false},"author":1,"featured_media":105428,"comment_status":"open","ping_status":"closed","sticky":false,"template":"","format":"standard","meta":{"amp_status":"","footnotes":""},"categories":[121],"tags":[132938,14508,132937,33911,132931,3945,100351,132946,132943,132944,132932,132936,132929,125548,132939,132934,237,132945,132942,132930,247,201,82139,132935,132941,132933,311,313,132940,331],"class_list":["post-105433","post","type-post","status-publish","format-standard","has-post-thumbnail","hentry","category-leste","tag-acidente-com-caminhao-da-tambasa-atacadista","tag-acidente-em-ipatinga","tag-acidente-em-santa-rita-de-minas","tag-acidente-em-ubaporanga","tag-acidente-entre-caminhao-e-picape-em-ubaporanga","tag-acidente-na-br-116","tag-acidente-na-br-458-em-ipatinga","tag-acidentes-deixam-ao-menos-oito-feridos-em-rodovias-do-leste-de-minas","tag-acidentes-ubaporanga","tag-angelina-da-silva-alves","tag-atropelamento-em-ubaporanga","tag-caminhao-capota-em-santa-rita-de-minas","tag-caminhao-colidiu-contra-caminhonete-em-ubaporanga","tag-caminhao-da-tambasa-atacadista","tag-capotamento-de-caminhao-da-tambasa-atacadista","tag-capotamento-em-ubaporanga","tag-caratinga","tag-colisao-entre-tres-veiculos-em-ipatinga","tag-colisao-entre-veiculos-em-ubaporanga","tag-eduardo-alvarez-trindade-santos","tag-governador-valadares","tag-ipatinga","tag-itatiba","tag-jose-umbelino-ferreira","tag-luiz-carlos-firmino","tag-rafael-pardim-santiago-modesto","tag-santa-barbara-do-leste","tag-santa-rita-de-minas","tag-tambasa-atacadista","tag-ubaporanga"],"_links":{"self":[{"href":"https:\/\/aconteceunovale.com.br\/portal\/index.php?rest_route=\/wp\/v2\/posts\/105433","targetHints":{"allow":["GET"]}}],"collection":[{"href":"https:\/\/aconteceunovale.com.br\/portal\/index.php?rest_route=\/wp\/v2\/posts"}],"about":[{"href":"https:\/\/aconteceunovale.com.br\/portal\/index.php?rest_route=\/wp\/v2\/types\/post"}],"author":[{"embeddable":true,"href":"https:\/\/aconteceunovale.com.br\/portal\/index.php?rest_route=\/wp\/v2\/users\/1"}],"replies":[{"embeddable":true,"href":"https:\/\/aconteceunovale.com.br\/portal\/index.php?rest_route=%2Fwp%2Fv2%2Fcomments&post=105433"}],"version-history":[{"count":0,"href":"https:\/\/aconteceunovale.com.br\/portal\/index.php?rest_route=\/wp\/v2\/posts\/105433\/revisions"}],"wp:featuredmedia":[{"embeddable":true,"href":"https:\/\/aconteceunovale.com.br\/portal\/index.php?rest_route=\/wp\/v2\/media\/105428"}],"wp:attachment":[{"href":"https:\/\/aconteceunovale.com.br\/portal\/index.php?rest_route=%2Fwp%2Fv2%2Fmedia&parent=105433"}],"wp:term":[{"taxonomy":"category","embeddable":true,"href":"https:\/\/aconteceunovale.com.br\/portal\/index.php?rest_route=%2Fwp%2Fv2%2Fcategories&post=105433"},{"taxonomy":"post_tag","embeddable":true,"href":"https:\/\/aconteceunovale.com.br\/portal\/index.php?rest_route=%2Fwp%2Fv2%2Ftags&post=105433"}],"curies":[{"name":"wp","href":"https:\/\/api.w.org\/{rel}","templated":true}]}}