{"id":105415,"date":"2016-12-27T21:13:26","date_gmt":"2016-12-27T23:13:26","guid":{"rendered":"http:\/\/aconteceunovale.com.br\/portal\/?p=105415"},"modified":"2016-12-28T11:06:36","modified_gmt":"2016-12-28T13:06:36","slug":"estados-e-municipios-vao-receber-novos-recursos-da-repatriacao-diz-temer","status":"publish","type":"post","link":"https:\/\/aconteceunovale.com.br\/portal\/?p=105415","title":{"rendered":"Estados e munic\u00edpios v\u00e3o receber novos recursos da repatria\u00e7\u00e3o, diz Temer"},"content":{"rendered":"<p>O presidente da Rep\u00fablica, Michel Temer, afirmou que estados e munic\u00edpios tamb\u00e9m ser\u00e3o beneficiados pela multa do novo programa de repatria\u00e7\u00e3o de ativos no exterior. \u201cA Uni\u00e3o ser\u00e1 forte somente se forem fortes os Estados e os munic\u00edpios\u201d, afirmou.<\/p>\n<p>A fala dele ocorreu durante cerim\u00f4nia de an\u00fancio de investimentos em a\u00e7\u00f5es para a redu\u00e7\u00e3o dos efeitos da seca e acesso \u00e0 \u00e1gua em Alagoas. O evento ocorreu na manh\u00e3 desta ter\u00e7a-feira (27\/12\/2016).<\/p>\n<p>Em novembro passado, o Senado aprovou um projeto de lei que reabre o prazo para ades\u00e3o ao regime especial de repatria\u00e7\u00e3o de recursos do exterior. Agora, o texto est\u00e1 sob an\u00e1lise da C\u00e2mara dos Deputados, devendo seguir para san\u00e7\u00e3o do presidente Temer no pr\u00f3ximo semestre.<\/p>\n<p>Temer explicou que o programa de repatria\u00e7\u00e3o prev\u00ea o pagamento de 15% de Imposto de Renda e mais 15% de multa para trazer o dinheiro de volta ao Pa\u00eds. Inicialmente, apenas o valor arrecadado com o tributo seria repartido. Agora, garante Temer, a multa tamb\u00e9m entrar\u00e1 na divis\u00e3o.<\/p>\n<p><strong>Di\u00e1logo<\/strong><\/p>\n<p>O presidente ainda relatou que, com a entrada dos recursos, os governadores ponderaram tamb\u00e9m ter direito \u00e0 parte da arrecada\u00e7\u00e3o com as multas. <\/p>\n<p>\u201cN\u00f3s do governo federal, cientes e consciente de que temos de fortalecer os Estados brasileiros, decidimos dividir as multas dos Estados. Se dividir\u00edamos com os Estados, dividir\u00edamos tamb\u00e9m com os munic\u00edpios\u201d, argumentou.<\/p>\n<p><strong>Arrecada\u00e7\u00e3o<\/strong><\/p>\n<p>No caso da primeira rodada de repatria\u00e7\u00e3o, o governo federal atendeu a reivindica\u00e7\u00e3o dos governadores e editou a Medida Provis\u00f3ria 753\/2016, que partilha com os Estados e munic\u00edpios os recursos arrecadados com a multa do programa de repatria\u00e7\u00e3o. Com isso, haver\u00e1 um refor\u00e7o de caixa neste fim de ano.<\/p>\n<p>De acordo com a Receita Federal, foram regularizados aproximadamente R$ 170 bilh\u00f5es que estavam no exterior, e n\u00e3o eram declarados. Com a entrada desse valor no Pa\u00eds, o governo arrecadou R$ 46,8 bilh\u00f5es, dos quais R$ 23,4 bilh\u00f5es de Imposto de Renda e R$ 23,4 bilh\u00f5es de multa. <\/p>\n<p><img decoding=\"async\" src=\"http:\/\/aconteceunovale.com.br\/portal\/wp-content\/uploads\/2016\/12\/temer_alagoas.jpeg\" alt=\"\" \/><em>Michel Temer com o governador de Alagoas, Renan Filho (Foto: Beto Barata\/PR)<\/em><br \/>\n<\/br><\/p>\n<p><center><\/p>\n<h4>VER PRIMEIRO<\/h4>\n<p><strong>Receba as not\u00edcias do Aconteceu no Vale em primeira m\u00e3o. Acesse <a href=\"https:\/\/www.facebook.com\/aconteceunovale\" target=\"_blank\"><font color=\"red\">www.facebook.com\/aconteceunovale<\/font><\/a> e clique em curtir.<\/strong><\/center><\/p>\n<p><em>(Fonte: Portal Planalto)<\/em><\/p>\n","protected":false},"excerpt":{"rendered":"<p>O presidente da Rep\u00fablica, Michel Temer, afirmou que estados e munic\u00edpios tamb\u00e9m ser\u00e3o beneficiados pela multa do novo programa de repatria\u00e7\u00e3o de ativos no exterior. \u201cA Uni\u00e3o ser\u00e1 forte somente se forem fortes os Estados e os munic\u00edpios\u201d, afirmou. A fala dele ocorreu durante cerim\u00f4nia de an\u00fancio de investimentos em a\u00e7\u00f5es para a redu\u00e7\u00e3o dos [&hellip;]<\/p>\n","protected":false},"author":1,"featured_media":105417,"comment_status":"open","ping_status":"closed","sticky":false,"template":"","format":"standard","meta":{"amp_status":"","footnotes":""},"categories":[6],"tags":[132928,132927,94634,20181,132926,20321,132924,132925,96560,84466],"class_list":["post-105415","post","type-post","status-publish","format-standard","has-post-thumbnail","hentry","category-br","tag-diz-temer","tag-estados-e-municipios-vao-receber-novos-recursos-da-repatriacao","tag-governo-temer","tag-michel-temer","tag-multa-repatriacao","tag-presidente-da-republica","tag-programa-de-repatriacao","tag-recursos-do-programa-de-repatriacao-para-municipios","tag-repatriacao-de-recursos","tag-temer"],"_links":{"self":[{"href":"https:\/\/aconteceunovale.com.br\/portal\/index.php?rest_route=\/wp\/v2\/posts\/105415","targetHints":{"allow":["GET"]}}],"collection":[{"href":"https:\/\/aconteceunovale.com.br\/portal\/index.php?rest_route=\/wp\/v2\/posts"}],"about":[{"href":"https:\/\/aconteceunovale.com.br\/portal\/index.php?rest_route=\/wp\/v2\/types\/post"}],"author":[{"embeddable":true,"href":"https:\/\/aconteceunovale.com.br\/portal\/index.php?rest_route=\/wp\/v2\/users\/1"}],"replies":[{"embeddable":true,"href":"https:\/\/aconteceunovale.com.br\/portal\/index.php?rest_route=%2Fwp%2Fv2%2Fcomments&post=105415"}],"version-history":[{"count":0,"href":"https:\/\/aconteceunovale.com.br\/portal\/index.php?rest_route=\/wp\/v2\/posts\/105415\/revisions"}],"wp:featuredmedia":[{"embeddable":true,"href":"https:\/\/aconteceunovale.com.br\/portal\/index.php?rest_route=\/wp\/v2\/media\/105417"}],"wp:attachment":[{"href":"https:\/\/aconteceunovale.com.br\/portal\/index.php?rest_route=%2Fwp%2Fv2%2Fmedia&parent=105415"}],"wp:term":[{"taxonomy":"category","embeddable":true,"href":"https:\/\/aconteceunovale.com.br\/portal\/index.php?rest_route=%2Fwp%2Fv2%2Fcategories&post=105415"},{"taxonomy":"post_tag","embeddable":true,"href":"https:\/\/aconteceunovale.com.br\/portal\/index.php?rest_route=%2Fwp%2Fv2%2Ftags&post=105415"}],"curies":[{"name":"wp","href":"https:\/\/api.w.org\/{rel}","templated":true}]}}