{"id":105412,"date":"2016-12-27T21:04:40","date_gmt":"2016-12-27T23:04:40","guid":{"rendered":"http:\/\/aconteceunovale.com.br\/portal\/?p=105412"},"modified":"2016-12-28T11:06:42","modified_gmt":"2016-12-28T13:06:42","slug":"apos-polemica-governo-temer-cancela-licitacao-para-compra-milionaria-de-alimentos","status":"publish","type":"post","link":"https:\/\/aconteceunovale.com.br\/portal\/?p=105412","title":{"rendered":"Ap\u00f3s pol\u00eamica, governo Temer cancela licita\u00e7\u00e3o para compra milion\u00e1ria de alimentos"},"content":{"rendered":"<p>O ministro-chefe da Casa Civil, Eliseu Padilha, disse hoje (27) que o Pal\u00e1cio do Planalto decidiu cancelar o preg\u00e3o eletr\u00f4nico que faria a compra de 170 itens para almo\u00e7os, lanches e jantares durante as viagens do presidente Michel Temer em aeronaves presidenciais. Por meio de sua conta pessoal no Twitter, Padilha disse que o cancelamento ocorreu por \u201corienta\u00e7\u00e3o presidencial\u201d.<\/p>\n<p>A decis\u00e3o ocorreu ap\u00f3s a veicula\u00e7\u00e3o de reportagens nesta ter\u00e7a-feira com a descri\u00e7\u00e3o dos pre\u00e7os estipulados pela Presid\u00eancia da Rep\u00fablica como refer\u00eancia. Por meio de nota, a Secretaria de Comunica\u00e7\u00e3o do Pal\u00e1cio do Planalto informou que o presidente Michel Temer determinou a redu\u00e7\u00e3o de pre\u00e7os nas licita\u00e7\u00f5es, com rela\u00e7\u00e3o &#8220;ao que vinha sendo praticado anteriormente&#8221;. A orienta\u00e7\u00e3o vale para todas as aeronaves que servem ao governo.<\/p>\n<p>O preg\u00e3o, que ocorreria no pr\u00f3ximo dia 2 de janeiro, tinha estimativa de R$ 1,7 milh\u00e3o para compra de material e a presta\u00e7\u00e3o de servi\u00e7os pelo prazo de um ano. Como justificativa, o governo descreve que as viagens da Presid\u00eancia geralmente ocorrem em hor\u00e1rios que coincidem com as refei\u00e7\u00f5es, e pede que o abastecimento seja continuado e fornecido sob demanda.<\/p>\n<p>Entre os pedidos, junto a almo\u00e7os e jantares para o presidente e a comitiva de assessores que o acompanha, constam sorvetes, tortas de chocolate e bombons. Como refer\u00eancia, o Planalto utilizou marcas como o sorvete Haagen Dazs, estimado em R$ 15,09 cada, e que, com 500 unidades solicitadas, custaria mais de R$ 7 mil. Para uma tonelada e meia de torta de chocolate, o pre\u00e7o previsto seria de R$ 96.975.<\/p>\n<p>De acordo com o edital, seria contratada uma empresa especializada para prestar servi\u00e7o de comissaria a\u00e9rea nos voos, e o julgamento das propostas se daria pelo crit\u00e9rio de menor pre\u00e7o global, tendo os valores de refer\u00eancia como teto para a aceita\u00e7\u00e3o. Dentre os 170 itens est\u00e3o tamb\u00e9m potes de creme de avel\u00e3, de 350 gramas, tendo como refer\u00eancia a marca Nutella, ao pre\u00e7o de R$ 34 a unidade. Os 120 potes pedidos custariam, de acordo com essa refer\u00eancia, R$ 4 mil. <\/p>\n<p><img decoding=\"async\" src=\"http:\/\/aconteceunovale.com.br\/portal\/wp-content\/uploads\/2016\/12\/aviao_presidencial.jpg\" alt=\"\" \/><em>Avi\u00e3o presidencial (Foto: SGT Johnson\/Ag\u00eancia For\u00e7a A\u00e9rea)<\/em><br \/>\n<\/br><\/p>\n<p><center><\/p>\n<h4>VER PRIMEIRO<\/h4>\n<p><strong>Receba as not\u00edcias do Aconteceu no Vale em primeira m\u00e3o. Acesse <a href=\"https:\/\/www.facebook.com\/aconteceunovale\" target=\"_blank\"><font color=\"red\">www.facebook.com\/aconteceunovale<\/font><\/a> e clique em curtir.<\/strong><\/center><\/p>\n<p><em>(Fonte: Ag\u00eancia Brasil)<\/em><\/p>\n","protected":false},"excerpt":{"rendered":"<p>O ministro-chefe da Casa Civil, Eliseu Padilha, disse hoje (27) que o Pal\u00e1cio do Planalto decidiu cancelar o preg\u00e3o eletr\u00f4nico que faria a compra de 170 itens para almo\u00e7os, lanches e jantares durante as viagens do presidente Michel Temer em aeronaves presidenciais. Por meio de sua conta pessoal no Twitter, Padilha disse que o cancelamento [&hellip;]<\/p>\n","protected":false},"author":1,"featured_media":105413,"comment_status":"open","ping_status":"closed","sticky":false,"template":"","format":"standard","meta":{"amp_status":"","footnotes":""},"categories":[6],"tags":[132897,132921,132923,132922,132895,132894,132899,132896,132898,61731,94729],"class_list":["post-105412","post","type-post","status-publish","format-standard","has-post-thumbnail","hentry","category-br","tag-abastecer-o-aviao-do-presidente-michel-temer","tag-apos-polemica","tag-governo-temer-cancela-licitacao-para-compra-milionaria-de-alimentos","tag-governo-temer-cancela-licitacao-para-compra-milionaria-de-alimentos-para-aviao-presidencial","tag-lanches-de-michel-temer-no-aviao-presidencial","tag-lanches-de-michel-temer-no-aviao-presidencial-vao-custar-quase-r-2-milhoes","tag-lanches-de-michel-temer-no-aviao-presidencial-vao-custar-quase-r-2-milhoes-aos-cofres-publicos","tag-lanches-de-temer-no-aviao-presidencial","tag-lauro-jardim","tag-palacio-do-planalto","tag-presidente-michel-temer"],"_links":{"self":[{"href":"https:\/\/aconteceunovale.com.br\/portal\/index.php?rest_route=\/wp\/v2\/posts\/105412","targetHints":{"allow":["GET"]}}],"collection":[{"href":"https:\/\/aconteceunovale.com.br\/portal\/index.php?rest_route=\/wp\/v2\/posts"}],"about":[{"href":"https:\/\/aconteceunovale.com.br\/portal\/index.php?rest_route=\/wp\/v2\/types\/post"}],"author":[{"embeddable":true,"href":"https:\/\/aconteceunovale.com.br\/portal\/index.php?rest_route=\/wp\/v2\/users\/1"}],"replies":[{"embeddable":true,"href":"https:\/\/aconteceunovale.com.br\/portal\/index.php?rest_route=%2Fwp%2Fv2%2Fcomments&post=105412"}],"version-history":[{"count":0,"href":"https:\/\/aconteceunovale.com.br\/portal\/index.php?rest_route=\/wp\/v2\/posts\/105412\/revisions"}],"wp:featuredmedia":[{"embeddable":true,"href":"https:\/\/aconteceunovale.com.br\/portal\/index.php?rest_route=\/wp\/v2\/media\/105413"}],"wp:attachment":[{"href":"https:\/\/aconteceunovale.com.br\/portal\/index.php?rest_route=%2Fwp%2Fv2%2Fmedia&parent=105412"}],"wp:term":[{"taxonomy":"category","embeddable":true,"href":"https:\/\/aconteceunovale.com.br\/portal\/index.php?rest_route=%2Fwp%2Fv2%2Fcategories&post=105412"},{"taxonomy":"post_tag","embeddable":true,"href":"https:\/\/aconteceunovale.com.br\/portal\/index.php?rest_route=%2Fwp%2Fv2%2Ftags&post=105412"}],"curies":[{"name":"wp","href":"https:\/\/api.w.org\/{rel}","templated":true}]}}