{"id":105366,"date":"2016-12-27T17:47:42","date_gmt":"2016-12-27T19:47:42","guid":{"rendered":"http:\/\/aconteceunovale.com.br\/portal\/?p=105366"},"modified":"2016-12-28T11:10:57","modified_gmt":"2016-12-28T13:10:57","slug":"governador-entrega-maquinas-para-16-municipios-do-alto-jequitinhonha","status":"publish","type":"post","link":"https:\/\/aconteceunovale.com.br\/portal\/?p=105366","title":{"rendered":"Governador entrega m\u00e1quinas para 16 munic\u00edpios do Alto Jequitinhonha"},"content":{"rendered":"<p>O governador Fernando Pimentel estar\u00e1 nesta quarta-feira (28\/12\/2016) em Diamantina, Territ\u00f3rio Alto Jequitinhonha, quando entrega m\u00e1quinas de pavimenta\u00e7\u00e3o asf\u00e1ltica para o Cons\u00f3rcio Intermunicipal de Infraestrutura dos Munic\u00edpios da Amaje (CIIAmaje), beneficiando 16 munic\u00edpios da regi\u00e3o do Territ\u00f3rio. A a\u00e7\u00e3o \u00e9 desdobramento de uma das principais demandas dos F\u00f3runs Regionais de Governo na regi\u00e3o.<\/p>\n<p>O evento acontecer\u00e1 a partir das 10h, no sal\u00e3o de eventos do D&#8217;Avila Hall, na Avenida Jo\u00e3o Antunes de Oliveira, 869, no Bairro Cazuza.<\/p>\n<p>Os munic\u00edpios beneficiados s\u00e3o: Alvorada de Minas, Angel\u00e2ndia, Aricanduva, Capelinha, Carbonita, Couto de Magalh\u00e3es de Minas, Datas, Fel\u00edcio dos Santos, Itamarandiba, Leme do Prado, Minas Novas, Presidente Kubitschek, S\u00e3o Gon\u00e7alo do Rio Preto, Senador Modestino Gon\u00e7alves, Serro e Turmalina.<\/p>\n<p><center><\/p>\n<h4>VER PRIMEIRO<\/h4>\n<p><strong>Receba as not\u00edcias do Aconteceu no Vale em primeira m\u00e3o. Acesse <a href=\"https:\/\/www.facebook.com\/aconteceunovale\" target=\"_blank\"><font color=\"red\">www.facebook.com\/aconteceunovale<\/font><\/a> e clique em curtir.<\/strong><\/center><\/p>\n","protected":false},"excerpt":{"rendered":"<p>O governador Fernando Pimentel estar\u00e1 nesta quarta-feira (28\/12\/2016) em Diamantina, Territ\u00f3rio Alto Jequitinhonha, quando entrega m\u00e1quinas de pavimenta\u00e7\u00e3o asf\u00e1ltica para o Cons\u00f3rcio Intermunicipal de Infraestrutura dos Munic\u00edpios da Amaje (CIIAmaje), beneficiando 16 munic\u00edpios da regi\u00e3o do Territ\u00f3rio. A a\u00e7\u00e3o \u00e9 desdobramento de uma das principais demandas dos F\u00f3runs Regionais de Governo na regi\u00e3o. O evento [&hellip;]<\/p>\n","protected":false},"author":1,"featured_media":105367,"comment_status":"open","ping_status":"closed","sticky":false,"template":"","format":"standard","meta":{"amp_status":"","footnotes":""},"categories":[120],"tags":[972,657,551,132,557,132827,93962,4115,3279,198,879,12826,132828,29798,149,480,137,6762,783,439,154,178],"class_list":["post-105366","post","type-post","status-publish","format-standard","has-post-thumbnail","hentry","category-jequi","tag-alvorada-de-minas","tag-angelandia","tag-aricanduva","tag-capelinha","tag-carbonita","tag-ciiamaje","tag-consorcio-intermunicipal-de-infraestrutura-dos-municipios-da-amaje","tag-couto-de-magalhaes-de-minas","tag-datas","tag-diamantina","tag-felicio-dos-santos","tag-fernando-pimentel","tag-governador-entrega-maquinas-para-16-municipios-do-alto-jequitinhonha","tag-governador-fernando-pimentel","tag-itamarandiba","tag-leme-do-prado","tag-minas-novas","tag-presidente-kubitscheck","tag-sao-goncalo-do-rio-preto","tag-senador-modestino-goncalves","tag-serro","tag-turmalina"],"_links":{"self":[{"href":"https:\/\/aconteceunovale.com.br\/portal\/index.php?rest_route=\/wp\/v2\/posts\/105366","targetHints":{"allow":["GET"]}}],"collection":[{"href":"https:\/\/aconteceunovale.com.br\/portal\/index.php?rest_route=\/wp\/v2\/posts"}],"about":[{"href":"https:\/\/aconteceunovale.com.br\/portal\/index.php?rest_route=\/wp\/v2\/types\/post"}],"author":[{"embeddable":true,"href":"https:\/\/aconteceunovale.com.br\/portal\/index.php?rest_route=\/wp\/v2\/users\/1"}],"replies":[{"embeddable":true,"href":"https:\/\/aconteceunovale.com.br\/portal\/index.php?rest_route=%2Fwp%2Fv2%2Fcomments&post=105366"}],"version-history":[{"count":0,"href":"https:\/\/aconteceunovale.com.br\/portal\/index.php?rest_route=\/wp\/v2\/posts\/105366\/revisions"}],"wp:featuredmedia":[{"embeddable":true,"href":"https:\/\/aconteceunovale.com.br\/portal\/index.php?rest_route=\/wp\/v2\/media\/105367"}],"wp:attachment":[{"href":"https:\/\/aconteceunovale.com.br\/portal\/index.php?rest_route=%2Fwp%2Fv2%2Fmedia&parent=105366"}],"wp:term":[{"taxonomy":"category","embeddable":true,"href":"https:\/\/aconteceunovale.com.br\/portal\/index.php?rest_route=%2Fwp%2Fv2%2Fcategories&post=105366"},{"taxonomy":"post_tag","embeddable":true,"href":"https:\/\/aconteceunovale.com.br\/portal\/index.php?rest_route=%2Fwp%2Fv2%2Ftags&post=105366"}],"curies":[{"name":"wp","href":"https:\/\/api.w.org\/{rel}","templated":true}]}}