{"id":105364,"date":"2016-12-27T17:38:42","date_gmt":"2016-12-27T19:38:42","guid":{"rendered":"http:\/\/aconteceunovale.com.br\/portal\/?p=105364"},"modified":"2016-12-28T11:11:05","modified_gmt":"2016-12-28T13:11:05","slug":"homologado-o-resultado-final-do-concurso-publico-para-medico-do-hucf","status":"publish","type":"post","link":"https:\/\/aconteceunovale.com.br\/portal\/?p=105364","title":{"rendered":"Homologado o resultado final do Concurso P\u00fablico para m\u00e9dico do HUCF"},"content":{"rendered":"<p>Foi homologado pela\u00a0Universidade Estadual de Montes Claros (Unimontes), o resultado do Concurso P\u00fablico para M\u00e9dico Universit\u00e1rio, do Hospital Universit\u00e1rio Clemente de Faria. Foram aprovados 97 candidatos em 32 especialidades m\u00e9dicas. A solenidade de homologa\u00e7\u00e3o foi realizada nesta ter\u00e7a-feira (27\/12), no audit\u00f3rio do HUCF.<\/p>\n<p>O ato foi presidido pelo reitor Jo\u00e3o dos Reis Canela e pelo vice-reitor Antonio Alvimar Souza, que enalteceram a import\u00e2ncia do acontecimento para a melhoria das a\u00e7\u00f5es do HUCF.<\/p>\n<p>A rela\u00e7\u00e3o do nome dos 97 aprovados foi publicada no\u00a0Di\u00e1rio Oficial Minas Gerais,\u00a0desta ter\u00e7a-feira (21\/12). Uma das \u00e1reas n\u00e3o teve candidato aprovado e em outra, a quantidade de aprovados foi abaixo do n\u00famero de vagas.<\/p>\n<p>Eles concorreram \u00e0s vagas para as cargas hor\u00e1rias de 12 e 24 horas semanais. \u201cO Concurso P\u00fablico resulta de um trabalho de articula\u00e7\u00e3o junto \u00e0\u00a0Secretaria de Estado de Planejamento e Gest\u00e3o (Seplag)\u00a0e que contou &#8220;com a determina\u00e7\u00e3o e credibilidade do reitor Jo\u00e3o dos Reis Canela&#8221;.<\/p>\n<p>Ele destacou que o concurso proporciona um ganho extraordin\u00e1rio para os m\u00e9dicos que, al\u00e9m da seguran\u00e7a funcional e previdenci\u00e1ria, ter\u00e3o a equipara\u00e7\u00e3o salarial com a\u00a0Funda\u00e7\u00e3o Hospitalar do Estado de Minas Gerais (Fhemig).<\/p>\n<p>Jos\u00e9 Ot\u00e1vio lembrou que os trabalhos para a realiza\u00e7\u00e3o do Concurso P\u00fablico para M\u00e9dico Universit\u00e1rio foi iniciado em 2013, quando o HUCF recebeu a visita de uma comiss\u00e3o da Seplag, que verificou as condi\u00e7\u00f5es do Hospital e a necessidade de promo\u00e7\u00e3o do referido processo seletivo, analisando tamb\u00e9m as perspectivas de crescimento do hospital.<\/p>\n<p>Em dezembro de 2015, o concurso foi autorizado pelo Governo do Estado e as provas foram aplicadas em julho de 2016. Salientou que tamb\u00e9m ser\u00e1 proporcionada uma grande melhoria nas a\u00e7\u00f5es do HUCF, o \u00fanico da regi\u00e3o com atendimento 100% pelo Sistema \u00danico de Sa\u00fade (SUS), que ter\u00e1 um corpo cl\u00ednico efetivo e mais comprometido com a institui\u00e7\u00e3o.<\/p>\n<p>O reitor Jo\u00e3o dos Reis Canela enfatizou que, ao promover o concurso, a Unimontes atende o preceito da Constitui\u00e7\u00e3o Federal e &#8220;oferece aos profissionais m\u00e9dicos a oportunidade e a op\u00e7\u00e3o de trabalharem com a garantia da seguridade social&#8221;. Ele tamb\u00e9m enalteceu que a Universidade e o HUCF contam com a parceria do Minist\u00e9rio P\u00fablico \u2013 o &#8220;guardi\u00e3o-mor da aplica\u00e7\u00e3o da lei&#8221;.<\/p>\n<p><strong>Outros concursos<\/strong><\/p>\n<p>O reitor disse que o certame para a admiss\u00e3o m\u00e9dicos \u00e9 o primeiro de outros concursos semelhantes que dever\u00e3o ser realizados no \u00e2mbito do HUCF. &#8220;Pois, sabemos que o grupo de m\u00e9dicos aprovados nesse concurso ainda \u00e9 insuficiente para atender todas as demandas. Certamente, teremos que continuar trabalhando para que outros concursos venham ser realizados&#8221;, assegurou.<\/p>\n<p>Por sua vez, o vice-reitor Antonio Alvimar Souza lembrou que iniciativas como o concurso p\u00fablico visam garantir o pleno funcionamento do HUCF. &#8220;O nosso hospital est\u00e1 ficando de cara nova, com qualidade no ensino e no atendimento na \u00e1rea de sa\u00fade&#8221;, observou.<\/p>\n<p><strong>Pr\u00f3ximos passos<\/strong><\/p>\n<p>O diretor de Desenvolvimento de Recursos Humanos (DDRH) da Unimontes, Alysson Danilo Dantas Silva, explicou que, com a homologa\u00e7\u00e3o, oficializada tamb\u00e9m com a publica\u00e7\u00e3o no &#8220;Minas Gerais&#8221; desta ter\u00e7a-feira (27\/12), a Reitoria enviar\u00e1 a documenta\u00e7\u00e3o para a\u00a0Advocacia Geral do Estado (AGE), que vai avaliar a legalidade do concurso. Ap\u00f3s o parecer da AGE, haver\u00e1 o encaminhamento para a nomea\u00e7\u00e3o e in\u00edcio da posse dos profissionais aprovados.<\/p>\n<p>Dentro do que estabelece a lei, enquanto n\u00e3o \u00e9 efetivada a nomea\u00e7\u00e3o e posse, o Hospital Universit\u00e1rio pode contratar os aprovados no concurso em car\u00e1ter tempor\u00e1rio \u2013 mediante a assinatura de contratos administrativos, para suprir as necessidades de funcionamento da institui\u00e7\u00e3o e assegurar o atendimento \u00e0 popula\u00e7\u00e3o.<\/p>\n<p><strong>Expectativa<\/strong><\/p>\n<p>A homologa\u00e7\u00e3o foi comemorada pelos aprovados no concurso p\u00fablico do HUCF como Katya Regina Gandra Lafet\u00e1. &#8220;Com o concurso teremos assegurada a estabilidade funcional. Tamb\u00e9m haver\u00e1 a garantia do atendimento efetivo \u00e0 popula\u00e7\u00e3o, sem problemas no cumprimento das escalas de plant\u00e3o&#8221;, diz Katya Regina, aprovada para a \u00e1rea de Ginecologia e Obstetr\u00edcia.<\/p>\n<p>A especialidade com maior n\u00famero de aprovados no certame \u00e9 a de Pediatria (20 m\u00e9dicos) seguida de Anestesia (15). Na \u00e1rea de Ginecologia e Obstetr\u00edcia foram aprovados 14 profissionais no concurso p\u00fablico do HUCF, que prev\u00ea, ainda, o preenchimento de vagas em outras 29 especialidades, entre as quais: Ortopedia, Cl\u00ednica M\u00e9dica, Cirurgia (Geral, Pedi\u00e1trica, Tor\u00e1cica e Pl\u00e1stica), Anestesiologia, Dermatologia, Geriatria, Oftalmologia, Infectologia, Neurocirurgia, Psiquiatria, Patologia e Urologia. (Ag\u00eancia Minas)<\/p>\n<p><center><\/p>\n<h4>VER PRIMEIRO<\/h4>\n<p><strong>Receba as not\u00edcias do Aconteceu no Vale em primeira m\u00e3o. Acesse <a href=\"https:\/\/www.facebook.com\/aconteceunovale\" target=\"_blank\"><font color=\"red\">www.facebook.com\/aconteceunovale<\/font><\/a> e clique em curtir.<\/strong><\/center><\/p>\n","protected":false},"excerpt":{"rendered":"<p>Foi homologado pela\u00a0Universidade Estadual de Montes Claros (Unimontes), o resultado do Concurso P\u00fablico para M\u00e9dico Universit\u00e1rio, do Hospital Universit\u00e1rio Clemente de Faria. Foram aprovados 97 candidatos em 32 especialidades m\u00e9dicas. A solenidade de homologa\u00e7\u00e3o foi realizada nesta ter\u00e7a-feira (27\/12), no audit\u00f3rio do HUCF. O ato foi presidido pelo reitor Jo\u00e3o dos Reis Canela e pelo [&hellip;]<\/p>\n","protected":false},"author":1,"featured_media":99219,"comment_status":"open","ping_status":"closed","sticky":false,"template":"","format":"standard","meta":{"amp_status":"","footnotes":""},"categories":[40237,1236],"tags":[25598,132825,132826,132823,132822,3246,42698,25597,132824,763,18174],"class_list":["post-105364","post","type-post","status-publish","format-standard","has-post-thumbnail","hentry","category-concursos","category-norte_de_minas","tag-antonio-alvimar-souza","tag-concurso-hospital-universitario-clemente-de-faria","tag-concurso-publico-hospital-universitario-clemente-de-faria","tag-concurso-publico-para-medico-do-hucf","tag-homologado-o-resultado-final-do-concurso-publico-para-medico-do-hucf","tag-hospital-universitario-clemente-de-faria","tag-hucf","tag-joao-dos-reis-canela","tag-resultado-final-do-concurso-publico-para-medico-do-hucf","tag-unimontes","tag-universidade-estadual-de-montes-claros"],"_links":{"self":[{"href":"https:\/\/aconteceunovale.com.br\/portal\/index.php?rest_route=\/wp\/v2\/posts\/105364","targetHints":{"allow":["GET"]}}],"collection":[{"href":"https:\/\/aconteceunovale.com.br\/portal\/index.php?rest_route=\/wp\/v2\/posts"}],"about":[{"href":"https:\/\/aconteceunovale.com.br\/portal\/index.php?rest_route=\/wp\/v2\/types\/post"}],"author":[{"embeddable":true,"href":"https:\/\/aconteceunovale.com.br\/portal\/index.php?rest_route=\/wp\/v2\/users\/1"}],"replies":[{"embeddable":true,"href":"https:\/\/aconteceunovale.com.br\/portal\/index.php?rest_route=%2Fwp%2Fv2%2Fcomments&post=105364"}],"version-history":[{"count":0,"href":"https:\/\/aconteceunovale.com.br\/portal\/index.php?rest_route=\/wp\/v2\/posts\/105364\/revisions"}],"wp:featuredmedia":[{"embeddable":true,"href":"https:\/\/aconteceunovale.com.br\/portal\/index.php?rest_route=\/wp\/v2\/media\/99219"}],"wp:attachment":[{"href":"https:\/\/aconteceunovale.com.br\/portal\/index.php?rest_route=%2Fwp%2Fv2%2Fmedia&parent=105364"}],"wp:term":[{"taxonomy":"category","embeddable":true,"href":"https:\/\/aconteceunovale.com.br\/portal\/index.php?rest_route=%2Fwp%2Fv2%2Fcategories&post=105364"},{"taxonomy":"post_tag","embeddable":true,"href":"https:\/\/aconteceunovale.com.br\/portal\/index.php?rest_route=%2Fwp%2Fv2%2Ftags&post=105364"}],"curies":[{"name":"wp","href":"https:\/\/api.w.org\/{rel}","templated":true}]}}